{"id":61165,"date":"2019-10-03T08:54:57","date_gmt":"2019-10-03T11:54:57","guid":{"rendered":"https:\/\/eldiariodesanpedro.com.ar\/sitio\/?p=61165"},"modified":"2019-10-03T08:55:02","modified_gmt":"2019-10-03T11:55:02","slug":"anses-abonara-la-diferencia-entre-la-jubilacion-minima-y-el-82-del-smvm","status":"publish","type":"post","link":"https:\/\/eldiariodesanpedro.com.ar\/sitio\/anses-abonara-la-diferencia-entre-la-jubilacion-minima-y-el-82-del-smvm\/","title":{"rendered":"ANSES abonara la diferencia entre la jubilaci\u00f3n m\u00ednima y el 82% del SMVM"},"content":{"rendered":"<!-- VideographyWP Plugin Message: Automatic video embedding prevented by plugin options. -->\n\n<p>En el marco de la Ley 27.426 de Reforma Previsional,&nbsp;<strong>ANSES abonar\u00e1 durante octubre y noviembre el suplemento&nbsp;<\/strong>establecido en el art\u00edculo 125 bis de la Ley 24.241<strong>&nbsp;para alcanzar un haber equivalente al 82% del SMVM<\/strong>. En el caso de los beneficiarios que perciben el haber m\u00ednimo vigente, que hoy es de $12.937,22, el suplemento dinerario resultar\u00e1 de $900,28. Por tanto,<strong>&nbsp;el haber m\u00ednimo para m\u00e1s de 1.100.000 personas durante dichos meses ser\u00e1 de $13.837,50<\/strong>.<\/p>\n\n\n\n<p>Esta medida incluye a quienes se hayan jubilado bajo la Ley N\u00ba 24.241 que acrediten 30 a\u00f1os o m\u00e1s de servicios con aportes, incluidos los beneficios de Retiro Transitorio por Invalidez con aportes regulares; a aquellos que est\u00e9n comprendidos en reg\u00edmenes nacionales generales anteriores a dicha ley; a los beneficios correspondientes a las ex cajas o institutos provinciales o municipales de previsi\u00f3n que fueron transferidos al Estado Nacional; a reg\u00edmenes diferenciales o insalubres; a las pensiones directas o derivadas de los beneficios mencionados precedentemente; a las jubilaciones otorgadas por el R\u00e9gimen Previsional Especial para ex Soldados Combatientes de la Guerra de Malvinas Ley N\u00b0 27.329 y a las Pensiones Honor\u00edficas de Veteranos de la Guerra del Atl\u00e1ntico Sur creadas por la Ley N\u00b0 23.848.<\/p>\n\n\n\n<p>Quedan excluidos de esta medida los beneficiarios que hubiesen accedido al beneficio a trav\u00e9s de las moratorias previsionales.<\/p>\n","protected":false},"excerpt":{"rendered":"<p>En el marco de la Ley 27.426 de Reforma Previsional,&nbsp;ANSES abonar\u00e1 durante octubre y noviembre el suplemento&nbsp;establecido en el art\u00edculo 125 bis de la Ley 24.241&nbsp;para alcanzar un haber equivalente al 82% del SMVM. En el caso de los beneficiarios que perciben el haber m\u00ednimo vigente, que hoy es de $12.937,22, el suplemento dinerario resultar\u00e1 [&hellip;]<\/p>\n","protected":false},"author":4,"featured_media":61166,"comment_status":"open","ping_status":"closed","sticky":false,"template":"","format":"standard","meta":{"om_disable_all_campaigns":false,"_jetpack_memberships_contains_paid_content":false,"footnotes":""},"categories":[621],"tags":[],"class_list":["post-61165","post","type-post","status-publish","format-standard","has-post-thumbnail","hentry","category-regionales"],"aioseo_notices":[],"gutentor_comment":0,"jetpack_featured_media_url":"https:\/\/eldiariodesanpedro.com.ar\/sitio\/wp-content\/uploads\/2019\/10\/anses-5.jpg","jetpack_shortlink":"https:\/\/wp.me\/p6RhLt-fUx","jetpack_sharing_enabled":true,"_links":{"self":[{"href":"https:\/\/eldiariodesanpedro.com.ar\/sitio\/wp-json\/wp\/v2\/posts\/61165","targetHints":{"allow":["GET"]}}],"collection":[{"href":"https:\/\/eldiariodesanpedro.com.ar\/sitio\/wp-json\/wp\/v2\/posts"}],"about":[{"href":"https:\/\/eldiariodesanpedro.com.ar\/sitio\/wp-json\/wp\/v2\/types\/post"}],"author":[{"embeddable":true,"href":"https:\/\/eldiariodesanpedro.com.ar\/sitio\/wp-json\/wp\/v2\/users\/4"}],"replies":[{"embeddable":true,"href":"https:\/\/eldiariodesanpedro.com.ar\/sitio\/wp-json\/wp\/v2\/comments?post=61165"}],"version-history":[{"count":1,"href":"https:\/\/eldiariodesanpedro.com.ar\/sitio\/wp-json\/wp\/v2\/posts\/61165\/revisions"}],"predecessor-version":[{"id":61167,"href":"https:\/\/eldiariodesanpedro.com.ar\/sitio\/wp-json\/wp\/v2\/posts\/61165\/revisions\/61167"}],"wp:featuredmedia":[{"embeddable":true,"href":"https:\/\/eldiariodesanpedro.com.ar\/sitio\/wp-json\/wp\/v2\/media\/61166"}],"wp:attachment":[{"href":"https:\/\/eldiariodesanpedro.com.ar\/sitio\/wp-json\/wp\/v2\/media?parent=61165"}],"wp:term":[{"taxonomy":"category","embeddable":true,"href":"https:\/\/eldiariodesanpedro.com.ar\/sitio\/wp-json\/wp\/v2\/categories?post=61165"},{"taxonomy":"post_tag","embeddable":true,"href":"https:\/\/eldiariodesanpedro.com.ar\/sitio\/wp-json\/wp\/v2\/tags?post=61165"}],"curies":[{"name":"wp","href":"https:\/\/api.w.org\/{rel}","templated":true}]}}