{"id":61154,"date":"2019-10-02T18:11:40","date_gmt":"2019-10-02T21:11:40","guid":{"rendered":"https:\/\/eldiariodesanpedro.com.ar\/sitio\/?p=61154"},"modified":"2019-10-02T18:29:09","modified_gmt":"2019-10-02T21:29:09","slug":"este-jueves-llega-estela-de-carlotto-a-san-pedro","status":"publish","type":"post","link":"https:\/\/eldiariodesanpedro.com.ar\/sitio\/este-jueves-llega-estela-de-carlotto-a-san-pedro\/","title":{"rendered":"Este jueves llega Estela de Carlotto a San Pedro"},"content":{"rendered":"<!-- VideographyWP Plugin Message: Automatic video embedding prevented by plugin options. -->\n\n<p> La llegada de la Presidenta de las Abuelas de Plaza de Mayo ser\u00e1 acompa\u00f1ada por una jornada de estudiantes secundarios, que participar\u00e1n en talleres\u00a0de Medios, Arte, Participaci\u00f3n Ciudadana, Literatura e Identidad. Ser\u00e1n en total m\u00e1s de 500 alumnos\/as. Estela de Carlotto ser\u00e1 distinguida como \u00abHu\u00e9sped de Honor\u00bb a las 11.00 en el Concejo Deliberante, luego atender\u00e1 a la prensa local y a las 14.00 brindar\u00e1 una charla abierta a la comunidad. <\/p>\n\n\n\n<figure class=\"wp-block-image\"><img decoding=\"async\" width=\"728\" height=\"500\" data-attachment-id=\"61155\" data-permalink=\"https:\/\/eldiariodesanpedro.com.ar\/sitio\/este-jueves-llega-estela-de-carlotto-a-san-pedro\/estela-de-carlotto-03\/\" data-orig-file=\"https:\/\/eldiariodesanpedro.com.ar\/sitio\/wp-content\/uploads\/2019\/10\/estela-de-carlotto-03.jpg\" data-orig-size=\"728,500\" data-comments-opened=\"1\" data-image-meta=\"{&quot;aperture&quot;:&quot;0&quot;,&quot;credit&quot;:&quot;&quot;,&quot;camera&quot;:&quot;&quot;,&quot;caption&quot;:&quot;&quot;,&quot;created_timestamp&quot;:&quot;0&quot;,&quot;copyright&quot;:&quot;&quot;,&quot;focal_length&quot;:&quot;0&quot;,&quot;iso&quot;:&quot;0&quot;,&quot;shutter_speed&quot;:&quot;0&quot;,&quot;title&quot;:&quot;&quot;,&quot;orientation&quot;:&quot;0&quot;}\" data-image-title=\"estela-de-carlotto-03\" data-image-description=\"\" data-image-caption=\"\" data-large-file=\"https:\/\/eldiariodesanpedro.com.ar\/sitio\/wp-content\/uploads\/2019\/10\/estela-de-carlotto-03.jpg\" data-src=\"https:\/\/eldiariodesanpedro.com.ar\/sitio\/wp-content\/uploads\/2019\/10\/estela-de-carlotto-03.jpg\" alt=\"\" class=\"wp-image-61155 lazyload\" data-srcset=\"https:\/\/eldiariodesanpedro.com.ar\/sitio\/wp-content\/uploads\/2019\/10\/estela-de-carlotto-03.jpg 728w, https:\/\/eldiariodesanpedro.com.ar\/sitio\/wp-content\/uploads\/2019\/10\/estela-de-carlotto-03-300x206.jpg 300w, https:\/\/eldiariodesanpedro.com.ar\/sitio\/wp-content\/uploads\/2019\/10\/estela-de-carlotto-03-130x90.jpg 130w\" data-sizes=\"(max-width: 728px) 100vw, 728px\" src=\"data:image\/svg+xml;base64,PHN2ZyB3aWR0aD0iMSIgaGVpZ2h0PSIxIiB4bWxucz0iaHR0cDovL3d3dy53My5vcmcvMjAwMC9zdmciPjwvc3ZnPg==\" style=\"--smush-placeholder-width: 728px; --smush-placeholder-aspect-ratio: 728\/500;\" \/><\/figure>\n\n\n\n<p>Estela de Carlotto es sin dudas una de los emblemas de la lucha por los Derechos Humanos en el mundo y llegar\u00e1 a San Pedro este jueves 3, convocada por la Mesa por la Memoria, la Verdad y la Justicia.<\/p>\n\n\n\n<p>A las 11.00, la Presidenta de Abuelas de Plaza de Mayo ser\u00e1 distinguida como \u00abHu\u00e9sped de Honor\u00bb, distinci\u00f3n que vot\u00f3 el Concejo Deliberante por unanimidad en la \u00faltima sesi\u00f3n ordinaria del cuerpo. En el Sal\u00f3n Dorado de la Municipalidad habr\u00e1, adem\u00e1s, conferencia de prensa con los medios locales, una vez finalizada la ceremonia.<\/p>\n\n\n\n<p>A las 14.00, en tanto, la activista brindar\u00e1 una charla abierta a la comunidad en el Club de Pescadores, a la que podr\u00e1n asistir todos\/as aquellos\/as interesados\/as en escuchar sobre la historia de Estela de Carlotto pero principalmente por la lucha de las Abuelas y organizaciones de Derechos Humanos, surgidas en nuestro pa\u00eds tras el per\u00edodo m\u00e1s oscuro de la historia argentina, con la \u00faltima Dictadura C\u00edvico Militar y Eclesi\u00e1stica,<\/p>\n\n\n\n<p>La charla coincidir\u00e1 con el cierre de una jornada de estudiantes de escuelas secundarias del partido de San Pedro, coordinados por un grupo de comprometidos\/as docentes. Ser\u00e1n m\u00e1s de 500 alumnos\/as los que debatir\u00e1n en talleres de&nbsp;Medios, Arte, Participaci\u00f3n Ciudadana, Literatura e Identidad, desde las 08.30.&nbsp;<\/p>\n\n\n\n<p>La jornada, bajo el lema \u00abJ\u00f3venes resignificando la memoria colectiva. Para ser futuro hay que ser presente\u00bb, se desarrollar\u00e1 tambi\u00e9n en el Club de Pescadores y N\u00e1utica de San Pedro.\u00a0<\/p>\n\n\n\n<p>Fuente Vision Regional<\/p>\n\n\n\n<p>Abuelas de Plaza de Mayo es una organizaci\u00f3n no gubernamental creada en 1977 cuyo objetivo es localizar y restituir a sus leg\u00edtimas familias todos los ni\u00f1os desaparecidos por la \u00faltima dictadura argentina. <\/p>\n\n\n\n<figure class=\"wp-block-image\"><img decoding=\"async\" width=\"796\" height=\"475\" data-attachment-id=\"61159\" data-permalink=\"https:\/\/eldiariodesanpedro.com.ar\/sitio\/este-jueves-llega-estela-de-carlotto-a-san-pedro\/imagengaleria_4-marcha-1987-buscamos-dos-generaciones_796\/\" data-orig-file=\"https:\/\/eldiariodesanpedro.com.ar\/sitio\/wp-content\/uploads\/2019\/10\/imagenGaleria_4-Marcha-1987-Buscamos-dos-generaciones_796.jpg\" data-orig-size=\"796,475\" data-comments-opened=\"1\" data-image-meta=\"{&quot;aperture&quot;:&quot;0&quot;,&quot;credit&quot;:&quot;&quot;,&quot;camera&quot;:&quot;&quot;,&quot;caption&quot;:&quot;&quot;,&quot;created_timestamp&quot;:&quot;0&quot;,&quot;copyright&quot;:&quot;&quot;,&quot;focal_length&quot;:&quot;0&quot;,&quot;iso&quot;:&quot;0&quot;,&quot;shutter_speed&quot;:&quot;0&quot;,&quot;title&quot;:&quot;&quot;,&quot;orientation&quot;:&quot;0&quot;}\" data-image-title=\"imagenGaleria_4-Marcha-1987-Buscamos-dos-generaciones_796\" data-image-description=\"\" data-image-caption=\"\" data-large-file=\"https:\/\/eldiariodesanpedro.com.ar\/sitio\/wp-content\/uploads\/2019\/10\/imagenGaleria_4-Marcha-1987-Buscamos-dos-generaciones_796.jpg\" data-src=\"https:\/\/eldiariodesanpedro.com.ar\/sitio\/wp-content\/uploads\/2019\/10\/imagenGaleria_4-Marcha-1987-Buscamos-dos-generaciones_796.jpg\" alt=\"\" class=\"wp-image-61159 lazyload\" data-srcset=\"https:\/\/eldiariodesanpedro.com.ar\/sitio\/wp-content\/uploads\/2019\/10\/imagenGaleria_4-Marcha-1987-Buscamos-dos-generaciones_796.jpg 796w, https:\/\/eldiariodesanpedro.com.ar\/sitio\/wp-content\/uploads\/2019\/10\/imagenGaleria_4-Marcha-1987-Buscamos-dos-generaciones_796-300x179.jpg 300w, https:\/\/eldiariodesanpedro.com.ar\/sitio\/wp-content\/uploads\/2019\/10\/imagenGaleria_4-Marcha-1987-Buscamos-dos-generaciones_796-768x458.jpg 768w\" data-sizes=\"(max-width: 796px) 100vw, 796px\" src=\"data:image\/svg+xml;base64,PHN2ZyB3aWR0aD0iMSIgaGVpZ2h0PSIxIiB4bWxucz0iaHR0cDovL3d3dy53My5vcmcvMjAwMC9zdmciPjwvc3ZnPg==\" style=\"--smush-placeholder-width: 796px; --smush-placeholder-aspect-ratio: 796\/475;\" \/><\/figure>\n\n\n\n<p>El 24 de marzo de 1976 las Fuerzas Armadas se adue\u00f1aron del poder en&nbsp;la Argentina&nbsp;por medio de un golpe de estado. El r\u00e9gimen militar, que se autodenomin\u00f3 \u201cProceso de Reorganizaci\u00f3n Nacional\u201d, desapareci\u00f3 a 30.000 personas de todas las edades y condiciones sociales. Centenares de beb\u00e9s fueron secuestrados con sus padres o nacieron durante el cautiverio de sus madres embarazadas.<\/p>\n\n\n\n<p>En&nbsp;la ESMA, Campo de Mayo, Pozo de Banfield y otros centros de detenci\u00f3n de la dictadura, funcionaron verdaderas maternidades clandestinas, incluso con listas de matrimonios en \u201cespera\u201d de un nacimiento, y unos 500 hijos de desaparecidos fueron apropiados como \u201cbot\u00edn de guerra\u201d por las fuerzas de represi\u00f3n. Algunos ni\u00f1os fueron entregados directamente a familias de militares, otros abandonados en institutos como NN, otros vendidos. En todos los casos les anularon su identidad y los privaron de vivir con sus leg\u00edtimas familias, de sus derechos y de su libertad.<\/p>\n\n\n\n<p>Nada ni nadie detuvo a las Abuelas de Plaza de Mayo para buscar a los hijos de sus hijos. Tareas detectivescas se alternaban con diarias visitas a los juzgados de menores, orfanatos, oficinas p\u00fablicas, a la vez que investigaban las adopciones de la \u00e9poca. Tambi\u00e9n recib\u00edan las informaciones que la sociedad les hac\u00eda llegar sobre sus posibles nietos.<\/p>\n\n\n\n<p>Las Abuelas siguen buscando a sus nietos, hoy adultos, pero tambi\u00e9n a sus bisnietos -que, como sus padres, ven violado su derecho a la identidad-, y con esta finalidad trabajan los equipos t\u00e9cnicos de la instituci\u00f3n, adem\u00e1s de crear las condiciones para que nunca m\u00e1s se repita tan terrible violaci\u00f3n de los derechos de los ni\u00f1os y exigir castigo a todos los responsables de estos grav\u00edsimos delitos.<\/p>\n","protected":false},"excerpt":{"rendered":"<p>La llegada de la Presidenta de las Abuelas de Plaza de Mayo ser\u00e1 acompa\u00f1ada por una jornada de estudiantes secundarios, que participar\u00e1n en talleres\u00a0de Medios, Arte, Participaci\u00f3n Ciudadana, Literatura e Identidad. Ser\u00e1n en total m\u00e1s de 500 alumnos\/as. Estela de Carlotto ser\u00e1 distinguida como \u00abHu\u00e9sped de Honor\u00bb a las 11.00 en el Concejo Deliberante, luego [&hellip;]<\/p>\n","protected":false},"author":4,"featured_media":61157,"comment_status":"open","ping_status":"closed","sticky":false,"template":"","format":"standard","meta":{"om_disable_all_campaigns":false,"_jetpack_memberships_contains_paid_content":false,"footnotes":""},"categories":[101,2],"tags":[],"class_list":["post-61154","post","type-post","status-publish","format-standard","has-post-thumbnail","hentry","category-interes-general-locales","category-locales"],"aioseo_notices":[],"gutentor_comment":0,"jetpack_featured_media_url":"https:\/\/eldiariodesanpedro.com.ar\/sitio\/wp-content\/uploads\/2019\/10\/carlotto_42.jpg","jetpack_shortlink":"https:\/\/wp.me\/p6RhLt-fUm","jetpack_sharing_enabled":true,"_links":{"self":[{"href":"https:\/\/eldiariodesanpedro.com.ar\/sitio\/wp-json\/wp\/v2\/posts\/61154","targetHints":{"allow":["GET"]}}],"collection":[{"href":"https:\/\/eldiariodesanpedro.com.ar\/sitio\/wp-json\/wp\/v2\/posts"}],"about":[{"href":"https:\/\/eldiariodesanpedro.com.ar\/sitio\/wp-json\/wp\/v2\/types\/post"}],"author":[{"embeddable":true,"href":"https:\/\/eldiariodesanpedro.com.ar\/sitio\/wp-json\/wp\/v2\/users\/4"}],"replies":[{"embeddable":true,"href":"https:\/\/eldiariodesanpedro.com.ar\/sitio\/wp-json\/wp\/v2\/comments?post=61154"}],"version-history":[{"count":2,"href":"https:\/\/eldiariodesanpedro.com.ar\/sitio\/wp-json\/wp\/v2\/posts\/61154\/revisions"}],"predecessor-version":[{"id":61161,"href":"https:\/\/eldiariodesanpedro.com.ar\/sitio\/wp-json\/wp\/v2\/posts\/61154\/revisions\/61161"}],"wp:featuredmedia":[{"embeddable":true,"href":"https:\/\/eldiariodesanpedro.com.ar\/sitio\/wp-json\/wp\/v2\/media\/61157"}],"wp:attachment":[{"href":"https:\/\/eldiariodesanpedro.com.ar\/sitio\/wp-json\/wp\/v2\/media?parent=61154"}],"wp:term":[{"taxonomy":"category","embeddable":true,"href":"https:\/\/eldiariodesanpedro.com.ar\/sitio\/wp-json\/wp\/v2\/categories?post=61154"},{"taxonomy":"post_tag","embeddable":true,"href":"https:\/\/eldiariodesanpedro.com.ar\/sitio\/wp-json\/wp\/v2\/tags?post=61154"}],"curies":[{"name":"wp","href":"https:\/\/api.w.org\/{rel}","templated":true}]}}