{"id":61151,"date":"2019-10-02T17:56:23","date_gmt":"2019-10-02T20:56:23","guid":{"rendered":"https:\/\/eldiariodesanpedro.com.ar\/sitio\/?p=61151"},"modified":"2019-10-02T17:56:27","modified_gmt":"2019-10-02T20:56:27","slug":"juegos-bonaerenses-medalla-de-oro-para-ana-gamietea-en-patin-artistico","status":"publish","type":"post","link":"https:\/\/eldiariodesanpedro.com.ar\/sitio\/juegos-bonaerenses-medalla-de-oro-para-ana-gamietea-en-patin-artistico\/","title":{"rendered":"Juegos Bonaerenses: Medalla de oro para Ana Gamietea en Pat\u00edn Art\u00edstico"},"content":{"rendered":"<!-- VideographyWP Plugin Message: Automatic video embedding prevented by plugin options. -->\n\n<p>La representante sampedrina obtuvo el primer puesto en la competencia que se desarroll\u00f3 en el CEF N\u00b0 1 de Mar del Plata. Hoy concluyen las competencias.\u00a0<\/p>\n\n\n\n<p>Excelente jornada para la delegaci\u00f3n sampedrina en estos Juegos Bonaerenses. \u00a0La patinadora Ana Gamietea obtuvo la medalla dorada en la categor\u00eda Cuarta C U16, por su parte su compa\u00f1era Sof\u00eda Baca se qued\u00f3 con la medalla de bronce en Primera C U16.<br>Estas se suman a las destacadas participaciones de las patinadoras Valentina Cejas y Martina Figueredo que culminaron en 4\u00b0 y 6\u00b0 posici\u00f3n en sus respectivas categor\u00edas.<\/p>\n\n\n\n<p><br>Los equipos de Voley (2-1), Futsal (2-1) y Softbol (15-0), fueron derrotados por sus oponentes, mientras que F\u00fatbol PCD empat\u00f3 2-2 y Handball venci\u00f3 25-13 a La Matanza. Ambos conjuntos ir\u00e1n ma\u00f1ana por su pase a las finales.<\/p>\n\n\n\n<p>La tenista Lara Agusti, ya se asegur\u00f3 una medalla, al vencer con contundencia, a sus dos retadoras de la jornada de hoy y avanzar a las semifinales donde se enfrentar\u00e1 con la representante de Exaltaci\u00f3n de la Cruz por el pase a la final.<\/p>\n\n\n\n<p><br>En Atletismo, Brian Moreno avanz\u00f3 a la final de los 400 mts y la Posta 5&#215;80 tambi\u00e9n disputar\u00e1 la final \u00e9ste mi\u00e9rcoles. Kevin Caballero culmin\u00f3 en la 7\u00b0 posici\u00f3n en salto en largo y Milagros Deveze se ubic\u00f3 5\u00b0en 2000 mts.<\/p>\n\n\n\n<p>Por su parte, en Ajedrez, los representantes sampedrinos Feliciano Mozzi y Sasha Medina, completar\u00e1n ma\u00f1ana su participaci\u00f3n en estos Juegos Bonaerenses, a falta de una ronda.<br><br>La jornada de este mi\u00e9rcoles tendr\u00e1 actividad en Tenis, Nataci\u00f3n PCD, F\u00fatbol PCD, Handball, Ajedrez y Atletismo.<\/p>\n","protected":false},"excerpt":{"rendered":"<p>La representante sampedrina obtuvo el primer puesto en la competencia que se desarroll\u00f3 en el CEF N\u00b0 1 de Mar del Plata. Hoy concluyen las competencias.\u00a0 Excelente jornada para la delegaci\u00f3n sampedrina en estos Juegos Bonaerenses. \u00a0La patinadora Ana Gamietea obtuvo la medalla dorada en la categor\u00eda Cuarta C U16, por su parte su compa\u00f1era [&hellip;]<\/p>\n","protected":false},"author":4,"featured_media":61152,"comment_status":"open","ping_status":"closed","sticky":false,"template":"","format":"standard","meta":{"om_disable_all_campaigns":false,"_jetpack_memberships_contains_paid_content":false,"footnotes":""},"categories":[50,101,2],"tags":[],"class_list":["post-61151","post","type-post","status-publish","format-standard","has-post-thumbnail","hentry","category-destacadas","category-interes-general-locales","category-locales"],"aioseo_notices":[],"gutentor_comment":0,"jetpack_featured_media_url":"https:\/\/eldiariodesanpedro.com.ar\/sitio\/wp-content\/uploads\/2019\/10\/000080198.jpg","jetpack_shortlink":"https:\/\/wp.me\/p6RhLt-fUj","jetpack_sharing_enabled":true,"_links":{"self":[{"href":"https:\/\/eldiariodesanpedro.com.ar\/sitio\/wp-json\/wp\/v2\/posts\/61151","targetHints":{"allow":["GET"]}}],"collection":[{"href":"https:\/\/eldiariodesanpedro.com.ar\/sitio\/wp-json\/wp\/v2\/posts"}],"about":[{"href":"https:\/\/eldiariodesanpedro.com.ar\/sitio\/wp-json\/wp\/v2\/types\/post"}],"author":[{"embeddable":true,"href":"https:\/\/eldiariodesanpedro.com.ar\/sitio\/wp-json\/wp\/v2\/users\/4"}],"replies":[{"embeddable":true,"href":"https:\/\/eldiariodesanpedro.com.ar\/sitio\/wp-json\/wp\/v2\/comments?post=61151"}],"version-history":[{"count":1,"href":"https:\/\/eldiariodesanpedro.com.ar\/sitio\/wp-json\/wp\/v2\/posts\/61151\/revisions"}],"predecessor-version":[{"id":61153,"href":"https:\/\/eldiariodesanpedro.com.ar\/sitio\/wp-json\/wp\/v2\/posts\/61151\/revisions\/61153"}],"wp:featuredmedia":[{"embeddable":true,"href":"https:\/\/eldiariodesanpedro.com.ar\/sitio\/wp-json\/wp\/v2\/media\/61152"}],"wp:attachment":[{"href":"https:\/\/eldiariodesanpedro.com.ar\/sitio\/wp-json\/wp\/v2\/media?parent=61151"}],"wp:term":[{"taxonomy":"category","embeddable":true,"href":"https:\/\/eldiariodesanpedro.com.ar\/sitio\/wp-json\/wp\/v2\/categories?post=61151"},{"taxonomy":"post_tag","embeddable":true,"href":"https:\/\/eldiariodesanpedro.com.ar\/sitio\/wp-json\/wp\/v2\/tags?post=61151"}],"curies":[{"name":"wp","href":"https:\/\/api.w.org\/{rel}","templated":true}]}}