{"id":61148,"date":"2019-10-02T10:47:40","date_gmt":"2019-10-02T13:47:40","guid":{"rendered":"https:\/\/eldiariodesanpedro.com.ar\/sitio\/?p=61148"},"modified":"2019-10-02T10:47:44","modified_gmt":"2019-10-02T13:47:44","slug":"le-robaron-el-estereo-del-auto","status":"publish","type":"post","link":"https:\/\/eldiariodesanpedro.com.ar\/sitio\/le-robaron-el-estereo-del-auto\/","title":{"rendered":"Le robaron el est\u00e9reo del auto"},"content":{"rendered":"<!-- VideographyWP Plugin Message: Automatic video embedding prevented by plugin options. -->\n\n<p>El veh\u00edculo se encontraba estacionado en la v\u00eda publica, su propietario constato el hecho horas despu\u00e9s.<\/p>\n\n\n\n<p> Sucedi\u00f3 en inmediaciones de calle Bottaro, delincuentes lograron violentar la puerta de un autom\u00f3vil que se encontraba estacionado y sustraer el est\u00e9reo y efectos personales.<\/p>\n\n\n\n<p>Fue radicada la denuncia en la dependencia local e interviene la fiscalia en turno.<\/p>\n","protected":false},"excerpt":{"rendered":"<p>El veh\u00edculo se encontraba estacionado en la v\u00eda publica, su propietario constato el hecho horas despu\u00e9s. Sucedi\u00f3 en inmediaciones de calle Bottaro, delincuentes lograron violentar la puerta de un autom\u00f3vil que se encontraba estacionado y sustraer el est\u00e9reo y efectos personales. Fue radicada la denuncia en la dependencia local e interviene la fiscalia en turno.<\/p>\n","protected":false},"author":4,"featured_media":60956,"comment_status":"open","ping_status":"closed","sticky":false,"template":"","format":"standard","meta":{"om_disable_all_campaigns":false,"_jetpack_memberships_contains_paid_content":false,"footnotes":""},"categories":[2,103],"tags":[],"class_list":["post-61148","post","type-post","status-publish","format-standard","has-post-thumbnail","hentry","category-locales","category-policiales-locales"],"aioseo_notices":[],"gutentor_comment":0,"jetpack_featured_media_url":"https:\/\/eldiariodesanpedro.com.ar\/sitio\/wp-content\/uploads\/2019\/09\/nuevos-patrulleros-policia-02_5.jpg","jetpack_shortlink":"https:\/\/wp.me\/p6RhLt-fUg","jetpack_sharing_enabled":true,"_links":{"self":[{"href":"https:\/\/eldiariodesanpedro.com.ar\/sitio\/wp-json\/wp\/v2\/posts\/61148","targetHints":{"allow":["GET"]}}],"collection":[{"href":"https:\/\/eldiariodesanpedro.com.ar\/sitio\/wp-json\/wp\/v2\/posts"}],"about":[{"href":"https:\/\/eldiariodesanpedro.com.ar\/sitio\/wp-json\/wp\/v2\/types\/post"}],"author":[{"embeddable":true,"href":"https:\/\/eldiariodesanpedro.com.ar\/sitio\/wp-json\/wp\/v2\/users\/4"}],"replies":[{"embeddable":true,"href":"https:\/\/eldiariodesanpedro.com.ar\/sitio\/wp-json\/wp\/v2\/comments?post=61148"}],"version-history":[{"count":1,"href":"https:\/\/eldiariodesanpedro.com.ar\/sitio\/wp-json\/wp\/v2\/posts\/61148\/revisions"}],"predecessor-version":[{"id":61149,"href":"https:\/\/eldiariodesanpedro.com.ar\/sitio\/wp-json\/wp\/v2\/posts\/61148\/revisions\/61149"}],"wp:featuredmedia":[{"embeddable":true,"href":"https:\/\/eldiariodesanpedro.com.ar\/sitio\/wp-json\/wp\/v2\/media\/60956"}],"wp:attachment":[{"href":"https:\/\/eldiariodesanpedro.com.ar\/sitio\/wp-json\/wp\/v2\/media?parent=61148"}],"wp:term":[{"taxonomy":"category","embeddable":true,"href":"https:\/\/eldiariodesanpedro.com.ar\/sitio\/wp-json\/wp\/v2\/categories?post=61148"},{"taxonomy":"post_tag","embeddable":true,"href":"https:\/\/eldiariodesanpedro.com.ar\/sitio\/wp-json\/wp\/v2\/tags?post=61148"}],"curies":[{"name":"wp","href":"https:\/\/api.w.org\/{rel}","templated":true}]}}