{"id":61144,"date":"2019-10-02T10:38:33","date_gmt":"2019-10-02T13:38:33","guid":{"rendered":"https:\/\/eldiariodesanpedro.com.ar\/sitio\/?p=61144"},"modified":"2019-10-02T10:38:38","modified_gmt":"2019-10-02T13:38:38","slug":"san-nicolas-culmino-la-obra-hidraulica-integral-de-la-emilia","status":"publish","type":"post","link":"https:\/\/eldiariodesanpedro.com.ar\/sitio\/san-nicolas-culmino-la-obra-hidraulica-integral-de-la-emilia\/","title":{"rendered":"SAN NICOL\u00c1S | Culmin\u00f3 la obra hidr\u00e1ulica integral de La Emilia"},"content":{"rendered":"<!-- VideographyWP Plugin Message: Automatic video embedding prevented by plugin options. -->\n\n<p>La localidad de La Emilia celebra hoy 127 a\u00f1os de vida. Y lo hace con algo importante por celebrar. El viernes \u00faltimo qued\u00f3 formalmente terminada la obra hidr\u00e1ulica integral que \u2013en adelante- proteger\u00e1 al pueblo de los desbordes del Arroyo del Medio. Los trabajos consistieron en el alteo del terrapl\u00e9n, la disposici\u00f3n de nuevas bombas de desagote y la instalaci\u00f3n de un sistema de alertas para prevenir nuevas crecidas.<\/p>\n\n\n\n<p>\u201cLa preocupaci\u00f3n m\u00e1s grande que ten\u00edamos los emilianos ya es cosa del pasado\u201d, festej\u00f3 H\u00e9ctor Bellagambra, delegado municipal en La Emilia. \u201cHoy los vecinos pueden dormir tranquilos porque una crecida tan significativa como la de 2017 ya no provocar\u00e1 que el agua vuelva a inundar el pueblo ni los barrios\u201d, agreg\u00f3 Bellagamba.<br>\nA esta obra, financiada por el gobierno provincial, se suman los trabajos que el municipio ejecut\u00f3 en La Emilia y que permitieron extender al cien por cien en materia de red cloacal, agua potable, gas natural, cord\u00f3n cuneta y asfalto.<\/p>\n\n\n\n<p>\u201cHoy disponemos de todos los servicios y esa es otra de las cosas que se han logrado en estos \u00faltimas a\u00f1os. Pero seguimos trabajando en nuevos proyectos porque el crecimiento no puede detenerse\u201d, coment\u00f3 Bellagamba.<\/p>\n\n\n\n<p>El funcionario indic\u00f3 que el municipio avanza all\u00ed con la renovaci\u00f3n de la red de luminarias, y con la limpieza general de pastizales, ramas, etc. El pr\u00f3ximo s\u00e1bado, desde las 16:00 se llevar\u00e1 a cabo una jornada de celebraci\u00f3n del nuevo aniversario en la plaza central. Ser\u00e1 con un pic nic familiar, que contar\u00e1 con la presentaci\u00f3n de bandas de rock y de folclore, entre otras actividades.<\/p>\n\n\n\n<p>Fuente: Diario El Norte<\/p>\n","protected":false},"excerpt":{"rendered":"<p>La localidad de La Emilia celebra hoy 127 a\u00f1os de vida. Y lo hace con algo importante por celebrar. El viernes \u00faltimo qued\u00f3 formalmente terminada la obra hidr\u00e1ulica integral que \u2013en adelante- proteger\u00e1 al pueblo de los desbordes del Arroyo del Medio. Los trabajos consistieron en el alteo del terrapl\u00e9n, la disposici\u00f3n de nuevas bombas [&hellip;]<\/p>\n","protected":false},"author":4,"featured_media":61145,"comment_status":"open","ping_status":"closed","sticky":false,"template":"","format":"standard","meta":{"om_disable_all_campaigns":false,"_jetpack_memberships_contains_paid_content":false,"footnotes":""},"categories":[621],"tags":[],"class_list":["post-61144","post","type-post","status-publish","format-standard","has-post-thumbnail","hentry","category-regionales"],"aioseo_notices":[],"gutentor_comment":0,"jetpack_featured_media_url":"https:\/\/eldiariodesanpedro.com.ar\/sitio\/wp-content\/uploads\/2019\/10\/0.jpg","jetpack_shortlink":"https:\/\/wp.me\/p6RhLt-fUc","jetpack_sharing_enabled":true,"_links":{"self":[{"href":"https:\/\/eldiariodesanpedro.com.ar\/sitio\/wp-json\/wp\/v2\/posts\/61144","targetHints":{"allow":["GET"]}}],"collection":[{"href":"https:\/\/eldiariodesanpedro.com.ar\/sitio\/wp-json\/wp\/v2\/posts"}],"about":[{"href":"https:\/\/eldiariodesanpedro.com.ar\/sitio\/wp-json\/wp\/v2\/types\/post"}],"author":[{"embeddable":true,"href":"https:\/\/eldiariodesanpedro.com.ar\/sitio\/wp-json\/wp\/v2\/users\/4"}],"replies":[{"embeddable":true,"href":"https:\/\/eldiariodesanpedro.com.ar\/sitio\/wp-json\/wp\/v2\/comments?post=61144"}],"version-history":[{"count":1,"href":"https:\/\/eldiariodesanpedro.com.ar\/sitio\/wp-json\/wp\/v2\/posts\/61144\/revisions"}],"predecessor-version":[{"id":61146,"href":"https:\/\/eldiariodesanpedro.com.ar\/sitio\/wp-json\/wp\/v2\/posts\/61144\/revisions\/61146"}],"wp:featuredmedia":[{"embeddable":true,"href":"https:\/\/eldiariodesanpedro.com.ar\/sitio\/wp-json\/wp\/v2\/media\/61145"}],"wp:attachment":[{"href":"https:\/\/eldiariodesanpedro.com.ar\/sitio\/wp-json\/wp\/v2\/media?parent=61144"}],"wp:term":[{"taxonomy":"category","embeddable":true,"href":"https:\/\/eldiariodesanpedro.com.ar\/sitio\/wp-json\/wp\/v2\/categories?post=61144"},{"taxonomy":"post_tag","embeddable":true,"href":"https:\/\/eldiariodesanpedro.com.ar\/sitio\/wp-json\/wp\/v2\/tags?post=61144"}],"curies":[{"name":"wp","href":"https:\/\/api.w.org\/{rel}","templated":true}]}}