{"id":61141,"date":"2019-10-02T10:36:37","date_gmt":"2019-10-02T13:36:37","guid":{"rendered":"https:\/\/eldiariodesanpedro.com.ar\/sitio\/?p=61141"},"modified":"2019-10-02T10:36:41","modified_gmt":"2019-10-02T13:36:41","slug":"arrecifes-encontraron-en-san-nicolas-el-clio-robado-en-arrecifes","status":"publish","type":"post","link":"https:\/\/eldiariodesanpedro.com.ar\/sitio\/arrecifes-encontraron-en-san-nicolas-el-clio-robado-en-arrecifes\/","title":{"rendered":"ARRECIFES | Encontraron en San Nicol\u00e1s el Cl\u00edo robado en Arrecifes"},"content":{"rendered":"<!-- VideographyWP Plugin Message: Automatic video embedding prevented by plugin options. -->\n\n<p>En fecha 29\/09\/2019 un vecino domiciliado en calle Santiago H. P\u00e9rez de este medio (David Garc\u00eda) denunci\u00f3 que en horas de la madrugada ignorados le robaron su autom\u00f3vil, un Renault Cl\u00edo que se encontraba estacionado en la v\u00eda p\u00fablica.<\/p>\n\n\n\n<p>A partir de la denuncia se pone en marcha un amplio operativo de investigaci\u00f3n para el que se utiliz\u00f3 el material puesto a disposici\u00f3n por el Centro de Operaciones Arrecifes (COA), en el que se pod\u00eda apreciar la ruta seguida por los delincuentes para abandonar la ciudad.<\/p>\n\n\n\n<p>El 1 de octubre, personal de la Comisar\u00eda Arrecifes y Comisar\u00eda 3\u00aa de San Nicol\u00e1s, en forma conjunta, proceden a la detenci\u00f3n en la ciudad de San Nicol\u00e1s de dos personas de sexo masculino: PE\u00d1A AMILCAR NAHUEL (29) y BARRERA JULI\u00c1N ALBERTO (24), quienes ten\u00edan en su poder el veh\u00edculo robado en este hecho delictivo.<\/p>\n\n\n\n<p>Efectuada la requisa pertinente, se les encontr\u00f3 a los detenidos sustancias prohibidas en su poder (marihuana), siendo trasladados los mismos a la Comisar\u00eda 3\u00aa de San Nicol\u00e1s, juntamente con el rodado recuperado.<\/p>\n\n\n\n<p>Se da cumplimiento a los recaudos legales correspondientes, quedando a la espera de resoluci\u00f3n judicial para la restituci\u00f3n del veh\u00edculo incautado a su propietario. Se iniciaron actuaciones con injerencia de la UFI 3 de San Nicol\u00e1s.<\/p>\n\n\n\n<p>Fuente: Arrecifes Noticias<\/p>\n","protected":false},"excerpt":{"rendered":"<p>En fecha 29\/09\/2019 un vecino domiciliado en calle Santiago H. P\u00e9rez de este medio (David Garc\u00eda) denunci\u00f3 que en horas de la madrugada ignorados le robaron su autom\u00f3vil, un Renault Cl\u00edo que se encontraba estacionado en la v\u00eda p\u00fablica. A partir de la denuncia se pone en marcha un amplio operativo de investigaci\u00f3n para el [&hellip;]<\/p>\n","protected":false},"author":4,"featured_media":61142,"comment_status":"open","ping_status":"closed","sticky":false,"template":"","format":"standard","meta":{"om_disable_all_campaigns":false,"_jetpack_memberships_contains_paid_content":false,"footnotes":""},"categories":[621],"tags":[],"class_list":["post-61141","post","type-post","status-publish","format-standard","has-post-thumbnail","hentry","category-regionales"],"aioseo_notices":[],"gutentor_comment":0,"jetpack_featured_media_url":"https:\/\/eldiariodesanpedro.com.ar\/sitio\/wp-content\/uploads\/2019\/10\/Clio-robado-Arrecifes-701x510.jpg","jetpack_shortlink":"https:\/\/wp.me\/p6RhLt-fU9","jetpack_sharing_enabled":true,"_links":{"self":[{"href":"https:\/\/eldiariodesanpedro.com.ar\/sitio\/wp-json\/wp\/v2\/posts\/61141","targetHints":{"allow":["GET"]}}],"collection":[{"href":"https:\/\/eldiariodesanpedro.com.ar\/sitio\/wp-json\/wp\/v2\/posts"}],"about":[{"href":"https:\/\/eldiariodesanpedro.com.ar\/sitio\/wp-json\/wp\/v2\/types\/post"}],"author":[{"embeddable":true,"href":"https:\/\/eldiariodesanpedro.com.ar\/sitio\/wp-json\/wp\/v2\/users\/4"}],"replies":[{"embeddable":true,"href":"https:\/\/eldiariodesanpedro.com.ar\/sitio\/wp-json\/wp\/v2\/comments?post=61141"}],"version-history":[{"count":1,"href":"https:\/\/eldiariodesanpedro.com.ar\/sitio\/wp-json\/wp\/v2\/posts\/61141\/revisions"}],"predecessor-version":[{"id":61143,"href":"https:\/\/eldiariodesanpedro.com.ar\/sitio\/wp-json\/wp\/v2\/posts\/61141\/revisions\/61143"}],"wp:featuredmedia":[{"embeddable":true,"href":"https:\/\/eldiariodesanpedro.com.ar\/sitio\/wp-json\/wp\/v2\/media\/61142"}],"wp:attachment":[{"href":"https:\/\/eldiariodesanpedro.com.ar\/sitio\/wp-json\/wp\/v2\/media?parent=61141"}],"wp:term":[{"taxonomy":"category","embeddable":true,"href":"https:\/\/eldiariodesanpedro.com.ar\/sitio\/wp-json\/wp\/v2\/categories?post=61141"},{"taxonomy":"post_tag","embeddable":true,"href":"https:\/\/eldiariodesanpedro.com.ar\/sitio\/wp-json\/wp\/v2\/tags?post=61141"}],"curies":[{"name":"wp","href":"https:\/\/api.w.org\/{rel}","templated":true}]}}