{"id":6114,"date":"2016-07-18T18:52:24","date_gmt":"2016-07-18T21:52:24","guid":{"rendered":"https:\/\/eldiariodesanpedro.com.ar\/sitio\/?p=6114"},"modified":"2016-07-18T18:52:24","modified_gmt":"2016-07-18T21:52:24","slug":"recupero-la-moto-que-le-habian-robado","status":"publish","type":"post","link":"https:\/\/eldiariodesanpedro.com.ar\/sitio\/recupero-la-moto-que-le-habian-robado\/","title":{"rendered":"Recuper\u00f3 la moto que le hab\u00edan robado"},"content":{"rendered":"<p><!-- VideographyWP Plugin Message: Automatic video embedding prevented by plugin options. --><br \/>\nLa situaci\u00f3n se produjo el domingo, cerca de las 12.30 hs. en Mitre entre Juan B Justo y Saenz Pe\u00f1a. El due\u00f1o del ciclomotor, que hab\u00eda sido robado durante la madrugada cuando se hallaba estacionado frente a un local comercial ubicado en calle Av. Sarmiento y Novillo; lo detect\u00f3 cuando era manejado por un joven de 15 a\u00f1os.<br \/>\nAs\u00ed fue que logr\u00f3 detenerlos y a su vez retuvo al menor hasta la llegada de la polic\u00eda. Los efectivos al llegar al lugar aprehendieron al menor por \u201crobo agravado de veh\u00edculo dejado en v\u00eda p\u00fablica\u201d. Intervino la UFI del Joven en turno y  el menor fue entregado a sus progenitores.<\/p>\n","protected":false},"excerpt":{"rendered":"<p>La situaci\u00f3n se produjo el domingo, cerca de las 12.30 hs. en Mitre entre Juan B Justo y Saenz Pe\u00f1a. El due\u00f1o del ciclomotor, que hab\u00eda sido robado durante la madrugada cuando se hallaba estacionado frente a un local comercial ubicado en calle Av. Sarmiento y Novillo; lo detect\u00f3 cuando era manejado por un joven [&hellip;]<\/p>\n","protected":false},"author":4,"featured_media":2677,"comment_status":"open","ping_status":"closed","sticky":false,"template":"","format":"standard","meta":{"om_disable_all_campaigns":false,"_jetpack_memberships_contains_paid_content":false,"footnotes":""},"categories":[101,2],"tags":[],"class_list":["post-6114","post","type-post","status-publish","format-standard","has-post-thumbnail","hentry","category-interes-general-locales","category-locales"],"aioseo_notices":[],"gutentor_comment":0,"jetpack_featured_media_url":"https:\/\/eldiariodesanpedro.com.ar\/sitio\/wp-content\/uploads\/2016\/04\/patrullero-moto.jpg","jetpack_shortlink":"https:\/\/wp.me\/p6RhLt-1AC","jetpack_sharing_enabled":true,"_links":{"self":[{"href":"https:\/\/eldiariodesanpedro.com.ar\/sitio\/wp-json\/wp\/v2\/posts\/6114","targetHints":{"allow":["GET"]}}],"collection":[{"href":"https:\/\/eldiariodesanpedro.com.ar\/sitio\/wp-json\/wp\/v2\/posts"}],"about":[{"href":"https:\/\/eldiariodesanpedro.com.ar\/sitio\/wp-json\/wp\/v2\/types\/post"}],"author":[{"embeddable":true,"href":"https:\/\/eldiariodesanpedro.com.ar\/sitio\/wp-json\/wp\/v2\/users\/4"}],"replies":[{"embeddable":true,"href":"https:\/\/eldiariodesanpedro.com.ar\/sitio\/wp-json\/wp\/v2\/comments?post=6114"}],"version-history":[{"count":1,"href":"https:\/\/eldiariodesanpedro.com.ar\/sitio\/wp-json\/wp\/v2\/posts\/6114\/revisions"}],"predecessor-version":[{"id":6115,"href":"https:\/\/eldiariodesanpedro.com.ar\/sitio\/wp-json\/wp\/v2\/posts\/6114\/revisions\/6115"}],"wp:featuredmedia":[{"embeddable":true,"href":"https:\/\/eldiariodesanpedro.com.ar\/sitio\/wp-json\/wp\/v2\/media\/2677"}],"wp:attachment":[{"href":"https:\/\/eldiariodesanpedro.com.ar\/sitio\/wp-json\/wp\/v2\/media?parent=6114"}],"wp:term":[{"taxonomy":"category","embeddable":true,"href":"https:\/\/eldiariodesanpedro.com.ar\/sitio\/wp-json\/wp\/v2\/categories?post=6114"},{"taxonomy":"post_tag","embeddable":true,"href":"https:\/\/eldiariodesanpedro.com.ar\/sitio\/wp-json\/wp\/v2\/tags?post=6114"}],"curies":[{"name":"wp","href":"https:\/\/api.w.org\/{rel}","templated":true}]}}