{"id":61134,"date":"2019-10-02T10:21:37","date_gmt":"2019-10-02T13:21:37","guid":{"rendered":"https:\/\/eldiariodesanpedro.com.ar\/sitio\/?p=61134"},"modified":"2019-10-02T10:21:41","modified_gmt":"2019-10-02T13:21:41","slug":"zarate-robo-en-la-escuela-no35-de-fonavi","status":"publish","type":"post","link":"https:\/\/eldiariodesanpedro.com.ar\/sitio\/zarate-robo-en-la-escuela-no35-de-fonavi\/","title":{"rendered":"Z\u00c1RATE | Robo en la Escuela N\u00ba35 de Fonavi"},"content":{"rendered":"<!-- VideographyWP Plugin Message: Automatic video embedding prevented by plugin options. -->\n\n<p><strong>Cerraduras, puertas y rejas rotas junto con el saqueo del kiosco, fueron algunos de los da\u00f1os que dejaron las personas que ingresaron a la instituci\u00f3n la madrugada del martes<\/strong>.<\/p>\n\n\n\n<p>Los delincuentes entraron a robar en la Escuela N\u00ba35 \u00abJos\u00e9 Hern\u00e1ndez\u00bb ubicada en Anibal Ponce y Alferez Pacheco. Seg\u00fan declararon las autoridades, la instituci\u00f3n sufri\u00f3 destrozos en cerraduras y puertas, pero no se llevaron materiales de gran valor, papeles ni equipo tecnol\u00f3gico, salvo por algunos insumos del kiosco. El Consejo Escolar se har\u00e1 cargo de los da\u00f1os.<\/p>\n\n\n\n<p><strong>Fuente:&nbsp;<\/strong>Noticias Z\u00e1rate Alerta<\/p>\n","protected":false},"excerpt":{"rendered":"<p>Cerraduras, puertas y rejas rotas junto con el saqueo del kiosco, fueron algunos de los da\u00f1os que dejaron las personas que ingresaron a la instituci\u00f3n la madrugada del martes. Los delincuentes entraron a robar en la Escuela N\u00ba35 \u00abJos\u00e9 Hern\u00e1ndez\u00bb ubicada en Anibal Ponce y Alferez Pacheco. Seg\u00fan declararon las autoridades, la instituci\u00f3n sufri\u00f3 destrozos [&hellip;]<\/p>\n","protected":false},"author":4,"featured_media":61135,"comment_status":"open","ping_status":"closed","sticky":false,"template":"","format":"standard","meta":{"om_disable_all_campaigns":false,"_jetpack_memberships_contains_paid_content":false,"footnotes":""},"categories":[621],"tags":[],"class_list":["post-61134","post","type-post","status-publish","format-standard","has-post-thumbnail","hentry","category-regionales"],"aioseo_notices":[],"gutentor_comment":0,"jetpack_featured_media_url":"https:\/\/eldiariodesanpedro.com.ar\/sitio\/wp-content\/uploads\/2019\/10\/0C3EB553-B7BA-41D9-80E2-02E8950805D0.jpeg","jetpack_shortlink":"https:\/\/wp.me\/p6RhLt-fU2","jetpack_sharing_enabled":true,"_links":{"self":[{"href":"https:\/\/eldiariodesanpedro.com.ar\/sitio\/wp-json\/wp\/v2\/posts\/61134","targetHints":{"allow":["GET"]}}],"collection":[{"href":"https:\/\/eldiariodesanpedro.com.ar\/sitio\/wp-json\/wp\/v2\/posts"}],"about":[{"href":"https:\/\/eldiariodesanpedro.com.ar\/sitio\/wp-json\/wp\/v2\/types\/post"}],"author":[{"embeddable":true,"href":"https:\/\/eldiariodesanpedro.com.ar\/sitio\/wp-json\/wp\/v2\/users\/4"}],"replies":[{"embeddable":true,"href":"https:\/\/eldiariodesanpedro.com.ar\/sitio\/wp-json\/wp\/v2\/comments?post=61134"}],"version-history":[{"count":1,"href":"https:\/\/eldiariodesanpedro.com.ar\/sitio\/wp-json\/wp\/v2\/posts\/61134\/revisions"}],"predecessor-version":[{"id":61136,"href":"https:\/\/eldiariodesanpedro.com.ar\/sitio\/wp-json\/wp\/v2\/posts\/61134\/revisions\/61136"}],"wp:featuredmedia":[{"embeddable":true,"href":"https:\/\/eldiariodesanpedro.com.ar\/sitio\/wp-json\/wp\/v2\/media\/61135"}],"wp:attachment":[{"href":"https:\/\/eldiariodesanpedro.com.ar\/sitio\/wp-json\/wp\/v2\/media?parent=61134"}],"wp:term":[{"taxonomy":"category","embeddable":true,"href":"https:\/\/eldiariodesanpedro.com.ar\/sitio\/wp-json\/wp\/v2\/categories?post=61134"},{"taxonomy":"post_tag","embeddable":true,"href":"https:\/\/eldiariodesanpedro.com.ar\/sitio\/wp-json\/wp\/v2\/tags?post=61134"}],"curies":[{"name":"wp","href":"https:\/\/api.w.org\/{rel}","templated":true}]}}