{"id":61131,"date":"2019-10-02T10:20:02","date_gmt":"2019-10-02T13:20:02","guid":{"rendered":"https:\/\/eldiariodesanpedro.com.ar\/sitio\/?p=61131"},"modified":"2019-10-02T10:20:06","modified_gmt":"2019-10-02T13:20:06","slug":"baradero-ireneo-portela-robaron-mas-de-50-mil-pesos-en-la-delegacion-municipal","status":"publish","type":"post","link":"https:\/\/eldiariodesanpedro.com.ar\/sitio\/baradero-ireneo-portela-robaron-mas-de-50-mil-pesos-en-la-delegacion-municipal\/","title":{"rendered":"BARADERO | Ireneo Portela: Robaron mas de 50 mil pesos en la delegaci\u00f3n municipal"},"content":{"rendered":"<!-- VideographyWP Plugin Message: Automatic video embedding prevented by plugin options. -->\n\n<p>El hecho ocurrido en la noche de ayer o madrugada de hoy mi\u00e9rcoles, fue descubierto esta ma\u00f1ana por la gente de la delegaci\u00f3n municipal cuando ingresaron para cumplir las tareas diarias.<\/p>\n\n\n\n<p>Previo forzar una reja, los delincuentes, se llevaron la recaudaci\u00f3n del cobro de impuestos y servicios que se hacen en ese lugar.  M\u00e1s de 50 mil pesos fueron sustra\u00eddos.<\/p>\n\n\n\n<p>El hecho es investigado por la polic\u00eda.<\/p>\n","protected":false},"excerpt":{"rendered":"<p>El hecho ocurrido en la noche de ayer o madrugada de hoy mi\u00e9rcoles, fue descubierto esta ma\u00f1ana por la gente de la delegaci\u00f3n municipal cuando ingresaron para cumplir las tareas diarias. Previo forzar una reja, los delincuentes, se llevaron la recaudaci\u00f3n del cobro de impuestos y servicios que se hacen en ese lugar. M\u00e1s de [&hellip;]<\/p>\n","protected":false},"author":4,"featured_media":61132,"comment_status":"open","ping_status":"closed","sticky":false,"template":"","format":"standard","meta":{"om_disable_all_campaigns":false,"_jetpack_memberships_contains_paid_content":false,"footnotes":""},"categories":[621],"tags":[],"class_list":["post-61131","post","type-post","status-publish","format-standard","has-post-thumbnail","hentry","category-regionales"],"aioseo_notices":[],"gutentor_comment":0,"jetpack_featured_media_url":"https:\/\/eldiariodesanpedro.com.ar\/sitio\/wp-content\/uploads\/2019\/10\/PORTELA2-747x420.jpg","jetpack_shortlink":"https:\/\/wp.me\/p6RhLt-fTZ","jetpack_sharing_enabled":true,"_links":{"self":[{"href":"https:\/\/eldiariodesanpedro.com.ar\/sitio\/wp-json\/wp\/v2\/posts\/61131","targetHints":{"allow":["GET"]}}],"collection":[{"href":"https:\/\/eldiariodesanpedro.com.ar\/sitio\/wp-json\/wp\/v2\/posts"}],"about":[{"href":"https:\/\/eldiariodesanpedro.com.ar\/sitio\/wp-json\/wp\/v2\/types\/post"}],"author":[{"embeddable":true,"href":"https:\/\/eldiariodesanpedro.com.ar\/sitio\/wp-json\/wp\/v2\/users\/4"}],"replies":[{"embeddable":true,"href":"https:\/\/eldiariodesanpedro.com.ar\/sitio\/wp-json\/wp\/v2\/comments?post=61131"}],"version-history":[{"count":1,"href":"https:\/\/eldiariodesanpedro.com.ar\/sitio\/wp-json\/wp\/v2\/posts\/61131\/revisions"}],"predecessor-version":[{"id":61133,"href":"https:\/\/eldiariodesanpedro.com.ar\/sitio\/wp-json\/wp\/v2\/posts\/61131\/revisions\/61133"}],"wp:featuredmedia":[{"embeddable":true,"href":"https:\/\/eldiariodesanpedro.com.ar\/sitio\/wp-json\/wp\/v2\/media\/61132"}],"wp:attachment":[{"href":"https:\/\/eldiariodesanpedro.com.ar\/sitio\/wp-json\/wp\/v2\/media?parent=61131"}],"wp:term":[{"taxonomy":"category","embeddable":true,"href":"https:\/\/eldiariodesanpedro.com.ar\/sitio\/wp-json\/wp\/v2\/categories?post=61131"},{"taxonomy":"post_tag","embeddable":true,"href":"https:\/\/eldiariodesanpedro.com.ar\/sitio\/wp-json\/wp\/v2\/tags?post=61131"}],"curies":[{"name":"wp","href":"https:\/\/api.w.org\/{rel}","templated":true}]}}