{"id":61128,"date":"2019-10-02T10:17:26","date_gmt":"2019-10-02T13:17:26","guid":{"rendered":"https:\/\/eldiariodesanpedro.com.ar\/sitio\/?p=61128"},"modified":"2019-10-02T10:17:31","modified_gmt":"2019-10-02T13:17:31","slug":"baradero-internos-de-la-carcel-donaron-cuentos-transcriptos-en-braille-a-una-escuela","status":"publish","type":"post","link":"https:\/\/eldiariodesanpedro.com.ar\/sitio\/baradero-internos-de-la-carcel-donaron-cuentos-transcriptos-en-braille-a-una-escuela\/","title":{"rendered":"BARADERO | Internos de la c\u00e1rcel donaron cuentos transcriptos en Braille a una escuela"},"content":{"rendered":"<!-- VideographyWP Plugin Message: Automatic video embedding prevented by plugin options. -->\n\n<p>En una experiencia solidaria, internos de la Unidad 11 Baradero, dependiente del Servicio Penitenciario Bonaerense, realizaron una donaci\u00f3n de material en Braille a la Escuela Primaria N\u00b0 13 \u201cVicente L\u00f3pez y Planes\u201d de la localidad de San Pedro.<\/p>\n\n\n\n<p>Siete privados de libertad participaron en la confecci\u00f3n de cuatro libros de cuentos, un mapa pol\u00edtico del territorio africano, una infograf\u00eda del aparato digestivo humano, dos mapas de la Rep\u00fablica Argentina, el sistema solar, cuatro abecedarios y un libro de tablas de multiplicar.<\/p>\n\n\n\n<p>Los integrantes del taller de Braille trabajaron durante tres meses en los materiales destinados al establecimiento educativo que no contaba con material did\u00e1ctico en ese sistema.<\/p>\n\n\n\n<p>El contacto entre los establecimientos se dio a trav\u00e9s de la trabajadora social Ver\u00f3nica Girandola quien acerc\u00f3 la solicitud contando r\u00e1pidamente con el apoyo del Director de la Unidad 11, Carlos Mart\u00edn, el personal penitenciario y los internos.<\/p>\n\n\n\n<p>La donaci\u00f3n fue entregada a la Directora de la Escuela Primaria, Miriam Grassi, y la integradora con problemas visuales, Lorena Gelabert, quienes destacaron el trabajo realizado en la Unidad 11, y la utilidad de los elementos recibidos.<\/p>\n\n\n\n<p>Al respecto, Grassi explic\u00f3 que \u201chay una demanda importante de materiales del sistema Braille. Al ser costosos las familias muchas veces no puede acceder a ellos. Es muy bueno que podamos articular objetivos comunes entre nuestras instituciones\u201d.<\/p>\n\n\n\n<p>Por su parte, Mart\u00edn destac\u00f3 \u201cla generosidad del personal a mi cargo y los internos que participan del taller tratamental. La donaci\u00f3n que recibieron los alumnos de la escuela ser\u00e1 de mucha ayuda para los docentes y es un gran aliciente para continuar trabajando en bien de las causas sociales\u201d.<\/p>\n\n\n\n<p>El taller de Braille del penal de Baradero se incorpor\u00f3 este a\u00f1o dentro del programa \u201cSolidaridad desde el Coraz\u00f3n de la c\u00e1rcel\u201d, espacio que se dedica a realizar tareas solidarias destinadas a ni\u00f1os con disminuciones o p\u00e9rdida de la vista.<\/p>\n\n\n\n<p>En la actualidad funcionan 23 talleres de Braille en c\u00e1rceles bonaerenses, en los que participan 366 privados de libertad. Las producciones se donan a escuelas o bibliotecas que asisten a no videntes o personas con disminuci\u00f3n visual.<\/p>\n\n\n\n<p>Los talleres de Braille funcionan en las Unidades 1 Olmos, 2 y 38 Sierra Chica, 5 Mercedes, 6 Dolores, 9 La Plata, 11 baradero, 15 Bat\u00e1n, 17 Urdampilleta, 18 Gorina, 21 y 41 Campana, 23, 24, 31, 32 y 42 Florencio Varela, 30 General Alvear, 35 Magdalena, 40 Lomas de Zamora, 43 la Matanza y 46 y 48 San Mart\u00edn.<\/p>\n\n\n\n<p>Fuente: Ani noticias<\/p>\n","protected":false},"excerpt":{"rendered":"<p>En una experiencia solidaria, internos de la Unidad 11 Baradero, dependiente del Servicio Penitenciario Bonaerense, realizaron una donaci\u00f3n de material en Braille a la Escuela Primaria N\u00b0 13 \u201cVicente L\u00f3pez y Planes\u201d de la localidad de San Pedro. Siete privados de libertad participaron en la confecci\u00f3n de cuatro libros de cuentos, un mapa pol\u00edtico del [&hellip;]<\/p>\n","protected":false},"author":4,"featured_media":61129,"comment_status":"open","ping_status":"closed","sticky":false,"template":"","format":"standard","meta":{"om_disable_all_campaigns":false,"_jetpack_memberships_contains_paid_content":false,"footnotes":""},"categories":[621],"tags":[],"class_list":["post-61128","post","type-post","status-publish","format-standard","has-post-thumbnail","hentry","category-regionales"],"aioseo_notices":[],"gutentor_comment":0,"jetpack_featured_media_url":"https:\/\/eldiariodesanpedro.com.ar\/sitio\/wp-content\/uploads\/2019\/10\/braile-cuanto.jpeg","jetpack_shortlink":"https:\/\/wp.me\/p6RhLt-fTW","jetpack_sharing_enabled":true,"_links":{"self":[{"href":"https:\/\/eldiariodesanpedro.com.ar\/sitio\/wp-json\/wp\/v2\/posts\/61128","targetHints":{"allow":["GET"]}}],"collection":[{"href":"https:\/\/eldiariodesanpedro.com.ar\/sitio\/wp-json\/wp\/v2\/posts"}],"about":[{"href":"https:\/\/eldiariodesanpedro.com.ar\/sitio\/wp-json\/wp\/v2\/types\/post"}],"author":[{"embeddable":true,"href":"https:\/\/eldiariodesanpedro.com.ar\/sitio\/wp-json\/wp\/v2\/users\/4"}],"replies":[{"embeddable":true,"href":"https:\/\/eldiariodesanpedro.com.ar\/sitio\/wp-json\/wp\/v2\/comments?post=61128"}],"version-history":[{"count":1,"href":"https:\/\/eldiariodesanpedro.com.ar\/sitio\/wp-json\/wp\/v2\/posts\/61128\/revisions"}],"predecessor-version":[{"id":61130,"href":"https:\/\/eldiariodesanpedro.com.ar\/sitio\/wp-json\/wp\/v2\/posts\/61128\/revisions\/61130"}],"wp:featuredmedia":[{"embeddable":true,"href":"https:\/\/eldiariodesanpedro.com.ar\/sitio\/wp-json\/wp\/v2\/media\/61129"}],"wp:attachment":[{"href":"https:\/\/eldiariodesanpedro.com.ar\/sitio\/wp-json\/wp\/v2\/media?parent=61128"}],"wp:term":[{"taxonomy":"category","embeddable":true,"href":"https:\/\/eldiariodesanpedro.com.ar\/sitio\/wp-json\/wp\/v2\/categories?post=61128"},{"taxonomy":"post_tag","embeddable":true,"href":"https:\/\/eldiariodesanpedro.com.ar\/sitio\/wp-json\/wp\/v2\/tags?post=61128"}],"curies":[{"name":"wp","href":"https:\/\/api.w.org\/{rel}","templated":true}]}}