{"id":61125,"date":"2019-10-02T10:14:52","date_gmt":"2019-10-02T13:14:52","guid":{"rendered":"https:\/\/eldiariodesanpedro.com.ar\/sitio\/?p=61125"},"modified":"2019-10-02T10:14:56","modified_gmt":"2019-10-02T13:14:56","slug":"ramallo-se-dio-a-la-fuga-tras-atropellar-y-matar-a-un-ciclista","status":"publish","type":"post","link":"https:\/\/eldiariodesanpedro.com.ar\/sitio\/ramallo-se-dio-a-la-fuga-tras-atropellar-y-matar-a-un-ciclista\/","title":{"rendered":"RAMALLO | Se dio a la fuga tras atropellar y matar a un ciclista"},"content":{"rendered":"<!-- VideographyWP Plugin Message: Automatic video embedding prevented by plugin options. -->\n\n<p>Fuentes policiales informaron que este s\u00e1bado 28 de septiembre, cerca de las 20 horas, ocurri\u00f3 un accidente en el Camino de la Costa, a metro del ingreso a la ciudad de Ramallo. Un ciclista falleci\u00f3 producto de ser embestido por un automovilista que se dio a la fuga.<\/p>\n\n\n\n<p>La v\u00edctima, identificada como\u00a0<strong>Jorge Nerone<\/strong>, de 60 a\u00f1os, circulaba desde la Costa Pobre hacia Ramallo. Metros antes de llegar a calle Vel\u00e1zquez, un VW Gol lo impacta, d\u00e1ndose a la fuga. M\u00e1s tarde se encontr\u00f3 el auto implicado totalmente calcinado en el camino rural a El Para\u00edso.<\/p>\n\n\n\n<p>M\u00e1s tarde se pudo determinar que el conductor del veh\u00edculo era Juan Carlos Guti\u00e9rrez, un hombre de 44 a\u00f1os, oriundo de Ramallo quien fue detenido.<\/p>\n\n\n\n<p>Seg\u00fan informaron fuentes policiales, al conductor del auto se le realiz\u00f3 el test de alcoholemia que arroj\u00f3 un resultado positivo.<\/p>\n\n\n\n<p>Por el hecho se labraron actuaciones caratuladas en un primer momento averiguaci\u00f3n de causales de muerte y luego recaratulado como homicidio culposo agravado.<\/p>\n\n\n\n<p>Fuente: Ramallo Ciudad<\/p>\n","protected":false},"excerpt":{"rendered":"<p>Fuentes policiales informaron que este s\u00e1bado 28 de septiembre, cerca de las 20 horas, ocurri\u00f3 un accidente en el Camino de la Costa, a metro del ingreso a la ciudad de Ramallo. Un ciclista falleci\u00f3 producto de ser embestido por un automovilista que se dio a la fuga. La v\u00edctima, identificada como\u00a0Jorge Nerone, de 60 [&hellip;]<\/p>\n","protected":false},"author":4,"featured_media":61126,"comment_status":"open","ping_status":"closed","sticky":false,"template":"","format":"standard","meta":{"om_disable_all_campaigns":false,"_jetpack_memberships_contains_paid_content":false,"footnotes":""},"categories":[621],"tags":[],"class_list":["post-61125","post","type-post","status-publish","format-standard","has-post-thumbnail","hentry","category-regionales"],"aioseo_notices":[],"gutentor_comment":0,"jetpack_featured_media_url":"https:\/\/eldiariodesanpedro.com.ar\/sitio\/wp-content\/uploads\/2019\/10\/bbx_231497671_1_alcohol.jpg","jetpack_shortlink":"https:\/\/wp.me\/p6RhLt-fTT","jetpack_sharing_enabled":true,"_links":{"self":[{"href":"https:\/\/eldiariodesanpedro.com.ar\/sitio\/wp-json\/wp\/v2\/posts\/61125","targetHints":{"allow":["GET"]}}],"collection":[{"href":"https:\/\/eldiariodesanpedro.com.ar\/sitio\/wp-json\/wp\/v2\/posts"}],"about":[{"href":"https:\/\/eldiariodesanpedro.com.ar\/sitio\/wp-json\/wp\/v2\/types\/post"}],"author":[{"embeddable":true,"href":"https:\/\/eldiariodesanpedro.com.ar\/sitio\/wp-json\/wp\/v2\/users\/4"}],"replies":[{"embeddable":true,"href":"https:\/\/eldiariodesanpedro.com.ar\/sitio\/wp-json\/wp\/v2\/comments?post=61125"}],"version-history":[{"count":1,"href":"https:\/\/eldiariodesanpedro.com.ar\/sitio\/wp-json\/wp\/v2\/posts\/61125\/revisions"}],"predecessor-version":[{"id":61127,"href":"https:\/\/eldiariodesanpedro.com.ar\/sitio\/wp-json\/wp\/v2\/posts\/61125\/revisions\/61127"}],"wp:featuredmedia":[{"embeddable":true,"href":"https:\/\/eldiariodesanpedro.com.ar\/sitio\/wp-json\/wp\/v2\/media\/61126"}],"wp:attachment":[{"href":"https:\/\/eldiariodesanpedro.com.ar\/sitio\/wp-json\/wp\/v2\/media?parent=61125"}],"wp:term":[{"taxonomy":"category","embeddable":true,"href":"https:\/\/eldiariodesanpedro.com.ar\/sitio\/wp-json\/wp\/v2\/categories?post=61125"},{"taxonomy":"post_tag","embeddable":true,"href":"https:\/\/eldiariodesanpedro.com.ar\/sitio\/wp-json\/wp\/v2\/tags?post=61125"}],"curies":[{"name":"wp","href":"https:\/\/api.w.org\/{rel}","templated":true}]}}