{"id":61121,"date":"2019-10-02T10:12:56","date_gmt":"2019-10-02T13:12:56","guid":{"rendered":"https:\/\/eldiariodesanpedro.com.ar\/sitio\/?p=61121"},"modified":"2019-10-02T10:13:00","modified_gmt":"2019-10-02T13:13:00","slug":"campana-denuncian-a-subdirector-de-la-unidad-21-por-una-presunta-violacion-a-una-oficial","status":"publish","type":"post","link":"https:\/\/eldiariodesanpedro.com.ar\/sitio\/campana-denuncian-a-subdirector-de-la-unidad-21-por-una-presunta-violacion-a-una-oficial\/","title":{"rendered":"CAMPANA | Denuncian a subdirector de la unidad 21 por una presunta violaci\u00f3n a una oficial"},"content":{"rendered":"<!-- VideographyWP Plugin Message: Automatic video embedding prevented by plugin options. -->\n\n<p>\n\nOcurri\u00f3 dentro del complejo penitenciario el pasado 22 de septiembre, aunque la v\u00edctima pudo contarlo reci\u00e9n un d\u00eda despu\u00e9s gracias a la eficaz actuaci\u00f3n de la jefa Inspectora Mayor Mar\u00eda Daniela Ju\u00e1rez. \u201cCon toda su fuerza no pudo retirarlo de encima de su cuerpo\u201d, relata el informe enviado a las autoridades del SPB.<\/p>\n\n\n\n<p>La unidad 21 del complejo de Campana fue el escenario del horror para una oficial del Servicio Penitenciario Bonaerense (SPB). El indescriptible suceso ocurri\u00f3 el pasado 22 de septiembre dentro de la c\u00e1rcel, establecimiento d\u00f3nde los condenados deben ser preparados para ser reinsertados en la sociedad, pero d\u00f3nde las mismas autoridades cometen los peores cr\u00edmenes.<\/p>\n\n\n\n<p>El prefecto&nbsp;Oscar Daniel Correa, Subdirector de unidad 21 del Complejo Penitenciario de Campana, recibi\u00f3 un \u201cSumario Administrativo sobre presunta infracci\u00f3n al art\u00edculo 93 inciso 9 del decreto Ley 9578\/80\u201d. Dicho apartado de la norma se\u00f1ala que ser\u00e1 sancionado con retiro absoluto o destituci\u00f3n los agentes que cometan \u201ctodo otro acto que afecte gravemente la disciplina, el prestigio o la responsabilidad de la Repartici\u00f3n o la dignidad de funcionario\u201d.<\/p>\n\n\n\n<p>La atroz violaci\u00f3n a la oficial se conoci\u00f3 cuando la misma mostraba \u201cuna actitud de angustia\u201d. Entonces, al ser consultada por la jefa Inspector Mayor (EG)&nbsp;Mar\u00eda Daniela Ju\u00e1rez, la mujer relat\u00f3 c\u00f3mo, cuando cumpl\u00eda sus funciones en el complejo penitenciario, se hizo presente el Subdirector profiriendo obscenidades.<\/p>\n\n\n\n<p>Asimismo, la oficial cont\u00f3 que\u00a0Correa\u00a0la tom\u00f3 contra su voluntad y la viol\u00f3. \u201cCon toda su fuerza no pudo retirarlo de encima de su cuerpo, donde el mismo provoc\u00f3 una eyaculaci\u00f3n en el piso del \u00e1rea de la Oficina de Personal\u201d, detalla el informe sobre el estremecedor relato de la agente del SPB que ahora deber\u00e1 ser investigado por la Justicia.<\/p>\n\n\n\n<p>Fuente:\u00a0Noticias Z\u00e1rate Alerta<\/p>\n\n\n\n<figure class=\"wp-block-image\"><img decoding=\"async\" width=\"960\" height=\"450\" data-attachment-id=\"61123\" data-permalink=\"https:\/\/eldiariodesanpedro.com.ar\/sitio\/campana-denuncian-a-subdirector-de-la-unidad-21-por-una-presunta-violacion-a-una-oficial\/violacion_2\/\" data-orig-file=\"https:\/\/eldiariodesanpedro.com.ar\/sitio\/wp-content\/uploads\/2019\/10\/violacion_2.jpg\" data-orig-size=\"960,450\" data-comments-opened=\"1\" data-image-meta=\"{&quot;aperture&quot;:&quot;0&quot;,&quot;credit&quot;:&quot;&quot;,&quot;camera&quot;:&quot;&quot;,&quot;caption&quot;:&quot;&quot;,&quot;created_timestamp&quot;:&quot;0&quot;,&quot;copyright&quot;:&quot;&quot;,&quot;focal_length&quot;:&quot;0&quot;,&quot;iso&quot;:&quot;0&quot;,&quot;shutter_speed&quot;:&quot;0&quot;,&quot;title&quot;:&quot;&quot;,&quot;orientation&quot;:&quot;0&quot;}\" data-image-title=\"violacion_2\" data-image-description=\"\" data-image-caption=\"\" data-large-file=\"https:\/\/eldiariodesanpedro.com.ar\/sitio\/wp-content\/uploads\/2019\/10\/violacion_2.jpg\" data-src=\"https:\/\/eldiariodesanpedro.com.ar\/sitio\/wp-content\/uploads\/2019\/10\/violacion_2.jpg\" alt=\"\" class=\"wp-image-61123 lazyload\" data-srcset=\"https:\/\/eldiariodesanpedro.com.ar\/sitio\/wp-content\/uploads\/2019\/10\/violacion_2.jpg 960w, https:\/\/eldiariodesanpedro.com.ar\/sitio\/wp-content\/uploads\/2019\/10\/violacion_2-300x141.jpg 300w, https:\/\/eldiariodesanpedro.com.ar\/sitio\/wp-content\/uploads\/2019\/10\/violacion_2-768x360.jpg 768w\" data-sizes=\"(max-width: 960px) 100vw, 960px\" src=\"data:image\/svg+xml;base64,PHN2ZyB3aWR0aD0iMSIgaGVpZ2h0PSIxIiB4bWxucz0iaHR0cDovL3d3dy53My5vcmcvMjAwMC9zdmciPjwvc3ZnPg==\" style=\"--smush-placeholder-width: 960px; --smush-placeholder-aspect-ratio: 960\/450;\" \/><\/figure>\n","protected":false},"excerpt":{"rendered":"<p>Ocurri\u00f3 dentro del complejo penitenciario el pasado 22 de septiembre, aunque la v\u00edctima pudo contarlo reci\u00e9n un d\u00eda despu\u00e9s gracias a la eficaz actuaci\u00f3n de la jefa Inspectora Mayor Mar\u00eda Daniela Ju\u00e1rez. \u201cCon toda su fuerza no pudo retirarlo de encima de su cuerpo\u201d, relata el informe enviado a las autoridades del SPB. La unidad [&hellip;]<\/p>\n","protected":false},"author":4,"featured_media":61122,"comment_status":"open","ping_status":"closed","sticky":false,"template":"","format":"standard","meta":{"om_disable_all_campaigns":false,"_jetpack_memberships_contains_paid_content":false,"footnotes":""},"categories":[621],"tags":[],"class_list":["post-61121","post","type-post","status-publish","format-standard","has-post-thumbnail","hentry","category-regionales"],"aioseo_notices":[],"gutentor_comment":0,"jetpack_featured_media_url":"https:\/\/eldiariodesanpedro.com.ar\/sitio\/wp-content\/uploads\/2019\/10\/violacion.jpg","jetpack_shortlink":"https:\/\/wp.me\/p6RhLt-fTP","jetpack_sharing_enabled":true,"_links":{"self":[{"href":"https:\/\/eldiariodesanpedro.com.ar\/sitio\/wp-json\/wp\/v2\/posts\/61121","targetHints":{"allow":["GET"]}}],"collection":[{"href":"https:\/\/eldiariodesanpedro.com.ar\/sitio\/wp-json\/wp\/v2\/posts"}],"about":[{"href":"https:\/\/eldiariodesanpedro.com.ar\/sitio\/wp-json\/wp\/v2\/types\/post"}],"author":[{"embeddable":true,"href":"https:\/\/eldiariodesanpedro.com.ar\/sitio\/wp-json\/wp\/v2\/users\/4"}],"replies":[{"embeddable":true,"href":"https:\/\/eldiariodesanpedro.com.ar\/sitio\/wp-json\/wp\/v2\/comments?post=61121"}],"version-history":[{"count":1,"href":"https:\/\/eldiariodesanpedro.com.ar\/sitio\/wp-json\/wp\/v2\/posts\/61121\/revisions"}],"predecessor-version":[{"id":61124,"href":"https:\/\/eldiariodesanpedro.com.ar\/sitio\/wp-json\/wp\/v2\/posts\/61121\/revisions\/61124"}],"wp:featuredmedia":[{"embeddable":true,"href":"https:\/\/eldiariodesanpedro.com.ar\/sitio\/wp-json\/wp\/v2\/media\/61122"}],"wp:attachment":[{"href":"https:\/\/eldiariodesanpedro.com.ar\/sitio\/wp-json\/wp\/v2\/media?parent=61121"}],"wp:term":[{"taxonomy":"category","embeddable":true,"href":"https:\/\/eldiariodesanpedro.com.ar\/sitio\/wp-json\/wp\/v2\/categories?post=61121"},{"taxonomy":"post_tag","embeddable":true,"href":"https:\/\/eldiariodesanpedro.com.ar\/sitio\/wp-json\/wp\/v2\/tags?post=61121"}],"curies":[{"name":"wp","href":"https:\/\/api.w.org\/{rel}","templated":true}]}}