{"id":61115,"date":"2019-10-02T10:09:26","date_gmt":"2019-10-02T13:09:26","guid":{"rendered":"https:\/\/eldiariodesanpedro.com.ar\/sitio\/?p=61115"},"modified":"2019-10-02T10:09:30","modified_gmt":"2019-10-02T13:09:30","slug":"san-nicolas-alerta-por-superpoblacion-en-la-up3","status":"publish","type":"post","link":"https:\/\/eldiariodesanpedro.com.ar\/sitio\/san-nicolas-alerta-por-superpoblacion-en-la-up3\/","title":{"rendered":"SAN NICOL\u00c1S | Alerta por superpoblaci\u00f3n en la UP3"},"content":{"rendered":"<!-- VideographyWP Plugin Message: Automatic video embedding prevented by plugin options. -->\n\n<p>\n\nPor encima del doble de su capacidad, la c\u00e1rcel de San Nicol\u00e1s se encuentra en condici\u00f3n de superpoblaci\u00f3n. El estado precario en que viven los detenidos en la Unidad Penal n\u00b03, con una situaci\u00f3n habitacional m\u00e1s que preocupante, obliga a los reclusos a vivir en condiciones infrahumanas.<\/p>\n\n\n\n<p>Meses atr\u00e1s, familiares de detenidos se acercaron a tribunales a pedir por la situaci\u00f3n de los mismos dentro del penal, al juez Anselmo Gonz\u00e1lez, para que tome cartas en el asunto sobre las condiciones de vida que deben afrontar los reclusos como tambi\u00e9n su situaci\u00f3n procesal. Seg\u00fan relatan, m\u00e1s del 40% de ellos, no tiene una condena firme.<\/p>\n\n\n\n<p><strong>Petici\u00f3n<\/strong><br>En una recorrida y entrevista con los internos y autoridades del establecimiento, el 14 de agosto se realiz\u00f3 la visita institucional a la Unidad Penal N\u00b0 3. A la fecha de la visita, la Unidad contaba con 840 internos, sin sumar el anexo femenino cuyo cupo es de 18 internas, siendo el cupo establecido por la C\u00e1mara de Apelaci\u00f3n y Garant\u00edas en lo Penal Departamental de: 394. La orden dicta: \u201cEl hacinamiento constituye en s\u00ed mismo una violaci\u00f3n a la integridad personal y consecuentemente, obstaculiza el normal desempe\u00f1o de las funciones esenciales en los centros penitenciarios\u201d.<\/p>\n\n\n\n<p>\u201cSe constat\u00f3 el alojamiento de 840 personas en el momento de la Visita Institucional (14 de agosto de 2019); 852 eran en oportunidad de recibirle declaraci\u00f3n testimonial a la Sra. Paula Mazzolini (5 de septiembre) y 880 en el d\u00eda de la fecha (25 de septiembre), conforme a lo informado por el Subdirector de Asistencia y Tratamiento de la UP N\u00b0 3. En el nivel de hacinamiento registrado, esta variable de aumento resulta escandalosamente significativa\u201d. Cada nueva persona ingresada en una Unidad con estos niveles de superpoblaci\u00f3n multiplica exponencialmente los conflictos, siendo su impacto muy superior respecto de aquellos ingresos que, a\u00fan en mayor cantidad de personas, la base de superpoblaci\u00f3n es menor. El incesante aumento de la poblaci\u00f3n carcelaria, patentizada con solo mirar su incremento desde hace poco m\u00e1s de un mes a la fecha, a pasar de 840 a 880 personas alojadas, resulta francamente alarmante.<\/p>\n\n\n\n<p>Fuente: Diario El Norte<\/p>\n","protected":false},"excerpt":{"rendered":"<p>Por encima del doble de su capacidad, la c\u00e1rcel de San Nicol\u00e1s se encuentra en condici\u00f3n de superpoblaci\u00f3n. El estado precario en que viven los detenidos en la Unidad Penal n\u00b03, con una situaci\u00f3n habitacional m\u00e1s que preocupante, obliga a los reclusos a vivir en condiciones infrahumanas. Meses atr\u00e1s, familiares de detenidos se acercaron a [&hellip;]<\/p>\n","protected":false},"author":4,"featured_media":61116,"comment_status":"open","ping_status":"closed","sticky":false,"template":"","format":"standard","meta":{"om_disable_all_campaigns":false,"_jetpack_memberships_contains_paid_content":false,"footnotes":""},"categories":[621],"tags":[],"class_list":["post-61115","post","type-post","status-publish","format-standard","has-post-thumbnail","hentry","category-regionales"],"aioseo_notices":[],"gutentor_comment":0,"jetpack_featured_media_url":"https:\/\/eldiariodesanpedro.com.ar\/sitio\/wp-content\/uploads\/2019\/10\/carcel_0.jpg","jetpack_shortlink":"https:\/\/wp.me\/p6RhLt-fTJ","jetpack_sharing_enabled":true,"_links":{"self":[{"href":"https:\/\/eldiariodesanpedro.com.ar\/sitio\/wp-json\/wp\/v2\/posts\/61115","targetHints":{"allow":["GET"]}}],"collection":[{"href":"https:\/\/eldiariodesanpedro.com.ar\/sitio\/wp-json\/wp\/v2\/posts"}],"about":[{"href":"https:\/\/eldiariodesanpedro.com.ar\/sitio\/wp-json\/wp\/v2\/types\/post"}],"author":[{"embeddable":true,"href":"https:\/\/eldiariodesanpedro.com.ar\/sitio\/wp-json\/wp\/v2\/users\/4"}],"replies":[{"embeddable":true,"href":"https:\/\/eldiariodesanpedro.com.ar\/sitio\/wp-json\/wp\/v2\/comments?post=61115"}],"version-history":[{"count":1,"href":"https:\/\/eldiariodesanpedro.com.ar\/sitio\/wp-json\/wp\/v2\/posts\/61115\/revisions"}],"predecessor-version":[{"id":61117,"href":"https:\/\/eldiariodesanpedro.com.ar\/sitio\/wp-json\/wp\/v2\/posts\/61115\/revisions\/61117"}],"wp:featuredmedia":[{"embeddable":true,"href":"https:\/\/eldiariodesanpedro.com.ar\/sitio\/wp-json\/wp\/v2\/media\/61116"}],"wp:attachment":[{"href":"https:\/\/eldiariodesanpedro.com.ar\/sitio\/wp-json\/wp\/v2\/media?parent=61115"}],"wp:term":[{"taxonomy":"category","embeddable":true,"href":"https:\/\/eldiariodesanpedro.com.ar\/sitio\/wp-json\/wp\/v2\/categories?post=61115"},{"taxonomy":"post_tag","embeddable":true,"href":"https:\/\/eldiariodesanpedro.com.ar\/sitio\/wp-json\/wp\/v2\/tags?post=61115"}],"curies":[{"name":"wp","href":"https:\/\/api.w.org\/{rel}","templated":true}]}}