{"id":61114,"date":"2019-10-02T10:30:00","date_gmt":"2019-10-02T13:30:00","guid":{"rendered":"https:\/\/eldiariodesanpedro.com.ar\/sitio\/?p=61114"},"modified":"2019-10-02T10:30:01","modified_gmt":"2019-10-02T13:30:01","slug":"aprehendido-con-plantas-de-rosas-que-robo-de-un-vivero","status":"publish","type":"post","link":"https:\/\/eldiariodesanpedro.com.ar\/sitio\/aprehendido-con-plantas-de-rosas-que-robo-de-un-vivero\/","title":{"rendered":"Aprehendido con plantas de rosas que robo de un vivero"},"content":{"rendered":"<!-- VideographyWP Plugin Message: Automatic video embedding prevented by plugin options. -->\n\n<p>El hecho sucedi\u00f3 este martes cuando personal del Destacamento de Rio Tala, aprehende infraganti a un delincuente. El mismo se fugaba con 9 plantas de rosas que habr\u00eda sustra\u00eddo de un vivero.<\/p>\n\n\n\n<p>Tras r\u00e1pido accionar policial logran aprehender a un malviviente de 18 a\u00f1os de edad, quien tenia en su poder 9 plantas de rosas sustra\u00eddas momentos antes de un vivero sito en intersecci\u00f3n de ex ruta 9 y ruta 1001.<\/p>\n\n\n\n<p>El joven no se encontraba solo, pero su compa\u00f1ero logro darse a la fuga r\u00e1pidamente.<\/p>\n\n\n\n<p>Intervino en el hecho la fiscalia en turno.<\/p>\n","protected":false},"excerpt":{"rendered":"<p>El hecho sucedi\u00f3 este martes cuando personal del Destacamento de Rio Tala, aprehende infraganti a un delincuente. El mismo se fugaba con 9 plantas de rosas que habr\u00eda sustra\u00eddo de un vivero. Tras r\u00e1pido accionar policial logran aprehender a un malviviente de 18 a\u00f1os de edad, quien tenia en su poder 9 plantas de rosas [&hellip;]<\/p>\n","protected":false},"author":4,"featured_media":60820,"comment_status":"open","ping_status":"closed","sticky":false,"template":"","format":"standard","meta":{"om_disable_all_campaigns":false,"_jetpack_memberships_contains_paid_content":false,"footnotes":""},"categories":[50,2,103],"tags":[],"class_list":["post-61114","post","type-post","status-publish","format-standard","has-post-thumbnail","hentry","category-destacadas","category-locales","category-policiales-locales"],"aioseo_notices":[],"gutentor_comment":0,"jetpack_featured_media_url":"https:\/\/eldiariodesanpedro.com.ar\/sitio\/wp-content\/uploads\/2019\/09\/menor-aprehendido.jpg","jetpack_shortlink":"https:\/\/wp.me\/p6RhLt-fTI","jetpack_sharing_enabled":true,"_links":{"self":[{"href":"https:\/\/eldiariodesanpedro.com.ar\/sitio\/wp-json\/wp\/v2\/posts\/61114","targetHints":{"allow":["GET"]}}],"collection":[{"href":"https:\/\/eldiariodesanpedro.com.ar\/sitio\/wp-json\/wp\/v2\/posts"}],"about":[{"href":"https:\/\/eldiariodesanpedro.com.ar\/sitio\/wp-json\/wp\/v2\/types\/post"}],"author":[{"embeddable":true,"href":"https:\/\/eldiariodesanpedro.com.ar\/sitio\/wp-json\/wp\/v2\/users\/4"}],"replies":[{"embeddable":true,"href":"https:\/\/eldiariodesanpedro.com.ar\/sitio\/wp-json\/wp\/v2\/comments?post=61114"}],"version-history":[{"count":2,"href":"https:\/\/eldiariodesanpedro.com.ar\/sitio\/wp-json\/wp\/v2\/posts\/61114\/revisions"}],"predecessor-version":[{"id":61147,"href":"https:\/\/eldiariodesanpedro.com.ar\/sitio\/wp-json\/wp\/v2\/posts\/61114\/revisions\/61147"}],"wp:featuredmedia":[{"embeddable":true,"href":"https:\/\/eldiariodesanpedro.com.ar\/sitio\/wp-json\/wp\/v2\/media\/60820"}],"wp:attachment":[{"href":"https:\/\/eldiariodesanpedro.com.ar\/sitio\/wp-json\/wp\/v2\/media?parent=61114"}],"wp:term":[{"taxonomy":"category","embeddable":true,"href":"https:\/\/eldiariodesanpedro.com.ar\/sitio\/wp-json\/wp\/v2\/categories?post=61114"},{"taxonomy":"post_tag","embeddable":true,"href":"https:\/\/eldiariodesanpedro.com.ar\/sitio\/wp-json\/wp\/v2\/tags?post=61114"}],"curies":[{"name":"wp","href":"https:\/\/api.w.org\/{rel}","templated":true}]}}