{"id":61075,"date":"2019-10-01T17:31:11","date_gmt":"2019-10-01T20:31:11","guid":{"rendered":"https:\/\/eldiariodesanpedro.com.ar\/sitio\/?p=61075"},"modified":"2019-10-01T17:31:15","modified_gmt":"2019-10-01T20:31:15","slug":"pergamino-hay-gente-buena-todavia-la-historia-del-carnicero-que-le-devolvio-3000-a-un-jubilado-que-olvido-su-bolso","status":"publish","type":"post","link":"https:\/\/eldiariodesanpedro.com.ar\/sitio\/pergamino-hay-gente-buena-todavia-la-historia-del-carnicero-que-le-devolvio-3000-a-un-jubilado-que-olvido-su-bolso\/","title":{"rendered":"PERGAMINO | \u201cHay gente buena todav\u00eda\u201d, la historia del carnicero que le devolvi\u00f3 $3000 a un jubilado que olvido su bolso"},"content":{"rendered":"<!-- VideographyWP Plugin Message: Automatic video embedding prevented by plugin options. -->\n\n<p>Lorena Petrucci ,&nbsp; di\u00e1logo&nbsp;en el programa SIN FILTRO, que conducen Mart\u00edn Pi\u00f1eiro y Florencia G\u00f3mez (Lunes a viernes 8hs. fm 99.5)<\/p>\n\n\n\n<p>La joven cont\u00f3 que su padre fue el dia sabado a la carnicer\u00eda ubicada en la esquina de Gral. Paz y Per\u00fa, donde se olvid\u00f3 un bolso con dinero \u201ceran $3000 , todo lo que le quedaban\u201d, mi padre estaba muy angustiado, el lunes volvi\u00f3 a la carnicer\u00eda y all\u00ed estaba Miguel el carnicero quien le devolvi\u00f3 su bolso con el dinero, cuando llego a casa me abraz\u00f3 y lloramos\u2026\u201dtodav\u00eda queda gente buena\u201d.<\/p>\n\n\n\n<p>Fuente: Pergamino Verdad<\/p>\n","protected":false},"excerpt":{"rendered":"<p>Lorena Petrucci ,&nbsp; di\u00e1logo&nbsp;en el programa SIN FILTRO, que conducen Mart\u00edn Pi\u00f1eiro y Florencia G\u00f3mez (Lunes a viernes 8hs. fm 99.5) La joven cont\u00f3 que su padre fue el dia sabado a la carnicer\u00eda ubicada en la esquina de Gral. Paz y Per\u00fa, donde se olvid\u00f3 un bolso con dinero \u201ceran $3000 , todo lo [&hellip;]<\/p>\n","protected":false},"author":4,"featured_media":61076,"comment_status":"open","ping_status":"closed","sticky":false,"template":"","format":"standard","meta":{"om_disable_all_campaigns":false,"_jetpack_memberships_contains_paid_content":false,"footnotes":""},"categories":[621],"tags":[],"class_list":["post-61075","post","type-post","status-publish","format-standard","has-post-thumbnail","hentry","category-regionales"],"aioseo_notices":[],"gutentor_comment":0,"jetpack_featured_media_url":"https:\/\/eldiariodesanpedro.com.ar\/sitio\/wp-content\/uploads\/2019\/10\/carne_1.jpg","jetpack_shortlink":"https:\/\/wp.me\/p6RhLt-fT5","jetpack_sharing_enabled":true,"_links":{"self":[{"href":"https:\/\/eldiariodesanpedro.com.ar\/sitio\/wp-json\/wp\/v2\/posts\/61075","targetHints":{"allow":["GET"]}}],"collection":[{"href":"https:\/\/eldiariodesanpedro.com.ar\/sitio\/wp-json\/wp\/v2\/posts"}],"about":[{"href":"https:\/\/eldiariodesanpedro.com.ar\/sitio\/wp-json\/wp\/v2\/types\/post"}],"author":[{"embeddable":true,"href":"https:\/\/eldiariodesanpedro.com.ar\/sitio\/wp-json\/wp\/v2\/users\/4"}],"replies":[{"embeddable":true,"href":"https:\/\/eldiariodesanpedro.com.ar\/sitio\/wp-json\/wp\/v2\/comments?post=61075"}],"version-history":[{"count":1,"href":"https:\/\/eldiariodesanpedro.com.ar\/sitio\/wp-json\/wp\/v2\/posts\/61075\/revisions"}],"predecessor-version":[{"id":61077,"href":"https:\/\/eldiariodesanpedro.com.ar\/sitio\/wp-json\/wp\/v2\/posts\/61075\/revisions\/61077"}],"wp:featuredmedia":[{"embeddable":true,"href":"https:\/\/eldiariodesanpedro.com.ar\/sitio\/wp-json\/wp\/v2\/media\/61076"}],"wp:attachment":[{"href":"https:\/\/eldiariodesanpedro.com.ar\/sitio\/wp-json\/wp\/v2\/media?parent=61075"}],"wp:term":[{"taxonomy":"category","embeddable":true,"href":"https:\/\/eldiariodesanpedro.com.ar\/sitio\/wp-json\/wp\/v2\/categories?post=61075"},{"taxonomy":"post_tag","embeddable":true,"href":"https:\/\/eldiariodesanpedro.com.ar\/sitio\/wp-json\/wp\/v2\/tags?post=61075"}],"curies":[{"name":"wp","href":"https:\/\/api.w.org\/{rel}","templated":true}]}}