{"id":61072,"date":"2019-10-01T17:26:58","date_gmt":"2019-10-01T20:26:58","guid":{"rendered":"https:\/\/eldiariodesanpedro.com.ar\/sitio\/?p=61072"},"modified":"2019-10-01T17:27:02","modified_gmt":"2019-10-01T20:27:02","slug":"san-antonio-de-areco-accidente-en-el-km-85-de-la-autopista-n8-involucra-a-una-vecina-de-areco","status":"publish","type":"post","link":"https:\/\/eldiariodesanpedro.com.ar\/sitio\/san-antonio-de-areco-accidente-en-el-km-85-de-la-autopista-n8-involucra-a-una-vecina-de-areco\/","title":{"rendered":"SAN ANTONIO DE ARECO | Accidente en el km 85 de la Autopista N\u00b08 involucra a una vecina de Areco"},"content":{"rendered":"<!-- VideographyWP Plugin Message: Automatic video embedding prevented by plugin options. -->\n\n<p>Esta tarde se produjo un accidente en la Autopista Ruta Nacional N\u00b08 a la altura del kil\u00f3metro 85 que involucr\u00f3 a una vecina de la ciudad.<\/p>\n\n\n\n<p>El portal Boreal&nbsp; Multimedia&nbsp; inform\u00f3 sobre \u201d un accidente en&nbsp; Ruta 8&nbsp;&nbsp;km 85 mano a Areco, entre una camioneta Renault M\u00e1ster conducida por el se\u00f1or Ricardo Emilio Bonnazola, domiciliado en el B\u00b0 Parque Exaltaci\u00f3n, una moto Aprilia, conducida por el se\u00f1or Marcelo Estanco, y una Renault Captur, conducida por De Varis Mar\u00eda, de la localidad de Areco.<\/p>\n\n\n\n<p>Los 3 fueron trasladados al Hospital San Jos\u00e9.\u201d<\/p>\n\n\n\n<p>Fuente: Boreal Multimedia<\/p>\n","protected":false},"excerpt":{"rendered":"<p>Esta tarde se produjo un accidente en la Autopista Ruta Nacional N\u00b08 a la altura del kil\u00f3metro 85 que involucr\u00f3 a una vecina de la ciudad. El portal Boreal&nbsp; Multimedia&nbsp; inform\u00f3 sobre \u201d un accidente en&nbsp; Ruta 8&nbsp;&nbsp;km 85 mano a Areco, entre una camioneta Renault M\u00e1ster conducida por el se\u00f1or Ricardo Emilio Bonnazola, domiciliado [&hellip;]<\/p>\n","protected":false},"author":4,"featured_media":61073,"comment_status":"open","ping_status":"closed","sticky":false,"template":"","format":"standard","meta":{"om_disable_all_campaigns":false,"_jetpack_memberships_contains_paid_content":false,"footnotes":""},"categories":[621],"tags":[],"class_list":["post-61072","post","type-post","status-publish","format-standard","has-post-thumbnail","hentry","category-regionales"],"aioseo_notices":[],"gutentor_comment":0,"jetpack_featured_media_url":"https:\/\/eldiariodesanpedro.com.ar\/sitio\/wp-content\/uploads\/2019\/10\/accidente_areco.jpg","jetpack_shortlink":"https:\/\/wp.me\/p6RhLt-fT2","jetpack_sharing_enabled":true,"_links":{"self":[{"href":"https:\/\/eldiariodesanpedro.com.ar\/sitio\/wp-json\/wp\/v2\/posts\/61072","targetHints":{"allow":["GET"]}}],"collection":[{"href":"https:\/\/eldiariodesanpedro.com.ar\/sitio\/wp-json\/wp\/v2\/posts"}],"about":[{"href":"https:\/\/eldiariodesanpedro.com.ar\/sitio\/wp-json\/wp\/v2\/types\/post"}],"author":[{"embeddable":true,"href":"https:\/\/eldiariodesanpedro.com.ar\/sitio\/wp-json\/wp\/v2\/users\/4"}],"replies":[{"embeddable":true,"href":"https:\/\/eldiariodesanpedro.com.ar\/sitio\/wp-json\/wp\/v2\/comments?post=61072"}],"version-history":[{"count":1,"href":"https:\/\/eldiariodesanpedro.com.ar\/sitio\/wp-json\/wp\/v2\/posts\/61072\/revisions"}],"predecessor-version":[{"id":61074,"href":"https:\/\/eldiariodesanpedro.com.ar\/sitio\/wp-json\/wp\/v2\/posts\/61072\/revisions\/61074"}],"wp:featuredmedia":[{"embeddable":true,"href":"https:\/\/eldiariodesanpedro.com.ar\/sitio\/wp-json\/wp\/v2\/media\/61073"}],"wp:attachment":[{"href":"https:\/\/eldiariodesanpedro.com.ar\/sitio\/wp-json\/wp\/v2\/media?parent=61072"}],"wp:term":[{"taxonomy":"category","embeddable":true,"href":"https:\/\/eldiariodesanpedro.com.ar\/sitio\/wp-json\/wp\/v2\/categories?post=61072"},{"taxonomy":"post_tag","embeddable":true,"href":"https:\/\/eldiariodesanpedro.com.ar\/sitio\/wp-json\/wp\/v2\/tags?post=61072"}],"curies":[{"name":"wp","href":"https:\/\/api.w.org\/{rel}","templated":true}]}}