{"id":61068,"date":"2019-10-01T17:25:32","date_gmt":"2019-10-01T20:25:32","guid":{"rendered":"https:\/\/eldiariodesanpedro.com.ar\/sitio\/?p=61068"},"modified":"2019-10-01T17:25:36","modified_gmt":"2019-10-01T20:25:36","slug":"baradero-actriz-baraderense-participa-en-pequena-victoria-novela-de-telefe","status":"publish","type":"post","link":"https:\/\/eldiariodesanpedro.com.ar\/sitio\/baradero-actriz-baraderense-participa-en-pequena-victoria-novela-de-telefe\/","title":{"rendered":"BARADERO | Actriz baraderense participa en \u00abPeque\u00f1a Victoria\u00bb, novela de TELEFE"},"content":{"rendered":"<!-- VideographyWP Plugin Message: Automatic video embedding prevented by plugin options. -->\n\n<p>La joven actriz baraderense Julieta Raponi adem\u00e1s de sus constantes participaciones teatrales, tuvo la posibilidad de formar parte de una pel\u00edcula nacional y ahora se sum\u00f3 a la nueva novela de TELEFE \u00abPeque\u00f1a Victoria\u00bb. En 2017 actu\u00f3 en la pel\u00edcula \u00abEl f\u00fatbol o yo\u00bb y tuvo que hacer de la hija del matrimonio formado por Adri\u00e1n Suar y Julieta D\u00edaz. Ahora tiene su participaci\u00f3n en la nueva tira televisiva que tiene como protagonista a Julieta D\u00edaz , Natalie P\u00e9rez, In\u00e9s Estevez y Mariana Genesio Pe\u00f1a. Tambi\u00e9n forman parte del elenco Luciano Castro, Nicol\u00e1s Francella, Facundo Arana, Daniel Hendler y Dario Lopilato. La Aut\u00e9ntica Opini\u00f3n entrevist\u00f3 a la actriz para conocer como est\u00e1 viviendo esta experiencia televisiva y conocer cuales son sus proyectos.<\/p>\n\n\n\n<p>LAO- \u00bfC\u00f3mo es que llegas a formar parte de esta novela? Julieta- En febrero hice un casting para TELEFE y en marzo me avisaron que hab\u00eda quedado. El casting fue simple. Ya hace unos a\u00f1os que voy a hacer pruebas al canal, para que me conozcan y ellos ya hab\u00edan visto que mi perfil pod\u00eda coincidir con lo que ellos necesitaban.<\/p>\n\n\n\n<p>-LAO \u00bfC\u00f3mo fue ese casting?Julieta \u2013 Me hicieron estudiar una escena , luego cuando comenzamos a grabar fue la primera que sali\u00f3 en la novela. \u2013 LAO\u00bfQu\u00e9 personaje representas? Julieta \u2013 Represento al personaje que hace In\u00e9s Estevez, cuando era joven.<\/p>\n\n\n\n<p>LAO -\u00bf Cu\u00e1ntas participaciones vas a tener? Julieta -Grab\u00e9 doce veces, por ahora salieron dos. La verdad que no tengo idea que d\u00eda salen las escenas que grab\u00e9. Eso depende de ellos; y a\u00fan no se si voy a grabar m\u00e1s escenas. Si, que hasta fines de octubre siguen con las grabaciones. La mayor\u00eda de las escenas las hice de d\u00eda, en locaciones que est\u00e1n fuera de Capital y por ahora s\u00f3lo una vez grab\u00e9 de noche.<\/p>\n\n\n\n<p>LAO -Actu\u00e1s en teatro, tuviste participaci\u00f3n en una pel\u00edcula nacional y ahora LAO \u00bfC\u00f3mo es el trabajo actoral para televisi\u00f3n? Julieta \u2013 Me llaman un d\u00eda antes de grabar, eso implica que me tengo que organizar y cambiar todo lo que ten\u00eda previsto, para ir a filmar. El mismo d\u00eda que me llaman me env\u00edan el texto, as\u00ed que es una gran experiencia. Aprendo todos los d\u00edas. Estoy muy agradecida de estar viviendo esta experiencia . Ir a la televisi\u00f3n es un gran aprendizaje actoral, es otra realidad, otros c\u00f3digos.<\/p>\n\n\n\n<p>LAO -\u00bf Es totalmente distinto de lo que fue \u00abEl f\u00fatbol o yo\u00bb?Julieta \u2013 Si, porque la pel\u00edcula tuvo otro tipo de rol, en cambio ac\u00e1 en la televisi\u00f3n, tengo otro tipo de escenas, donde aparezco en primer plano, tengo m\u00e1s posibilidades de mostrarme como actriz, porque al hacer de uno de los personajes principales cuando era ni\u00f1a, tengo un rol un poco m\u00e1s protag\u00f3nico, cuando me toca actuar la c\u00e1mara enfoca en primer plano y los gestos que hago se notan m\u00e1s. La verdad que todo esto es muy fuerte, verme en la tele. En cambio en la pel\u00edcula fui m\u00e1s de acompa\u00f1ante.<\/p>\n\n\n\n<p>LAO -\u00bfTe sorprendes al ver c\u00f3mo sale al aire? \u2013 Julieta- La verdad que si, porque yo voy a grabar y despu\u00e9s no veo como qued\u00f3 la filmaci\u00f3n. Grabo y me voy a mi casa. Despu\u00e9s lo veo por la tele. Es muy lindo lo que me est\u00e1 pasando.<\/p>\n\n\n\n<p>LAO \u2013 \u00bfLlegar a la tele es parte de esfuerzo y dedicaci\u00f3n? Julieta- Necesitaba que me pase esto para poder seguir confiando que voy por e camino correcto, es muy frustrarte ir probando. Ir al casting, esperar que suceda el momento y que no te llamen. Puse toda mi energ\u00eda, mis ganas y mi voluntad esperando que llegue un momento como este y ahora lo estoy disfrutando mucho. Estoy s\u00faper fel\u00edz.<\/p>\n\n\n\n<p>LAO -\u00bfSegu\u00eds actuando en teatro? Julieta \u2013 De mi\u00e9rcoles a domingos act\u00fao en el teatro San Mart\u00edn. Es el re estreno de una obra que se llama Hiperv\u00ednculo. Est\u00e1 buen\u00edsimo porque es un trabajo pago, tengo un sueldo. En esa obra donde participan 28 actores. estoy hasta fin de octubre y estoy armando talleres de teatro, voy a dar uno en Baradero.<\/p>\n\n\n\n<p>LAO -\u00bf Tambi\u00e9n das clases en Baradero?Julieta \u2013 En el terciario del Marcos Sastre, hace dos a\u00f1os que doy expresi\u00f3n corporal para el profesorado de maestras jardineras. Tambi\u00e9n aprendo de las alumnas.<\/p>\n\n\n\n<p>LAO \u2013 El aprendizaje es constante. Julieta \u2013 Si, sigo asistiendo a castings. A la obra del San Mart\u00edn le dedico mucho tiempo.<\/p>\n\n\n\n<p>Fuente: La Aut\u00e9ntica Opini\u00f3n.<\/p>\n","protected":false},"excerpt":{"rendered":"<p>La joven actriz baraderense Julieta Raponi adem\u00e1s de sus constantes participaciones teatrales, tuvo la posibilidad de formar parte de una pel\u00edcula nacional y ahora se sum\u00f3 a la nueva novela de TELEFE \u00abPeque\u00f1a Victoria\u00bb. En 2017 actu\u00f3 en la pel\u00edcula \u00abEl f\u00fatbol o yo\u00bb y tuvo que hacer de la hija del matrimonio formado por [&hellip;]<\/p>\n","protected":false},"author":4,"featured_media":61069,"comment_status":"open","ping_status":"closed","sticky":false,"template":"","format":"standard","meta":{"om_disable_all_campaigns":false,"_jetpack_memberships_contains_paid_content":false,"footnotes":""},"categories":[621],"tags":[],"class_list":["post-61068","post","type-post","status-publish","format-standard","has-post-thumbnail","hentry","category-regionales"],"aioseo_notices":[],"gutentor_comment":0,"jetpack_featured_media_url":"https:\/\/eldiariodesanpedro.com.ar\/sitio\/wp-content\/uploads\/2019\/10\/actriz.jpg","jetpack_shortlink":"https:\/\/wp.me\/p6RhLt-fSY","jetpack_sharing_enabled":true,"_links":{"self":[{"href":"https:\/\/eldiariodesanpedro.com.ar\/sitio\/wp-json\/wp\/v2\/posts\/61068","targetHints":{"allow":["GET"]}}],"collection":[{"href":"https:\/\/eldiariodesanpedro.com.ar\/sitio\/wp-json\/wp\/v2\/posts"}],"about":[{"href":"https:\/\/eldiariodesanpedro.com.ar\/sitio\/wp-json\/wp\/v2\/types\/post"}],"author":[{"embeddable":true,"href":"https:\/\/eldiariodesanpedro.com.ar\/sitio\/wp-json\/wp\/v2\/users\/4"}],"replies":[{"embeddable":true,"href":"https:\/\/eldiariodesanpedro.com.ar\/sitio\/wp-json\/wp\/v2\/comments?post=61068"}],"version-history":[{"count":1,"href":"https:\/\/eldiariodesanpedro.com.ar\/sitio\/wp-json\/wp\/v2\/posts\/61068\/revisions"}],"predecessor-version":[{"id":61071,"href":"https:\/\/eldiariodesanpedro.com.ar\/sitio\/wp-json\/wp\/v2\/posts\/61068\/revisions\/61071"}],"wp:featuredmedia":[{"embeddable":true,"href":"https:\/\/eldiariodesanpedro.com.ar\/sitio\/wp-json\/wp\/v2\/media\/61069"}],"wp:attachment":[{"href":"https:\/\/eldiariodesanpedro.com.ar\/sitio\/wp-json\/wp\/v2\/media?parent=61068"}],"wp:term":[{"taxonomy":"category","embeddable":true,"href":"https:\/\/eldiariodesanpedro.com.ar\/sitio\/wp-json\/wp\/v2\/categories?post=61068"},{"taxonomy":"post_tag","embeddable":true,"href":"https:\/\/eldiariodesanpedro.com.ar\/sitio\/wp-json\/wp\/v2\/tags?post=61068"}],"curies":[{"name":"wp","href":"https:\/\/api.w.org\/{rel}","templated":true}]}}