{"id":61064,"date":"2019-10-01T12:04:51","date_gmt":"2019-10-01T15:04:51","guid":{"rendered":"https:\/\/eldiariodesanpedro.com.ar\/sitio\/?p=61064"},"modified":"2019-10-01T12:04:55","modified_gmt":"2019-10-01T15:04:55","slug":"se-firmo-un-convenio-para-carreras-universitarias-en-san-pedro","status":"publish","type":"post","link":"https:\/\/eldiariodesanpedro.com.ar\/sitio\/se-firmo-un-convenio-para-carreras-universitarias-en-san-pedro\/","title":{"rendered":"Se firm\u00f3 un convenio para carreras Universitarias en San Pedro"},"content":{"rendered":"<!-- VideographyWP Plugin Message: Automatic video embedding prevented by plugin options. -->\n\n<p>Esta ma\u00f1ana se firmo  un convenio, con el fin de permitir el inicio del dictado de carreras universitarias en nuestra ciudad.<\/p>\n\n\n\n<figure class=\"wp-block-image\"><img decoding=\"async\" width=\"710\" height=\"350\" data-attachment-id=\"61065\" data-permalink=\"https:\/\/eldiariodesanpedro.com.ar\/sitio\/se-firmo-un-convenio-para-carreras-universitarias-en-san-pedro\/cecilio-unsada\/\" data-orig-file=\"https:\/\/eldiariodesanpedro.com.ar\/sitio\/wp-content\/uploads\/2019\/10\/cecilio-unsada.jpg\" data-orig-size=\"710,350\" data-comments-opened=\"1\" data-image-meta=\"{&quot;aperture&quot;:&quot;0&quot;,&quot;credit&quot;:&quot;&quot;,&quot;camera&quot;:&quot;&quot;,&quot;caption&quot;:&quot;&quot;,&quot;created_timestamp&quot;:&quot;0&quot;,&quot;copyright&quot;:&quot;&quot;,&quot;focal_length&quot;:&quot;0&quot;,&quot;iso&quot;:&quot;0&quot;,&quot;shutter_speed&quot;:&quot;0&quot;,&quot;title&quot;:&quot;&quot;,&quot;orientation&quot;:&quot;0&quot;}\" data-image-title=\"cecilio-unsada\" data-image-description=\"\" data-image-caption=\"\" data-large-file=\"https:\/\/eldiariodesanpedro.com.ar\/sitio\/wp-content\/uploads\/2019\/10\/cecilio-unsada.jpg\" data-src=\"https:\/\/eldiariodesanpedro.com.ar\/sitio\/wp-content\/uploads\/2019\/10\/cecilio-unsada.jpg\" alt=\"\" class=\"wp-image-61065 lazyload\" data-srcset=\"https:\/\/eldiariodesanpedro.com.ar\/sitio\/wp-content\/uploads\/2019\/10\/cecilio-unsada.jpg 710w, https:\/\/eldiariodesanpedro.com.ar\/sitio\/wp-content\/uploads\/2019\/10\/cecilio-unsada-300x148.jpg 300w\" data-sizes=\"(max-width: 710px) 100vw, 710px\" src=\"data:image\/svg+xml;base64,PHN2ZyB3aWR0aD0iMSIgaGVpZ2h0PSIxIiB4bWxucz0iaHR0cDovL3d3dy53My5vcmcvMjAwMC9zdmciPjwvc3ZnPg==\" style=\"--smush-placeholder-width: 710px; --smush-placeholder-aspect-ratio: 710\/350;\" \/><\/figure>\n\n\n\n<p>En el despacho del Intendente Cecilio Salazar junto autoridades municipales y  junto a Jeronimo Ainchil, rector de la Universidad de San Antonio de Areco se presento en conferencia de prensa la firma de un  convenio macro de carreras Universitarias.<\/p>\n\n\n\n<p>Salazar expreso, \u00abes un d\u00eda muy importante para mi y para nuestro equipo, hace un a\u00f1o y medio mas o menos que venimos trabajando sobre este tema, hemos mantenido muchas reuniones, nos encontramos junto a Jeronimo Ainchil, rector de la UNSADA, Universidad de San Antonio de Areco\u00bb<\/p>\n\n\n\n<p>\u00abSiempre desde que comenc\u00e9 mi gesti\u00f3n, est\u00e1bamos investigando como poder hacer para traer carreras universitarias a San Pedro y descubrimos que no era tan f\u00e1cil, hoy por suerte tecnicatura universitaria u mantenimiento industrial y licenciatura en administraci\u00f3n para un primer cuatrimestre, no nos vamos a quedar solo con esto, son carreras que se asocian con la zona\u00bb<\/p>\n\n\n\n<p>\u00abHubiera sido muy irresponsable de mi parte a ver anunciado esto antes, no lo hicimos porque la verdad quer\u00eda tener algo concreto para anunciar, como hoy que vamos a firmar un convenio, por eso tuvimos mucha reserva en manifestar esta noticia\u00bb<\/p>\n\n\n\n<p>\u00abEs el inicio de algo muy importante e hist\u00f3rico para san pedro, tener una Universidad para los chicos es muy importante y es un sue\u00f1o para mi, los costos saldr\u00e1n del fondo educativo y seguramente se realizara en la escuela Industrial\u00bb.<\/p>\n\n\n\n<p>Luego sigui\u00f3 la palabra  Ainchil, \u00abagradecer la confianza primero de Cecilio y su equipo, la UNSADA es una Universidad que hace poco esta en la regi\u00f3n, ha sido creada nueva y crece con el compromiso siempre del Gobierno local\u00bb<\/p>\n\n\n\n<p>\u00abEl periodo de inscripci\u00f3n se va a iniciar a partir de ahora, tienen que ingresar a la pagina www.unsada.edu.ar y all\u00ed estar\u00e1 la oferta completa, todas las carreras que se ofrecen en la regi\u00f3n, no queremos que se repitan en las ciudades para que no se compita\u00bb.<\/p>\n\n\n\n<p>La Universidad Nacional de San Antonio de Areco (UNSAdA) fue creada el 25 de Noviembre de 2015 por Ley del Congreso de la Naci\u00f3n&nbsp;<a href=\"http:\/\/servicios.infoleg.gob.ar\/infolegInternet\/anexos\/255000-259999\/256134\/norma.htm\" target=\"_blank\" rel=\"noreferrer noopener\">N\u00b0 27.213\/2015<\/a>. Se rige por las leyes nacionales, su ley de creaci\u00f3n, su Estatuto y las reglamentaciones que en su consecuencia se dicten. Tiene su sede en Avenida G\u00fciraldes N\u00b0689 de &nbsp;la ciudad de San Antonio de Areco, Provincia de Buenos Aires, donde se encuentra el asiento de sus autoridades centrales.<\/p>\n\n\n\n<p>Tiene como principal misi\u00f3n constituirse en un centro de referencia para el desarrollo de conocimiento cient\u00edfico-tecnol\u00f3gico estrat\u00e9gico y la generaci\u00f3n de innovaci\u00f3n en la regi\u00f3n.<\/p>\n\n\n\n<p>La UNSAdA sigue ampliando su presencia en la regi\u00f3n, con nuevas propuestas y en m\u00e1s ciudades. El rector, Dr. Jer\u00f3nimo Ainchil, recorre cada una de las localidades del \u00e1rea de influencia de la Universidad, junto a otros funcionarios, para reunirse con las autoridades locales:<\/p>\n\n\n\n<p>-En&nbsp;San Antonio de Areco, el rector de la UNSAdA, present\u00f3, junto al intendente Francisco Dura\u00f1ona, la oferta educativa 2019 en la sede Rivadavia de la Universidad, con la presencia de los alumnos de los \u00faltimos a\u00f1os de las escuelas Manuel Belgrano y T\u00e9cnica. El secretario acad\u00e9mico, Walter Bonillo, realiz\u00f3 un repaso por las carreras, puso al tanto a los alumnos sobre las tutor\u00edas para estudiantes de Secundaria del programa NEXOS y dio paso a dos j\u00f3venes de Areco (uno estudiante de la carrera de Inform\u00e1tica de la universidad), quienes contaron su experiencia universitaria y resaltaron la importancia de poder estudiar en un lugar cercano.<\/p>\n\n\n\n<p>En esta localidad, una de las novedades es la apertura de la Licenciatura en Gesti\u00f3n Educativa, un Ciclo de Complementaci\u00f3n Curricular para docentes y profesionales.<\/p>\n\n\n\n<p>-En Baradero, el Dr. Jer\u00f3nimo Ainchil, present\u00f3 la oferta educativa 2019 junto a la intendente Fernanda Antonijevic, en el recinto del Honorable Concejo Deliberante y con la presencia de alumnos de los \u00faltimos a\u00f1os de varias escuelas de la localidad que participaron luego de una&nbsp;serie de charlas con informaci\u00f3n sobre las carreras, becas, vida universitaria y la plataforma de inscripci\u00f3n.<\/p>\n\n\n\n<p>Las autoridades de la UNSAdA y de Baradero anunciaron las obras de ampliaci\u00f3n que, tanto la universidad como el municipio, est\u00e1n encarando para incrementar la capacidad de sus edificios para poder recibir m\u00e1s alumnos y sumar laboratorios y otros requerimientos de las carreras.<\/p>\n\n\n\n<p>La UNSAdA suma en Baradero, en 2019, las carreras de Gesti\u00f3n Ambiental.<\/p>\n","protected":false},"excerpt":{"rendered":"<p>Esta ma\u00f1ana se firmo un convenio, con el fin de permitir el inicio del dictado de carreras universitarias en nuestra ciudad. En el despacho del Intendente Cecilio Salazar junto autoridades municipales y junto a Jeronimo Ainchil, rector de la Universidad de San Antonio de Areco se presento en conferencia de prensa la firma de un [&hellip;]<\/p>\n","protected":false},"author":4,"featured_media":61066,"comment_status":"open","ping_status":"closed","sticky":false,"template":"","format":"standard","meta":{"om_disable_all_campaigns":false,"_jetpack_memberships_contains_paid_content":false,"footnotes":""},"categories":[101,2],"tags":[],"class_list":["post-61064","post","type-post","status-publish","format-standard","has-post-thumbnail","hentry","category-interes-general-locales","category-locales"],"aioseo_notices":[],"gutentor_comment":0,"jetpack_featured_media_url":"https:\/\/eldiariodesanpedro.com.ar\/sitio\/wp-content\/uploads\/2019\/10\/Screenshot_20191001-1202382.png","jetpack_shortlink":"https:\/\/wp.me\/p6RhLt-fSU","jetpack_sharing_enabled":true,"_links":{"self":[{"href":"https:\/\/eldiariodesanpedro.com.ar\/sitio\/wp-json\/wp\/v2\/posts\/61064","targetHints":{"allow":["GET"]}}],"collection":[{"href":"https:\/\/eldiariodesanpedro.com.ar\/sitio\/wp-json\/wp\/v2\/posts"}],"about":[{"href":"https:\/\/eldiariodesanpedro.com.ar\/sitio\/wp-json\/wp\/v2\/types\/post"}],"author":[{"embeddable":true,"href":"https:\/\/eldiariodesanpedro.com.ar\/sitio\/wp-json\/wp\/v2\/users\/4"}],"replies":[{"embeddable":true,"href":"https:\/\/eldiariodesanpedro.com.ar\/sitio\/wp-json\/wp\/v2\/comments?post=61064"}],"version-history":[{"count":1,"href":"https:\/\/eldiariodesanpedro.com.ar\/sitio\/wp-json\/wp\/v2\/posts\/61064\/revisions"}],"predecessor-version":[{"id":61067,"href":"https:\/\/eldiariodesanpedro.com.ar\/sitio\/wp-json\/wp\/v2\/posts\/61064\/revisions\/61067"}],"wp:featuredmedia":[{"embeddable":true,"href":"https:\/\/eldiariodesanpedro.com.ar\/sitio\/wp-json\/wp\/v2\/media\/61066"}],"wp:attachment":[{"href":"https:\/\/eldiariodesanpedro.com.ar\/sitio\/wp-json\/wp\/v2\/media?parent=61064"}],"wp:term":[{"taxonomy":"category","embeddable":true,"href":"https:\/\/eldiariodesanpedro.com.ar\/sitio\/wp-json\/wp\/v2\/categories?post=61064"},{"taxonomy":"post_tag","embeddable":true,"href":"https:\/\/eldiariodesanpedro.com.ar\/sitio\/wp-json\/wp\/v2\/tags?post=61064"}],"curies":[{"name":"wp","href":"https:\/\/api.w.org\/{rel}","templated":true}]}}