{"id":61054,"date":"2019-10-01T11:21:08","date_gmt":"2019-10-01T14:21:08","guid":{"rendered":"https:\/\/eldiariodesanpedro.com.ar\/sitio\/?p=61054"},"modified":"2019-10-01T11:21:12","modified_gmt":"2019-10-01T14:21:12","slug":"primera-edicion-de-rural-bike-en-san-pedro","status":"publish","type":"post","link":"https:\/\/eldiariodesanpedro.com.ar\/sitio\/primera-edicion-de-rural-bike-en-san-pedro\/","title":{"rendered":"Primera edici\u00f3n de Rural Bike en San Pedro"},"content":{"rendered":"<!-- VideographyWP Plugin Message: Automatic video embedding prevented by plugin options. -->\n\n<p>Ciento cincuenta corredores de distintas categor\u00edas recorrieron los 22 km promocionales y 44 km competitivos; participaron de la Primera edici\u00f3n de Rural Bike San Pedro.<\/p>\n\n\n\n<p>M\u00e1s de 200 bikers de todas las edades disfrutaron de una jornada de Sol en San Pedro, aceptando la convocatoria de Prociclismo a participar de la carrera Tradicional de Rural Bike en la ciudad del norte bonaerense.<\/p>\n\n\n\n<p>Con gran despliegue organizativo y de infraestructura, la gente de Prociclismo con el importante apoyo de empresas del gremio entre las que se destacaron Melin y Foxter, recibieron a los corredores que fueron llegando desde temprano a las instalaciones del circuito El Panor\u00e1mico de San Pedro. <\/p>\n\n\n\n<p>Si bien el asfalto del circuito est\u00e1 muy deteriorado y no pueden realizarse all\u00ed carreras de ruta, su amplitud y arboleda se adaptan perfectamente para ser el epicentro de competencias de Rural Bike. <\/p>\n\n\n\n<p>La fecha coincidente con la final del Lujanense, seguramente obr\u00f3 en restar corredores para ambos eventos, una situaci\u00f3n que se repiti\u00f3 a lo largo del a\u00f1o y que ser\u00eda conveniente evitar en el futuro con un acuerdo general entre los distintos organizadores.<\/p>\n\n\n\n<p>El trazado que se utiliz\u00f3 el domingo comprendi\u00f3 10 km muy veloces, que fueron transitados en tres ocasiones durante la manga de la ma\u00f1ana, y seis veces en la tanda vespertina.<\/p>\n\n\n\n<p> En el intermedio se realizaron competencias para infantiles divididas por edades, que contaron con una nutrida participaci\u00f3n de peque\u00f1os ciclistas.<\/p>\n\n\n\n<p>Promocionales, Recreativas, Damas, Master C y Master D, fueron los primeros en tomar la acci\u00f3n, con largadas separadas por dos minutos.<\/p>\n\n\n\n<p>Como suele suceder, y m\u00e1s con el incentivo de premiaci\u00f3n en efectivo, la categor\u00eda Promocionales fue muy numerosa y de nivel propio de categor\u00edas superiores, lo que qued\u00f3 en evidencia con el promedio del ganador Andr\u00e9s Fern\u00e1ndez que traspas\u00f3 los 35 km\/h.<br><\/p>\n\n\n\n<p>Carolina Tagliaferro fue la chica m\u00e1s r\u00e1pida, ganando su categor\u00eda en 57 minutos para los 30 km.<\/p>\n\n\n\n<p>Sonia Ledesma gan\u00f3 en Damas B y Mirta Bonjour en Damas C.<br><\/p>\n\n\n\n<p>El pergaminense Ricardo Curia se impuso en la Master C, en tanto que el juninense Antonio Busto lo hizo en la Master D.<\/p>\n\n\n\n<p>Los Infantiles acapararon la atenci\u00f3n durante el mediod\u00eda, mientras las inscripciones para la tanda final se iban sumando.<\/p>\n\n\n\n<p>A las 14.40 se larg\u00f3 la competencia final pactada a 6 vueltas que totalizaron 60 km. Fue bastante dura a juzgar por los numerosos abandonos que se registraron, aunque varias de las deserciones se debieron a pinchazos que afectaron a varios corredores de punta. Seg\u00fan que el inconveniente se presentara lejos o cerca del Panor\u00e1mico, depend\u00eda la decisi\u00f3n de abandonar o reparar.<\/p>\n\n\n\n<p><strong>Los pinchazos definieron la Master B<\/strong>. Fernando Sinelli sufri\u00f3 el percance en la cuarta vuelta y perdi\u00f3 contacto con su compa\u00f1ero de fuga Mart\u00edn Russo. Sinelli cont\u00f3 con la asistencia r\u00e1pida de sus colaboradores y remont\u00f3 hasta el primer lugar nuevamente, al tiempo que le tocaba a Russo sufrir un pinchazo que lo oblig\u00f3 a abandonar.<\/p>\n\n\n\n<p><strong>Los Master A y Elite<\/strong>\u00a0largaron separadamente pero giraron a ritmos muy parejos aunque no hab\u00eda pr\u00e1cticamente referencias entre ellos. A apenas 20 segundos los Master A fueron m\u00e1s r\u00e1pidos que los Elite, aunque la clasificaci\u00f3n general serv\u00eda s\u00f3lo a efectos ilustrativos. La platita m\u00e1s abundante estaba en la Elite, que qued\u00f3 en poder de Pablo Martorelli, quien rod\u00f3 parejo con el joven local Ignacio Pisani y el bragadense Fernando Sauco, hasta llegar la definici\u00f3n en la sexta vuelta.<\/p>\n\n\n\n<p>El Equipo de Rural Bike San Pedro estuvo integrado por:<br>Mar\u00eda Eugenia Cajide<br>Fernanda Canestrari<br>Mat\u00edas Sampol<br>Agust\u00edn Ruiz <\/p>\n\n\n\n<ul class=\"wp-block-gallery columns-3 is-cropped wp-block-gallery-1 is-layout-flex wp-block-gallery-is-layout-flex\"><li class=\"blocks-gallery-item\"><figure><img decoding=\"async\" width=\"1024\" height=\"532\" data-attachment-id=\"61055\" data-permalink=\"https:\/\/eldiariodesanpedro.com.ar\/sitio\/primera-edicion-de-rural-bike-en-san-pedro\/71031092_2488095837951743_5697353145542246400_o\/\" data-orig-file=\"https:\/\/eldiariodesanpedro.com.ar\/sitio\/wp-content\/uploads\/2019\/10\/71031092_2488095837951743_5697353145542246400_o.jpg\" data-orig-size=\"1280,665\" data-comments-opened=\"1\" data-image-meta=\"{&quot;aperture&quot;:&quot;0&quot;,&quot;credit&quot;:&quot;&quot;,&quot;camera&quot;:&quot;&quot;,&quot;caption&quot;:&quot;&quot;,&quot;created_timestamp&quot;:&quot;0&quot;,&quot;copyright&quot;:&quot;&quot;,&quot;focal_length&quot;:&quot;0&quot;,&quot;iso&quot;:&quot;0&quot;,&quot;shutter_speed&quot;:&quot;0&quot;,&quot;title&quot;:&quot;&quot;,&quot;orientation&quot;:&quot;0&quot;}\" data-image-title=\"71031092_2488095837951743_5697353145542246400_o\" data-image-description=\"\" data-image-caption=\"\" data-large-file=\"https:\/\/eldiariodesanpedro.com.ar\/sitio\/wp-content\/uploads\/2019\/10\/71031092_2488095837951743_5697353145542246400_o-1024x532.jpg\" data-src=\"https:\/\/eldiariodesanpedro.com.ar\/sitio\/wp-content\/uploads\/2019\/10\/71031092_2488095837951743_5697353145542246400_o-1024x532.jpg\" alt=\"\" data-id=\"61055\" data-link=\"https:\/\/eldiariodesanpedro.com.ar\/sitio\/?attachment_id=61055\" class=\"wp-image-61055 lazyload\" data-srcset=\"https:\/\/eldiariodesanpedro.com.ar\/sitio\/wp-content\/uploads\/2019\/10\/71031092_2488095837951743_5697353145542246400_o-1024x532.jpg 1024w, https:\/\/eldiariodesanpedro.com.ar\/sitio\/wp-content\/uploads\/2019\/10\/71031092_2488095837951743_5697353145542246400_o-300x156.jpg 300w, https:\/\/eldiariodesanpedro.com.ar\/sitio\/wp-content\/uploads\/2019\/10\/71031092_2488095837951743_5697353145542246400_o-768x399.jpg 768w, https:\/\/eldiariodesanpedro.com.ar\/sitio\/wp-content\/uploads\/2019\/10\/71031092_2488095837951743_5697353145542246400_o.jpg 1280w\" data-sizes=\"(max-width: 1024px) 100vw, 1024px\" src=\"data:image\/svg+xml;base64,PHN2ZyB3aWR0aD0iMSIgaGVpZ2h0PSIxIiB4bWxucz0iaHR0cDovL3d3dy53My5vcmcvMjAwMC9zdmciPjwvc3ZnPg==\" style=\"--smush-placeholder-width: 1024px; --smush-placeholder-aspect-ratio: 1024\/532;\" \/><\/figure><\/li><li class=\"blocks-gallery-item\"><figure><img decoding=\"async\" width=\"720\" height=\"720\" data-attachment-id=\"61056\" data-permalink=\"https:\/\/eldiariodesanpedro.com.ar\/sitio\/primera-edicion-de-rural-bike-en-san-pedro\/71103688_2488095921285068_6206537057674723328_n\/\" data-orig-file=\"https:\/\/eldiariodesanpedro.com.ar\/sitio\/wp-content\/uploads\/2019\/10\/71103688_2488095921285068_6206537057674723328_n.jpg\" data-orig-size=\"720,720\" data-comments-opened=\"1\" data-image-meta=\"{&quot;aperture&quot;:&quot;0&quot;,&quot;credit&quot;:&quot;&quot;,&quot;camera&quot;:&quot;&quot;,&quot;caption&quot;:&quot;&quot;,&quot;created_timestamp&quot;:&quot;0&quot;,&quot;copyright&quot;:&quot;&quot;,&quot;focal_length&quot;:&quot;0&quot;,&quot;iso&quot;:&quot;0&quot;,&quot;shutter_speed&quot;:&quot;0&quot;,&quot;title&quot;:&quot;&quot;,&quot;orientation&quot;:&quot;0&quot;}\" data-image-title=\"71103688_2488095921285068_6206537057674723328_n\" data-image-description=\"\" data-image-caption=\"\" data-large-file=\"https:\/\/eldiariodesanpedro.com.ar\/sitio\/wp-content\/uploads\/2019\/10\/71103688_2488095921285068_6206537057674723328_n.jpg\" data-src=\"https:\/\/eldiariodesanpedro.com.ar\/sitio\/wp-content\/uploads\/2019\/10\/71103688_2488095921285068_6206537057674723328_n.jpg\" alt=\"\" data-id=\"61056\" data-link=\"https:\/\/eldiariodesanpedro.com.ar\/sitio\/?attachment_id=61056\" class=\"wp-image-61056 lazyload\" data-srcset=\"https:\/\/eldiariodesanpedro.com.ar\/sitio\/wp-content\/uploads\/2019\/10\/71103688_2488095921285068_6206537057674723328_n.jpg 720w, https:\/\/eldiariodesanpedro.com.ar\/sitio\/wp-content\/uploads\/2019\/10\/71103688_2488095921285068_6206537057674723328_n-150x150.jpg 150w, https:\/\/eldiariodesanpedro.com.ar\/sitio\/wp-content\/uploads\/2019\/10\/71103688_2488095921285068_6206537057674723328_n-300x300.jpg 300w\" data-sizes=\"(max-width: 720px) 100vw, 720px\" src=\"data:image\/svg+xml;base64,PHN2ZyB3aWR0aD0iMSIgaGVpZ2h0PSIxIiB4bWxucz0iaHR0cDovL3d3dy53My5vcmcvMjAwMC9zdmciPjwvc3ZnPg==\" style=\"--smush-placeholder-width: 720px; --smush-placeholder-aspect-ratio: 720\/720;\" \/><\/figure><\/li><li class=\"blocks-gallery-item\"><figure><img decoding=\"async\" width=\"720\" height=\"540\" data-attachment-id=\"61057\" data-permalink=\"https:\/\/eldiariodesanpedro.com.ar\/sitio\/primera-edicion-de-rural-bike-en-san-pedro\/71238927_2488096011285059_3330611644714713088_n\/\" data-orig-file=\"https:\/\/eldiariodesanpedro.com.ar\/sitio\/wp-content\/uploads\/2019\/10\/71238927_2488096011285059_3330611644714713088_n.jpg\" data-orig-size=\"720,540\" data-comments-opened=\"1\" data-image-meta=\"{&quot;aperture&quot;:&quot;0&quot;,&quot;credit&quot;:&quot;&quot;,&quot;camera&quot;:&quot;&quot;,&quot;caption&quot;:&quot;&quot;,&quot;created_timestamp&quot;:&quot;0&quot;,&quot;copyright&quot;:&quot;&quot;,&quot;focal_length&quot;:&quot;0&quot;,&quot;iso&quot;:&quot;0&quot;,&quot;shutter_speed&quot;:&quot;0&quot;,&quot;title&quot;:&quot;&quot;,&quot;orientation&quot;:&quot;0&quot;}\" data-image-title=\"71238927_2488096011285059_3330611644714713088_n\" data-image-description=\"\" data-image-caption=\"\" data-large-file=\"https:\/\/eldiariodesanpedro.com.ar\/sitio\/wp-content\/uploads\/2019\/10\/71238927_2488096011285059_3330611644714713088_n.jpg\" data-src=\"https:\/\/eldiariodesanpedro.com.ar\/sitio\/wp-content\/uploads\/2019\/10\/71238927_2488096011285059_3330611644714713088_n.jpg\" alt=\"\" data-id=\"61057\" data-link=\"https:\/\/eldiariodesanpedro.com.ar\/sitio\/?attachment_id=61057\" class=\"wp-image-61057 lazyload\" data-srcset=\"https:\/\/eldiariodesanpedro.com.ar\/sitio\/wp-content\/uploads\/2019\/10\/71238927_2488096011285059_3330611644714713088_n.jpg 720w, https:\/\/eldiariodesanpedro.com.ar\/sitio\/wp-content\/uploads\/2019\/10\/71238927_2488096011285059_3330611644714713088_n-300x225.jpg 300w\" data-sizes=\"(max-width: 720px) 100vw, 720px\" src=\"data:image\/svg+xml;base64,PHN2ZyB3aWR0aD0iMSIgaGVpZ2h0PSIxIiB4bWxucz0iaHR0cDovL3d3dy53My5vcmcvMjAwMC9zdmciPjwvc3ZnPg==\" style=\"--smush-placeholder-width: 720px; --smush-placeholder-aspect-ratio: 720\/540;\" \/><\/figure><\/li><li class=\"blocks-gallery-item\"><figure><img decoding=\"async\" width=\"720\" height=\"960\" data-attachment-id=\"61058\" data-permalink=\"https:\/\/eldiariodesanpedro.com.ar\/sitio\/primera-edicion-de-rural-bike-en-san-pedro\/71328923_2488095817951745_2512039076220108800_n\/\" data-orig-file=\"https:\/\/eldiariodesanpedro.com.ar\/sitio\/wp-content\/uploads\/2019\/10\/71328923_2488095817951745_2512039076220108800_n.jpg\" data-orig-size=\"720,960\" data-comments-opened=\"1\" data-image-meta=\"{&quot;aperture&quot;:&quot;0&quot;,&quot;credit&quot;:&quot;&quot;,&quot;camera&quot;:&quot;&quot;,&quot;caption&quot;:&quot;&quot;,&quot;created_timestamp&quot;:&quot;0&quot;,&quot;copyright&quot;:&quot;&quot;,&quot;focal_length&quot;:&quot;0&quot;,&quot;iso&quot;:&quot;0&quot;,&quot;shutter_speed&quot;:&quot;0&quot;,&quot;title&quot;:&quot;&quot;,&quot;orientation&quot;:&quot;0&quot;}\" data-image-title=\"71328923_2488095817951745_2512039076220108800_n\" data-image-description=\"\" data-image-caption=\"\" data-large-file=\"https:\/\/eldiariodesanpedro.com.ar\/sitio\/wp-content\/uploads\/2019\/10\/71328923_2488095817951745_2512039076220108800_n.jpg\" data-src=\"https:\/\/eldiariodesanpedro.com.ar\/sitio\/wp-content\/uploads\/2019\/10\/71328923_2488095817951745_2512039076220108800_n.jpg\" alt=\"\" data-id=\"61058\" data-link=\"https:\/\/eldiariodesanpedro.com.ar\/sitio\/?attachment_id=61058\" class=\"wp-image-61058 lazyload\" data-srcset=\"https:\/\/eldiariodesanpedro.com.ar\/sitio\/wp-content\/uploads\/2019\/10\/71328923_2488095817951745_2512039076220108800_n.jpg 720w, https:\/\/eldiariodesanpedro.com.ar\/sitio\/wp-content\/uploads\/2019\/10\/71328923_2488095817951745_2512039076220108800_n-225x300.jpg 225w\" data-sizes=\"(max-width: 720px) 100vw, 720px\" src=\"data:image\/svg+xml;base64,PHN2ZyB3aWR0aD0iMSIgaGVpZ2h0PSIxIiB4bWxucz0iaHR0cDovL3d3dy53My5vcmcvMjAwMC9zdmciPjwvc3ZnPg==\" style=\"--smush-placeholder-width: 720px; --smush-placeholder-aspect-ratio: 720\/960;\" \/><\/figure><\/li><li class=\"blocks-gallery-item\"><figure><img decoding=\"async\" width=\"720\" height=\"720\" data-attachment-id=\"61059\" data-permalink=\"https:\/\/eldiariodesanpedro.com.ar\/sitio\/primera-edicion-de-rural-bike-en-san-pedro\/71498342_2488095797951747_7252660201851977728_n\/\" data-orig-file=\"https:\/\/eldiariodesanpedro.com.ar\/sitio\/wp-content\/uploads\/2019\/10\/71498342_2488095797951747_7252660201851977728_n.jpg\" data-orig-size=\"720,720\" data-comments-opened=\"1\" data-image-meta=\"{&quot;aperture&quot;:&quot;0&quot;,&quot;credit&quot;:&quot;&quot;,&quot;camera&quot;:&quot;&quot;,&quot;caption&quot;:&quot;&quot;,&quot;created_timestamp&quot;:&quot;0&quot;,&quot;copyright&quot;:&quot;&quot;,&quot;focal_length&quot;:&quot;0&quot;,&quot;iso&quot;:&quot;0&quot;,&quot;shutter_speed&quot;:&quot;0&quot;,&quot;title&quot;:&quot;&quot;,&quot;orientation&quot;:&quot;0&quot;}\" data-image-title=\"71498342_2488095797951747_7252660201851977728_n\" data-image-description=\"\" data-image-caption=\"\" data-large-file=\"https:\/\/eldiariodesanpedro.com.ar\/sitio\/wp-content\/uploads\/2019\/10\/71498342_2488095797951747_7252660201851977728_n.jpg\" data-src=\"https:\/\/eldiariodesanpedro.com.ar\/sitio\/wp-content\/uploads\/2019\/10\/71498342_2488095797951747_7252660201851977728_n.jpg\" alt=\"\" data-id=\"61059\" data-link=\"https:\/\/eldiariodesanpedro.com.ar\/sitio\/?attachment_id=61059\" class=\"wp-image-61059 lazyload\" data-srcset=\"https:\/\/eldiariodesanpedro.com.ar\/sitio\/wp-content\/uploads\/2019\/10\/71498342_2488095797951747_7252660201851977728_n.jpg 720w, https:\/\/eldiariodesanpedro.com.ar\/sitio\/wp-content\/uploads\/2019\/10\/71498342_2488095797951747_7252660201851977728_n-150x150.jpg 150w, https:\/\/eldiariodesanpedro.com.ar\/sitio\/wp-content\/uploads\/2019\/10\/71498342_2488095797951747_7252660201851977728_n-300x300.jpg 300w\" data-sizes=\"(max-width: 720px) 100vw, 720px\" src=\"data:image\/svg+xml;base64,PHN2ZyB3aWR0aD0iMSIgaGVpZ2h0PSIxIiB4bWxucz0iaHR0cDovL3d3dy53My5vcmcvMjAwMC9zdmciPjwvc3ZnPg==\" style=\"--smush-placeholder-width: 720px; --smush-placeholder-aspect-ratio: 720\/720;\" \/><\/figure><\/li><li class=\"blocks-gallery-item\"><figure><img decoding=\"async\" width=\"720\" height=\"540\" data-attachment-id=\"61060\" data-permalink=\"https:\/\/eldiariodesanpedro.com.ar\/sitio\/primera-edicion-de-rural-bike-en-san-pedro\/71736132_2488096027951724_8856198057268609024_n\/\" data-orig-file=\"https:\/\/eldiariodesanpedro.com.ar\/sitio\/wp-content\/uploads\/2019\/10\/71736132_2488096027951724_8856198057268609024_n.jpg\" data-orig-size=\"720,540\" data-comments-opened=\"1\" data-image-meta=\"{&quot;aperture&quot;:&quot;0&quot;,&quot;credit&quot;:&quot;&quot;,&quot;camera&quot;:&quot;&quot;,&quot;caption&quot;:&quot;&quot;,&quot;created_timestamp&quot;:&quot;0&quot;,&quot;copyright&quot;:&quot;&quot;,&quot;focal_length&quot;:&quot;0&quot;,&quot;iso&quot;:&quot;0&quot;,&quot;shutter_speed&quot;:&quot;0&quot;,&quot;title&quot;:&quot;&quot;,&quot;orientation&quot;:&quot;0&quot;}\" data-image-title=\"71736132_2488096027951724_8856198057268609024_n\" data-image-description=\"\" data-image-caption=\"\" data-large-file=\"https:\/\/eldiariodesanpedro.com.ar\/sitio\/wp-content\/uploads\/2019\/10\/71736132_2488096027951724_8856198057268609024_n.jpg\" data-src=\"https:\/\/eldiariodesanpedro.com.ar\/sitio\/wp-content\/uploads\/2019\/10\/71736132_2488096027951724_8856198057268609024_n.jpg\" alt=\"\" data-id=\"61060\" data-link=\"https:\/\/eldiariodesanpedro.com.ar\/sitio\/?attachment_id=61060\" class=\"wp-image-61060 lazyload\" data-srcset=\"https:\/\/eldiariodesanpedro.com.ar\/sitio\/wp-content\/uploads\/2019\/10\/71736132_2488096027951724_8856198057268609024_n.jpg 720w, https:\/\/eldiariodesanpedro.com.ar\/sitio\/wp-content\/uploads\/2019\/10\/71736132_2488096027951724_8856198057268609024_n-300x225.jpg 300w\" data-sizes=\"(max-width: 720px) 100vw, 720px\" src=\"data:image\/svg+xml;base64,PHN2ZyB3aWR0aD0iMSIgaGVpZ2h0PSIxIiB4bWxucz0iaHR0cDovL3d3dy53My5vcmcvMjAwMC9zdmciPjwvc3ZnPg==\" style=\"--smush-placeholder-width: 720px; --smush-placeholder-aspect-ratio: 720\/540;\" \/><\/figure><\/li><li class=\"blocks-gallery-item\"><figure><img decoding=\"async\" width=\"720\" height=\"405\" data-attachment-id=\"61061\" data-permalink=\"https:\/\/eldiariodesanpedro.com.ar\/sitio\/primera-edicion-de-rural-bike-en-san-pedro\/72164986_2488096147951712_8113911903316606976_n\/\" data-orig-file=\"https:\/\/eldiariodesanpedro.com.ar\/sitio\/wp-content\/uploads\/2019\/10\/72164986_2488096147951712_8113911903316606976_n.jpg\" data-orig-size=\"720,405\" data-comments-opened=\"1\" data-image-meta=\"{&quot;aperture&quot;:&quot;0&quot;,&quot;credit&quot;:&quot;&quot;,&quot;camera&quot;:&quot;&quot;,&quot;caption&quot;:&quot;&quot;,&quot;created_timestamp&quot;:&quot;0&quot;,&quot;copyright&quot;:&quot;&quot;,&quot;focal_length&quot;:&quot;0&quot;,&quot;iso&quot;:&quot;0&quot;,&quot;shutter_speed&quot;:&quot;0&quot;,&quot;title&quot;:&quot;&quot;,&quot;orientation&quot;:&quot;0&quot;}\" data-image-title=\"72164986_2488096147951712_8113911903316606976_n\" data-image-description=\"\" data-image-caption=\"\" data-large-file=\"https:\/\/eldiariodesanpedro.com.ar\/sitio\/wp-content\/uploads\/2019\/10\/72164986_2488096147951712_8113911903316606976_n.jpg\" data-src=\"https:\/\/eldiariodesanpedro.com.ar\/sitio\/wp-content\/uploads\/2019\/10\/72164986_2488096147951712_8113911903316606976_n.jpg\" alt=\"\" data-id=\"61061\" data-link=\"https:\/\/eldiariodesanpedro.com.ar\/sitio\/?attachment_id=61061\" class=\"wp-image-61061 lazyload\" data-srcset=\"https:\/\/eldiariodesanpedro.com.ar\/sitio\/wp-content\/uploads\/2019\/10\/72164986_2488096147951712_8113911903316606976_n.jpg 720w, https:\/\/eldiariodesanpedro.com.ar\/sitio\/wp-content\/uploads\/2019\/10\/72164986_2488096147951712_8113911903316606976_n-300x169.jpg 300w\" data-sizes=\"(max-width: 720px) 100vw, 720px\" src=\"data:image\/svg+xml;base64,PHN2ZyB3aWR0aD0iMSIgaGVpZ2h0PSIxIiB4bWxucz0iaHR0cDovL3d3dy53My5vcmcvMjAwMC9zdmciPjwvc3ZnPg==\" style=\"--smush-placeholder-width: 720px; --smush-placeholder-aspect-ratio: 720\/405;\" \/><\/figure><\/li><li class=\"blocks-gallery-item\"><figure><img decoding=\"async\" width=\"720\" height=\"720\" data-attachment-id=\"61062\" data-permalink=\"https:\/\/eldiariodesanpedro.com.ar\/sitio\/primera-edicion-de-rural-bike-en-san-pedro\/72244508_2488095954618398_3146832231796834304_n\/\" data-orig-file=\"https:\/\/eldiariodesanpedro.com.ar\/sitio\/wp-content\/uploads\/2019\/10\/72244508_2488095954618398_3146832231796834304_n.jpg\" data-orig-size=\"720,720\" data-comments-opened=\"1\" data-image-meta=\"{&quot;aperture&quot;:&quot;0&quot;,&quot;credit&quot;:&quot;&quot;,&quot;camera&quot;:&quot;&quot;,&quot;caption&quot;:&quot;&quot;,&quot;created_timestamp&quot;:&quot;0&quot;,&quot;copyright&quot;:&quot;&quot;,&quot;focal_length&quot;:&quot;0&quot;,&quot;iso&quot;:&quot;0&quot;,&quot;shutter_speed&quot;:&quot;0&quot;,&quot;title&quot;:&quot;&quot;,&quot;orientation&quot;:&quot;0&quot;}\" data-image-title=\"72244508_2488095954618398_3146832231796834304_n\" data-image-description=\"\" data-image-caption=\"\" data-large-file=\"https:\/\/eldiariodesanpedro.com.ar\/sitio\/wp-content\/uploads\/2019\/10\/72244508_2488095954618398_3146832231796834304_n.jpg\" data-src=\"https:\/\/eldiariodesanpedro.com.ar\/sitio\/wp-content\/uploads\/2019\/10\/72244508_2488095954618398_3146832231796834304_n.jpg\" alt=\"\" data-id=\"61062\" data-link=\"https:\/\/eldiariodesanpedro.com.ar\/sitio\/?attachment_id=61062\" class=\"wp-image-61062 lazyload\" data-srcset=\"https:\/\/eldiariodesanpedro.com.ar\/sitio\/wp-content\/uploads\/2019\/10\/72244508_2488095954618398_3146832231796834304_n.jpg 720w, https:\/\/eldiariodesanpedro.com.ar\/sitio\/wp-content\/uploads\/2019\/10\/72244508_2488095954618398_3146832231796834304_n-150x150.jpg 150w, https:\/\/eldiariodesanpedro.com.ar\/sitio\/wp-content\/uploads\/2019\/10\/72244508_2488095954618398_3146832231796834304_n-300x300.jpg 300w\" data-sizes=\"(max-width: 720px) 100vw, 720px\" src=\"data:image\/svg+xml;base64,PHN2ZyB3aWR0aD0iMSIgaGVpZ2h0PSIxIiB4bWxucz0iaHR0cDovL3d3dy53My5vcmcvMjAwMC9zdmciPjwvc3ZnPg==\" style=\"--smush-placeholder-width: 720px; --smush-placeholder-aspect-ratio: 720\/720;\" \/><\/figure><\/li><\/ul>\n","protected":false},"excerpt":{"rendered":"<p>Ciento cincuenta corredores de distintas categor\u00edas recorrieron los 22 km promocionales y 44 km competitivos; participaron de la Primera edici\u00f3n de Rural Bike San Pedro. M\u00e1s de 200 bikers de todas las edades disfrutaron de una jornada de Sol en San Pedro, aceptando la convocatoria de Prociclismo a participar de la carrera Tradicional de Rural [&hellip;]<\/p>\n","protected":false},"author":4,"featured_media":61061,"comment_status":"open","ping_status":"closed","sticky":false,"template":"","format":"standard","meta":{"om_disable_all_campaigns":false,"_jetpack_memberships_contains_paid_content":false,"footnotes":""},"categories":[50,101,2],"tags":[],"class_list":["post-61054","post","type-post","status-publish","format-standard","has-post-thumbnail","hentry","category-destacadas","category-interes-general-locales","category-locales"],"aioseo_notices":[],"gutentor_comment":0,"jetpack_featured_media_url":"https:\/\/eldiariodesanpedro.com.ar\/sitio\/wp-content\/uploads\/2019\/10\/72164986_2488096147951712_8113911903316606976_n.jpg","jetpack_shortlink":"https:\/\/wp.me\/p6RhLt-fSK","jetpack_sharing_enabled":true,"_links":{"self":[{"href":"https:\/\/eldiariodesanpedro.com.ar\/sitio\/wp-json\/wp\/v2\/posts\/61054","targetHints":{"allow":["GET"]}}],"collection":[{"href":"https:\/\/eldiariodesanpedro.com.ar\/sitio\/wp-json\/wp\/v2\/posts"}],"about":[{"href":"https:\/\/eldiariodesanpedro.com.ar\/sitio\/wp-json\/wp\/v2\/types\/post"}],"author":[{"embeddable":true,"href":"https:\/\/eldiariodesanpedro.com.ar\/sitio\/wp-json\/wp\/v2\/users\/4"}],"replies":[{"embeddable":true,"href":"https:\/\/eldiariodesanpedro.com.ar\/sitio\/wp-json\/wp\/v2\/comments?post=61054"}],"version-history":[{"count":1,"href":"https:\/\/eldiariodesanpedro.com.ar\/sitio\/wp-json\/wp\/v2\/posts\/61054\/revisions"}],"predecessor-version":[{"id":61063,"href":"https:\/\/eldiariodesanpedro.com.ar\/sitio\/wp-json\/wp\/v2\/posts\/61054\/revisions\/61063"}],"wp:featuredmedia":[{"embeddable":true,"href":"https:\/\/eldiariodesanpedro.com.ar\/sitio\/wp-json\/wp\/v2\/media\/61061"}],"wp:attachment":[{"href":"https:\/\/eldiariodesanpedro.com.ar\/sitio\/wp-json\/wp\/v2\/media?parent=61054"}],"wp:term":[{"taxonomy":"category","embeddable":true,"href":"https:\/\/eldiariodesanpedro.com.ar\/sitio\/wp-json\/wp\/v2\/categories?post=61054"},{"taxonomy":"post_tag","embeddable":true,"href":"https:\/\/eldiariodesanpedro.com.ar\/sitio\/wp-json\/wp\/v2\/tags?post=61054"}],"curies":[{"name":"wp","href":"https:\/\/api.w.org\/{rel}","templated":true}]}}