{"id":61046,"date":"2019-10-01T09:46:14","date_gmt":"2019-10-01T12:46:14","guid":{"rendered":"https:\/\/eldiariodesanpedro.com.ar\/sitio\/?p=61046"},"modified":"2019-10-01T09:46:19","modified_gmt":"2019-10-01T12:46:19","slug":"adhesion-del-circulo-medico-a-las-acciones-de-cemibo-y-amp","status":"publish","type":"post","link":"https:\/\/eldiariodesanpedro.com.ar\/sitio\/adhesion-del-circulo-medico-a-las-acciones-de-cemibo-y-amp\/","title":{"rendered":"Adhesi\u00f3n del Circulo Medico a las acciones de CEMIBO y AMP"},"content":{"rendered":"<!-- VideographyWP Plugin Message: Automatic video embedding prevented by plugin options. -->\n\n<p><strong>El viernes 4 a las 10, protesta en defensa del sistema de salud. <\/strong>Frente a la falta de respuesta en la implementaci\u00f3n del nuevo nomenclador y en el incremento de honorarios, los m\u00e9dicos nucleados en la Agremiaci\u00f3n M\u00e9dica Platense y CEMIBO realizar\u00e1n el pr\u00f3ximo viernes 4 de octubre de 10 a 16, una jornada de protesta frente a la Casa de Gobierno de la Provincia de Buenos Aires, sobre Plaza San Mart\u00edn, en defensa del sistema de salud y bajo el lema #IOMAAS\u00cdNOVAM\u00c1S.<\/p>\n\n\n\n<p>La decisi\u00f3n se tom\u00f3 el s\u00e1bado, durante la \u00faltima reuni\u00f3n que realizaron en La Plata los referentes de CEMIBO, entidad que nuclea a los m\u00e9dicos de la AMP y de los c\u00edrculos m\u00e9dicos de Ensenada, Tandil, Mar del Plata, San Pedro, Balcarce y Trenque Lauquen, unos 7.000 profesionales que atienden a cerca de 700.000 afiliados al IOMA.<\/p>\n\n\n\n<p>\u201cLa semana pasada informamos que nos sentimos estafados y traicionados en nuestra buena fe por parte del IOMA, cuyas autoridades prometieron y firmaron un acuerdo de puesta en marcha del nomenclador con vigencia desde el 1 de abril\u201d, informaron desde CEMIBO, y agregaron que \u201choy estamos convocando a todos los colegas y a la comunidad a una manifestaci\u00f3n que realizaremos este viernes 4 frente a Gobernaci\u00f3n, para visibilizar \u00e9ste y otros reclamos al Gobierno de la Provincia, y para contarle a los afiliados que necesitamos como nunca de su apoyo, porque el nuevo nomenclador beneficia a todas las partes del sistema, pero especialmente al paciente\u201d. Es que con la aplicaci\u00f3n del nuevo listado, que viene a actualizar e nomenclador del a\u00f1o 1958, los afiliados ya no tendr\u00e1n que someterse a extensos y engorrosos tr\u00e1mites de excepci\u00f3n o, lo que es peor, a la judicializaci\u00f3n de su caso para acceder a un estudio o una pr\u00e1ctica habitual e indispensable para el cuidado de su salud.<\/p>\n\n\n\n<p>Por todo esto, y frente a la falta de respuesta, las entidades reclamar\u00e1n que se efectivice el nomenclador actualizado, compromiso que el propio presidente de IOMA, Pablo Di Liscia, rubric\u00f3 en diciembre de 2018 para que comience a regir en marzo de este a\u00f1o.<\/p>\n\n\n\n<p>A su vez, como parte de la medida, se prev\u00e9 que los profesionales se sumen a la protesta y suspendan la atenci\u00f3n por IOMA durante el horario de la manifestaci\u00f3n, es decir, el pr\u00f3ximo viernes 4 desde las 10 hasta las 16.<br>En la reuni\u00f3n del s\u00e1bado, los referentes de las entidades m\u00e9dicas tambi\u00e9n dejaron en claro que ser\u00e1n enf\u00e1ticos en la defensa del aumento de honorarios. Este a\u00f1o, ese incremento que toma como referencia la paritaria provincial, solo fue asumido por IOMA para los m\u00e9dicos que revisten en la categor\u00eda A, pese a que el convenio entre el Instituto y las entidades m\u00e9dicas deja en claro que el bono B debe tener un valor 40 por ciento superior al A y que el bono C, debe ser un 40 por ciento mayor al B.<br>\u201cEn un acto discriminatorio para gran parte de los profesionales, IOMA solo aplic\u00f3 la suba para los profesionales que cobran bonos A, en desmedro de todos los dem\u00e1s, y en un claro incumplimiento de la cl\u00e1usula 11\u00b0 del convenio firmado\u201d, explicaron desde CEMIBO. Y agregaron que cuando los m\u00e9dicos comenzaron a hacer efectiva la suba para las categor\u00edas B y C, desde el Instituto \u201cnos coaccionaron con cartas documento y dijeron que se trataba de una medida unilateral, cuando en realidad responde al cumplimiento del convenio que nos regula desde hace dos a\u00f1os\u201d. \u00a0<\/p>\n\n\n\n<p>A estos reclamos, se suman otros espec\u00edficos, provenientes de los c\u00edrculos m\u00e9dicos de Balcarce y Trenque Lauquen, a quienes IOMA les asegur\u00f3 hace meses que pasar\u00edan del sistema de cobro por c\u00e1pita al de cobro por prestaci\u00f3n, \u201cpero este pasaje, que es un reclamo de larga data de los m\u00e9dicos de esos distritos, tampoco se materializ\u00f3 en otro claro acto de discriminaci\u00f3n por parte del Instituto hacia los profesionales que se desempe\u00f1an en esas ciudades\u201d.<\/p>\n\n\n\n<p>Los m\u00e9dicos de la AMP y Ensenada, por su parte, reclaman tambi\u00e9n por d\u00e9bitos indebidos que la obra social les realiz\u00f3 frente a la presentaci\u00f3n de bonos de afiliados del interior, que se cobran a trav\u00e9s de FEMEBA. El titular de la AMP, Jorge Varallo, dijo que \u201csi bien IOMA reconoci\u00f3 este error hace ya cuatro semana y se comprometi\u00f3 a efectuar los pagos a\u00fan no lo hizo, se trata de una cuesti\u00f3n m\u00e1s que IOMA incumple\u201d. <\/p>\n","protected":false},"excerpt":{"rendered":"<p>El viernes 4 a las 10, protesta en defensa del sistema de salud. Frente a la falta de respuesta en la implementaci\u00f3n del nuevo nomenclador y en el incremento de honorarios, los m\u00e9dicos nucleados en la Agremiaci\u00f3n M\u00e9dica Platense y CEMIBO realizar\u00e1n el pr\u00f3ximo viernes 4 de octubre de 10 a 16, una jornada de [&hellip;]<\/p>\n","protected":false},"author":4,"featured_media":61047,"comment_status":"open","ping_status":"closed","sticky":false,"template":"","format":"standard","meta":{"om_disable_all_campaigns":false,"_jetpack_memberships_contains_paid_content":false,"footnotes":""},"categories":[621],"tags":[],"class_list":["post-61046","post","type-post","status-publish","format-standard","has-post-thumbnail","hentry","category-regionales"],"aioseo_notices":[],"gutentor_comment":0,"jetpack_featured_media_url":"https:\/\/eldiariodesanpedro.com.ar\/sitio\/wp-content\/uploads\/2019\/10\/Circulo-M\u00e9dico.jpg","jetpack_shortlink":"https:\/\/wp.me\/p6RhLt-fSC","jetpack_sharing_enabled":true,"_links":{"self":[{"href":"https:\/\/eldiariodesanpedro.com.ar\/sitio\/wp-json\/wp\/v2\/posts\/61046","targetHints":{"allow":["GET"]}}],"collection":[{"href":"https:\/\/eldiariodesanpedro.com.ar\/sitio\/wp-json\/wp\/v2\/posts"}],"about":[{"href":"https:\/\/eldiariodesanpedro.com.ar\/sitio\/wp-json\/wp\/v2\/types\/post"}],"author":[{"embeddable":true,"href":"https:\/\/eldiariodesanpedro.com.ar\/sitio\/wp-json\/wp\/v2\/users\/4"}],"replies":[{"embeddable":true,"href":"https:\/\/eldiariodesanpedro.com.ar\/sitio\/wp-json\/wp\/v2\/comments?post=61046"}],"version-history":[{"count":1,"href":"https:\/\/eldiariodesanpedro.com.ar\/sitio\/wp-json\/wp\/v2\/posts\/61046\/revisions"}],"predecessor-version":[{"id":61048,"href":"https:\/\/eldiariodesanpedro.com.ar\/sitio\/wp-json\/wp\/v2\/posts\/61046\/revisions\/61048"}],"wp:featuredmedia":[{"embeddable":true,"href":"https:\/\/eldiariodesanpedro.com.ar\/sitio\/wp-json\/wp\/v2\/media\/61047"}],"wp:attachment":[{"href":"https:\/\/eldiariodesanpedro.com.ar\/sitio\/wp-json\/wp\/v2\/media?parent=61046"}],"wp:term":[{"taxonomy":"category","embeddable":true,"href":"https:\/\/eldiariodesanpedro.com.ar\/sitio\/wp-json\/wp\/v2\/categories?post=61046"},{"taxonomy":"post_tag","embeddable":true,"href":"https:\/\/eldiariodesanpedro.com.ar\/sitio\/wp-json\/wp\/v2\/tags?post=61046"}],"curies":[{"name":"wp","href":"https:\/\/api.w.org\/{rel}","templated":true}]}}