{"id":61038,"date":"2019-10-01T08:51:15","date_gmt":"2019-10-01T11:51:15","guid":{"rendered":"https:\/\/eldiariodesanpedro.com.ar\/sitio\/?p=61038"},"modified":"2019-10-01T08:51:20","modified_gmt":"2019-10-01T11:51:20","slug":"segundo-dia-de-competencias-en-los-juegos-bonarenses-2019","status":"publish","type":"post","link":"https:\/\/eldiariodesanpedro.com.ar\/sitio\/segundo-dia-de-competencias-en-los-juegos-bonarenses-2019\/","title":{"rendered":"Segundo d\u00eda  de competencias en los Juegos Bonarenses 2019"},"content":{"rendered":"<!-- VideographyWP Plugin Message: Automatic video embedding prevented by plugin options. -->\n\n<p> La intensa lluvia en la ciudad costera hizo estragos en la segunda jornada de los Juegos Bonaerenses 2019. De todos modos, la delegaci\u00f3n sampedrina tuvo acci\u00f3n. <\/p>\n\n\n\n<p>Victoria de los equipos de Softbol 11-9, Handball 19-14, Voley 2-1 Futsal 4-3 y Rugby 19-5.<\/p>\n\n\n\n<p>El equipo de Futbol para personas con discapacidad (PCD) Sub 16 logro una aplastante victoria por 10 a 4 y el conjunto +17 fue derrotado por 1-0.<br>En Ajedrez, Feliciano Mozzi perdi\u00f3 contra un dur\u00edsimo contrincante, mientras que Sasha Medina hizo tablas. En Pat\u00edn Art\u00edstico, muy destacada actuaci\u00f3n de Valentina Cejas \u00a0(4\u00b0) y Martina Figaredo \u00a0(6\u00b0).<br>Por su parte, en Nataci\u00f3n, Agustina Albano termin\u00f3 12\u00b0 en 50 mts estilo Libre, Candela Mart\u00ednez 15\u00b0 en 100 mts Libre, Joaqu\u00edn Murlaas \u00a012\u00b0en 100 mts Espalda, Sof\u00eda Caferri 13\u00b0 en 100 mts espalda y \u00a0Lola Ram\u00edrez 10\u00b0 en 100 mts Mariposa.<\/p>\n\n\n\n<p>Los representantes de Atletismo y Tenis no tuvieron participaci\u00f3n por cuestiones clim\u00e1ticas.<\/p>\n\n\n\n<p>La jornada de ma\u00f1ana tendr\u00e1 participaci\u00f3n sampedrina en Atletismo, Atletismo PCD, Ajedrez, Futbol PCD, Tenis, Softbol, V\u00f3ley, Handball y Futsal. <\/p>\n\n\n\n<ul class=\"wp-block-gallery columns-3 is-cropped wp-block-gallery-1 is-layout-flex wp-block-gallery-is-layout-flex\"><li class=\"blocks-gallery-item\"><figure><img decoding=\"async\" width=\"4560\" height=\"2720\" data-attachment-id=\"61039\" data-permalink=\"https:\/\/eldiariodesanpedro.com.ar\/sitio\/segundo-dia-de-competencias-en-los-juegos-bonarenses-2019\/img_2918\/\" data-orig-file=\"https:\/\/eldiariodesanpedro.com.ar\/sitio\/wp-content\/uploads\/2019\/10\/IMG_2918.jpg\" data-orig-size=\"4560,2720\" data-comments-opened=\"1\" data-image-meta=\"{&quot;aperture&quot;:&quot;4&quot;,&quot;credit&quot;:&quot;&quot;,&quot;camera&quot;:&quot;Canon EOS Rebel T6&quot;,&quot;caption&quot;:&quot;&quot;,&quot;created_timestamp&quot;:&quot;1569860472&quot;,&quot;copyright&quot;:&quot;&quot;,&quot;focal_length&quot;:&quot;25&quot;,&quot;iso&quot;:&quot;200&quot;,&quot;shutter_speed&quot;:&quot;0.003125&quot;,&quot;title&quot;:&quot;&quot;,&quot;orientation&quot;:&quot;1&quot;}\" data-image-title=\"IMG_2918\" data-image-description=\"\" data-image-caption=\"\" data-large-file=\"https:\/\/eldiariodesanpedro.com.ar\/sitio\/wp-content\/uploads\/2019\/10\/IMG_2918-1024x611.jpg\" data-src=\"https:\/\/i1.wp.com\/eldiariodesanpedro.com.ar\/sitio\/wp-content\/uploads\/2019\/10\/IMG_2918.jpg?fit=660%2C394\" alt=\"\" data-id=\"61039\" data-link=\"https:\/\/eldiariodesanpedro.com.ar\/sitio\/?attachment_id=61039\" class=\"wp-image-61039 lazyload\" data-srcset=\"https:\/\/eldiariodesanpedro.com.ar\/sitio\/wp-content\/uploads\/2019\/10\/IMG_2918.jpg 4560w, https:\/\/eldiariodesanpedro.com.ar\/sitio\/wp-content\/uploads\/2019\/10\/IMG_2918-300x179.jpg 300w, https:\/\/eldiariodesanpedro.com.ar\/sitio\/wp-content\/uploads\/2019\/10\/IMG_2918-768x458.jpg 768w, https:\/\/eldiariodesanpedro.com.ar\/sitio\/wp-content\/uploads\/2019\/10\/IMG_2918-1024x611.jpg 1024w\" data-sizes=\"(max-width: 4560px) 100vw, 4560px\" src=\"data:image\/svg+xml;base64,PHN2ZyB3aWR0aD0iMSIgaGVpZ2h0PSIxIiB4bWxucz0iaHR0cDovL3d3dy53My5vcmcvMjAwMC9zdmciPjwvc3ZnPg==\" style=\"--smush-placeholder-width: 4560px; --smush-placeholder-aspect-ratio: 4560\/2720;\" \/><\/figure><\/li><li class=\"blocks-gallery-item\"><figure><img decoding=\"async\" width=\"2400\" height=\"2544\" data-attachment-id=\"61040\" data-permalink=\"https:\/\/eldiariodesanpedro.com.ar\/sitio\/segundo-dia-de-competencias-en-los-juegos-bonarenses-2019\/img_3010\/\" data-orig-file=\"https:\/\/eldiariodesanpedro.com.ar\/sitio\/wp-content\/uploads\/2019\/10\/IMG_3010.jpg\" data-orig-size=\"2400,2544\" data-comments-opened=\"1\" data-image-meta=\"{&quot;aperture&quot;:&quot;7.1&quot;,&quot;credit&quot;:&quot;&quot;,&quot;camera&quot;:&quot;Canon EOS Rebel T6&quot;,&quot;caption&quot;:&quot;&quot;,&quot;created_timestamp&quot;:&quot;1569865210&quot;,&quot;copyright&quot;:&quot;&quot;,&quot;focal_length&quot;:&quot;300&quot;,&quot;iso&quot;:&quot;3200&quot;,&quot;shutter_speed&quot;:&quot;0.0025&quot;,&quot;title&quot;:&quot;&quot;,&quot;orientation&quot;:&quot;1&quot;}\" data-image-title=\"IMG_3010\" data-image-description=\"\" data-image-caption=\"\" data-large-file=\"https:\/\/eldiariodesanpedro.com.ar\/sitio\/wp-content\/uploads\/2019\/10\/IMG_3010-966x1024.jpg\" data-src=\"https:\/\/i1.wp.com\/eldiariodesanpedro.com.ar\/sitio\/wp-content\/uploads\/2019\/10\/IMG_3010.jpg?fit=660%2C700\" alt=\"\" data-id=\"61040\" data-link=\"https:\/\/eldiariodesanpedro.com.ar\/sitio\/?attachment_id=61040\" class=\"wp-image-61040 lazyload\" data-srcset=\"https:\/\/eldiariodesanpedro.com.ar\/sitio\/wp-content\/uploads\/2019\/10\/IMG_3010.jpg 2400w, https:\/\/eldiariodesanpedro.com.ar\/sitio\/wp-content\/uploads\/2019\/10\/IMG_3010-283x300.jpg 283w, https:\/\/eldiariodesanpedro.com.ar\/sitio\/wp-content\/uploads\/2019\/10\/IMG_3010-768x814.jpg 768w, https:\/\/eldiariodesanpedro.com.ar\/sitio\/wp-content\/uploads\/2019\/10\/IMG_3010-966x1024.jpg 966w\" data-sizes=\"(max-width: 2400px) 100vw, 2400px\" src=\"data:image\/svg+xml;base64,PHN2ZyB3aWR0aD0iMSIgaGVpZ2h0PSIxIiB4bWxucz0iaHR0cDovL3d3dy53My5vcmcvMjAwMC9zdmciPjwvc3ZnPg==\" style=\"--smush-placeholder-width: 2400px; --smush-placeholder-aspect-ratio: 2400\/2544;\" \/><\/figure><\/li><li class=\"blocks-gallery-item\"><figure><img decoding=\"async\" width=\"960\" height=\"1280\" data-attachment-id=\"61041\" data-permalink=\"https:\/\/eldiariodesanpedro.com.ar\/sitio\/segundo-dia-de-competencias-en-los-juegos-bonarenses-2019\/whatsapp-image-2019-09-30-at-16-24-48\/\" data-orig-file=\"https:\/\/eldiariodesanpedro.com.ar\/sitio\/wp-content\/uploads\/2019\/10\/WhatsApp-Image-2019-09-30-at-16.24.48.jpeg\" data-orig-size=\"960,1280\" data-comments-opened=\"1\" data-image-meta=\"{&quot;aperture&quot;:&quot;0&quot;,&quot;credit&quot;:&quot;&quot;,&quot;camera&quot;:&quot;&quot;,&quot;caption&quot;:&quot;&quot;,&quot;created_timestamp&quot;:&quot;0&quot;,&quot;copyright&quot;:&quot;&quot;,&quot;focal_length&quot;:&quot;0&quot;,&quot;iso&quot;:&quot;0&quot;,&quot;shutter_speed&quot;:&quot;0&quot;,&quot;title&quot;:&quot;&quot;,&quot;orientation&quot;:&quot;0&quot;}\" data-image-title=\"WhatsApp-Image-2019-09-30-at-16.24.48\" data-image-description=\"\" data-image-caption=\"\" data-large-file=\"https:\/\/eldiariodesanpedro.com.ar\/sitio\/wp-content\/uploads\/2019\/10\/WhatsApp-Image-2019-09-30-at-16.24.48-768x1024.jpeg\" data-src=\"https:\/\/i1.wp.com\/eldiariodesanpedro.com.ar\/sitio\/wp-content\/uploads\/2019\/10\/WhatsApp-Image-2019-09-30-at-16.24.48.jpeg?fit=660%2C880\" alt=\"\" data-id=\"61041\" data-link=\"https:\/\/eldiariodesanpedro.com.ar\/sitio\/?attachment_id=61041\" class=\"wp-image-61041 lazyload\" data-srcset=\"https:\/\/eldiariodesanpedro.com.ar\/sitio\/wp-content\/uploads\/2019\/10\/WhatsApp-Image-2019-09-30-at-16.24.48.jpeg 960w, https:\/\/eldiariodesanpedro.com.ar\/sitio\/wp-content\/uploads\/2019\/10\/WhatsApp-Image-2019-09-30-at-16.24.48-225x300.jpeg 225w, https:\/\/eldiariodesanpedro.com.ar\/sitio\/wp-content\/uploads\/2019\/10\/WhatsApp-Image-2019-09-30-at-16.24.48-768x1024.jpeg 768w\" data-sizes=\"(max-width: 960px) 100vw, 960px\" src=\"data:image\/svg+xml;base64,PHN2ZyB3aWR0aD0iMSIgaGVpZ2h0PSIxIiB4bWxucz0iaHR0cDovL3d3dy53My5vcmcvMjAwMC9zdmciPjwvc3ZnPg==\" style=\"--smush-placeholder-width: 960px; --smush-placeholder-aspect-ratio: 960\/1280;\" \/><\/figure><\/li><li class=\"blocks-gallery-item\"><figure><img decoding=\"async\" width=\"1280\" height=\"960\" data-attachment-id=\"61042\" data-permalink=\"https:\/\/eldiariodesanpedro.com.ar\/sitio\/segundo-dia-de-competencias-en-los-juegos-bonarenses-2019\/whatsapp-image-2019-09-30-at-20-28-50\/\" data-orig-file=\"https:\/\/eldiariodesanpedro.com.ar\/sitio\/wp-content\/uploads\/2019\/10\/WhatsApp-Image-2019-09-30-at-20.28.50.jpeg\" data-orig-size=\"1280,960\" data-comments-opened=\"1\" data-image-meta=\"{&quot;aperture&quot;:&quot;0&quot;,&quot;credit&quot;:&quot;&quot;,&quot;camera&quot;:&quot;&quot;,&quot;caption&quot;:&quot;&quot;,&quot;created_timestamp&quot;:&quot;0&quot;,&quot;copyright&quot;:&quot;&quot;,&quot;focal_length&quot;:&quot;0&quot;,&quot;iso&quot;:&quot;0&quot;,&quot;shutter_speed&quot;:&quot;0&quot;,&quot;title&quot;:&quot;&quot;,&quot;orientation&quot;:&quot;0&quot;}\" data-image-title=\"WhatsApp-Image-2019-09-30-at-20.28.50\" data-image-description=\"\" data-image-caption=\"\" data-large-file=\"https:\/\/eldiariodesanpedro.com.ar\/sitio\/wp-content\/uploads\/2019\/10\/WhatsApp-Image-2019-09-30-at-20.28.50-1024x768.jpeg\" data-src=\"https:\/\/i2.wp.com\/eldiariodesanpedro.com.ar\/sitio\/wp-content\/uploads\/2019\/10\/WhatsApp-Image-2019-09-30-at-20.28.50.jpeg?fit=660%2C495\" alt=\"\" data-id=\"61042\" data-link=\"https:\/\/eldiariodesanpedro.com.ar\/sitio\/?attachment_id=61042\" class=\"wp-image-61042 lazyload\" data-srcset=\"https:\/\/eldiariodesanpedro.com.ar\/sitio\/wp-content\/uploads\/2019\/10\/WhatsApp-Image-2019-09-30-at-20.28.50.jpeg 1280w, https:\/\/eldiariodesanpedro.com.ar\/sitio\/wp-content\/uploads\/2019\/10\/WhatsApp-Image-2019-09-30-at-20.28.50-300x225.jpeg 300w, https:\/\/eldiariodesanpedro.com.ar\/sitio\/wp-content\/uploads\/2019\/10\/WhatsApp-Image-2019-09-30-at-20.28.50-768x576.jpeg 768w, https:\/\/eldiariodesanpedro.com.ar\/sitio\/wp-content\/uploads\/2019\/10\/WhatsApp-Image-2019-09-30-at-20.28.50-1024x768.jpeg 1024w\" data-sizes=\"(max-width: 1280px) 100vw, 1280px\" src=\"data:image\/svg+xml;base64,PHN2ZyB3aWR0aD0iMSIgaGVpZ2h0PSIxIiB4bWxucz0iaHR0cDovL3d3dy53My5vcmcvMjAwMC9zdmciPjwvc3ZnPg==\" style=\"--smush-placeholder-width: 1280px; --smush-placeholder-aspect-ratio: 1280\/960;\" \/><\/figure><\/li><\/ul>\n\n\n\n<p> M\u00e1s de 22 mil personas participan de la 28\u00b0 edici\u00f3n de la Final Provincial de los Juegos Bonaerenses, que se esta realizando  desde el s\u00e1bado 28 de septiembre hasta el mi\u00e9rcoles 2 de octubre, en Mar del Plata, organizada por el Ministerio de Desarrollo Social de la Provincia de Buenos Aires.<\/p>\n\n\n\n<p> Los Juegos Bonaerenses son la principal y m\u00e1s importante competencia de la Provincia de Buenos Aires. Tienen como objetivo principal incluir e integrar a los juveniles, personas con discapacidad y adultos mayores a trav\u00e9s de la pr\u00e1ctica de tres actividades: deportes, cultura, y a partir de este a\u00f1o innovaci\u00f3n y tecnolog\u00eda educativa. Se desarrollan en tres etapas competitivas: municipal, regional y la Final Provincial de Mar del Plata.<\/p>\n\n\n\n<p>Al respecto, el ministro de Desarrollo Social, Santiago L\u00f3pez Medrano, destac\u00f3 que \u201cen esta gesti\u00f3n hemos logrado que los Juegos sean una fiesta para toda la Provincia\u201d y, a la vez, resalt\u00f3 que \u201ccada a\u00f1o seguimos incluyendo e integrando a m\u00e1s bonaerenses para que tengan la posibilidad de expresar sus habilidades en distintas actividades. Este a\u00f1o alcanzamos el nuevo r\u00e9cord de 345 mil inscripciones, superando casi en 100 mil los que lo hicieron en el 2016&#8243;.<\/p>\n\n\n\n<p>Entre las principales novedades para este a\u00f1o, se destaca la incorporaci\u00f3n de Innovaci\u00f3n y Tecnolog\u00eda como una nueva actividad, que se suma a Deportes y Cultura; adem\u00e1s, se entregar\u00e1n la Copa Juegos Bonaerenses 2019 a la primera delegaci\u00f3n del medallero, y la Copa Fair Play al municipio que mejor represente los valores de compa\u00f1erismo y respeto.<\/p>\n\n\n\n<p>En cuanto a las disciplinas, algunas nuevas son: Rob\u00f3tica, la competencia de Triples en el B\u00e1squet 3 x 3; y Fotograf\u00eda y Video Minuto en Cultura. Se incluyen adem\u00e1s nuevas categor\u00edas en diversos deportes tanto en el \u00e1rea de Juveniles como de Personas con Discapacidad, y contin\u00faan Cocineros Bonaerenses y Juegos Electr\u00f3nicos, dos de las actividades m\u00e1s novedosas que se incorporaron en los \u00faltimos a\u00f1os.\u00a0\u00a0<\/p>\n\n\n\n<figure class=\"wp-block-image\"><img decoding=\"async\" width=\"3000\" height=\"1862\" data-attachment-id=\"61043\" data-permalink=\"https:\/\/eldiariodesanpedro.com.ar\/sitio\/segundo-dia-de-competencias-en-los-juegos-bonarenses-2019\/ya_llega_la_final_de_los_juegos_bonaerenses_2019\/\" data-orig-file=\"https:\/\/eldiariodesanpedro.com.ar\/sitio\/wp-content\/uploads\/2019\/10\/ya_llega_la_final_de_los_juegos_bonaerenses_2019.jpg\" data-orig-size=\"3000,1862\" data-comments-opened=\"1\" data-image-meta=\"{&quot;aperture&quot;:&quot;4&quot;,&quot;credit&quot;:&quot;&quot;,&quot;camera&quot;:&quot;NIKON D4&quot;,&quot;caption&quot;:&quot;&quot;,&quot;created_timestamp&quot;:&quot;1538322990&quot;,&quot;copyright&quot;:&quot;&quot;,&quot;focal_length&quot;:&quot;200&quot;,&quot;iso&quot;:&quot;280&quot;,&quot;shutter_speed&quot;:&quot;0.0015625&quot;,&quot;title&quot;:&quot;&quot;,&quot;orientation&quot;:&quot;1&quot;}\" data-image-title=\"ya_llega_la_final_de_los_juegos_bonaerenses_2019\" data-image-description=\"\" data-image-caption=\"\" data-large-file=\"https:\/\/eldiariodesanpedro.com.ar\/sitio\/wp-content\/uploads\/2019\/10\/ya_llega_la_final_de_los_juegos_bonaerenses_2019-1024x636.jpg\" data-src=\"https:\/\/i0.wp.com\/eldiariodesanpedro.com.ar\/sitio\/wp-content\/uploads\/2019\/10\/ya_llega_la_final_de_los_juegos_bonaerenses_2019.jpg?fit=660%2C410\" alt=\"\" class=\"wp-image-61043 lazyload\" data-srcset=\"https:\/\/eldiariodesanpedro.com.ar\/sitio\/wp-content\/uploads\/2019\/10\/ya_llega_la_final_de_los_juegos_bonaerenses_2019.jpg 3000w, https:\/\/eldiariodesanpedro.com.ar\/sitio\/wp-content\/uploads\/2019\/10\/ya_llega_la_final_de_los_juegos_bonaerenses_2019-300x186.jpg 300w, https:\/\/eldiariodesanpedro.com.ar\/sitio\/wp-content\/uploads\/2019\/10\/ya_llega_la_final_de_los_juegos_bonaerenses_2019-768x477.jpg 768w, https:\/\/eldiariodesanpedro.com.ar\/sitio\/wp-content\/uploads\/2019\/10\/ya_llega_la_final_de_los_juegos_bonaerenses_2019-1024x636.jpg 1024w\" data-sizes=\"(max-width: 3000px) 100vw, 3000px\" src=\"data:image\/svg+xml;base64,PHN2ZyB3aWR0aD0iMSIgaGVpZ2h0PSIxIiB4bWxucz0iaHR0cDovL3d3dy53My5vcmcvMjAwMC9zdmciPjwvc3ZnPg==\" style=\"--smush-placeholder-width: 3000px; --smush-placeholder-aspect-ratio: 3000\/1862;\" \/><\/figure>\n","protected":false},"excerpt":{"rendered":"<p>La intensa lluvia en la ciudad costera hizo estragos en la segunda jornada de los Juegos Bonaerenses 2019. De todos modos, la delegaci\u00f3n sampedrina tuvo acci\u00f3n. Victoria de los equipos de Softbol 11-9, Handball 19-14, Voley 2-1 Futsal 4-3 y Rugby 19-5. El equipo de Futbol para personas con discapacidad (PCD) Sub 16 logro una [&hellip;]<\/p>\n","protected":false},"author":4,"featured_media":61042,"comment_status":"open","ping_status":"closed","sticky":false,"template":"","format":"standard","meta":{"om_disable_all_campaigns":false,"_jetpack_memberships_contains_paid_content":false,"footnotes":""},"categories":[50,101,2],"tags":[],"class_list":["post-61038","post","type-post","status-publish","format-standard","has-post-thumbnail","hentry","category-destacadas","category-interes-general-locales","category-locales"],"aioseo_notices":[],"gutentor_comment":0,"jetpack_featured_media_url":"https:\/\/eldiariodesanpedro.com.ar\/sitio\/wp-content\/uploads\/2019\/10\/WhatsApp-Image-2019-09-30-at-20.28.50.jpeg","jetpack_shortlink":"https:\/\/wp.me\/p6RhLt-fSu","jetpack_sharing_enabled":true,"_links":{"self":[{"href":"https:\/\/eldiariodesanpedro.com.ar\/sitio\/wp-json\/wp\/v2\/posts\/61038","targetHints":{"allow":["GET"]}}],"collection":[{"href":"https:\/\/eldiariodesanpedro.com.ar\/sitio\/wp-json\/wp\/v2\/posts"}],"about":[{"href":"https:\/\/eldiariodesanpedro.com.ar\/sitio\/wp-json\/wp\/v2\/types\/post"}],"author":[{"embeddable":true,"href":"https:\/\/eldiariodesanpedro.com.ar\/sitio\/wp-json\/wp\/v2\/users\/4"}],"replies":[{"embeddable":true,"href":"https:\/\/eldiariodesanpedro.com.ar\/sitio\/wp-json\/wp\/v2\/comments?post=61038"}],"version-history":[{"count":1,"href":"https:\/\/eldiariodesanpedro.com.ar\/sitio\/wp-json\/wp\/v2\/posts\/61038\/revisions"}],"predecessor-version":[{"id":61044,"href":"https:\/\/eldiariodesanpedro.com.ar\/sitio\/wp-json\/wp\/v2\/posts\/61038\/revisions\/61044"}],"wp:featuredmedia":[{"embeddable":true,"href":"https:\/\/eldiariodesanpedro.com.ar\/sitio\/wp-json\/wp\/v2\/media\/61042"}],"wp:attachment":[{"href":"https:\/\/eldiariodesanpedro.com.ar\/sitio\/wp-json\/wp\/v2\/media?parent=61038"}],"wp:term":[{"taxonomy":"category","embeddable":true,"href":"https:\/\/eldiariodesanpedro.com.ar\/sitio\/wp-json\/wp\/v2\/categories?post=61038"},{"taxonomy":"post_tag","embeddable":true,"href":"https:\/\/eldiariodesanpedro.com.ar\/sitio\/wp-json\/wp\/v2\/tags?post=61038"}],"curies":[{"name":"wp","href":"https:\/\/api.w.org\/{rel}","templated":true}]}}