{"id":61032,"date":"2019-09-30T18:13:29","date_gmt":"2019-09-30T21:13:29","guid":{"rendered":"https:\/\/eldiariodesanpedro.com.ar\/sitio\/?p=61032"},"modified":"2019-09-30T18:14:04","modified_gmt":"2019-09-30T21:14:04","slug":"gob-castro-tres-arrollo-a-un-joven","status":"publish","type":"post","link":"https:\/\/eldiariodesanpedro.com.ar\/sitio\/gob-castro-tres-arrollo-a-un-joven\/","title":{"rendered":"Gob. Castro: Tren arroll\u00f3 a un joven"},"content":{"rendered":"<!-- VideographyWP Plugin Message: Automatic video embedding prevented by plugin options. -->\n\n<p>El hecho sucedi\u00f3 este lunes alrededor de las 15 horas, un joven de 19 a\u00f1os de edad, fue arrollado por el tren de cargas. Se investigan las causas.<\/p>\n\n\n\n<p>El joven fue trasladado al nosocomio local con heridas de car\u00e1cter pero no de riesgo. Todo indica que se tratar\u00eda de una situaci\u00f3n autoinfligida trat\u00e1ndose de una persona bajo tratamiento psiqui\u00e1trico, por un estado de depresi\u00f3n, seg\u00fan testigos.<\/p>\n\n\n\n<p>Una formaci\u00f3n de cargas del ferrocarril Mitre quien llevaba 30 rollos de acero, fue quien se vio involucrado en un accidente que todav\u00eda esta en materia de investigaci\u00f3n, lo cierto es que el muchacho fue arrollado a la altura de la estaci\u00f3n de Gobernador Castro.<\/p>\n\n\n\n<p> Desde el Hospital 26 de Julio de Gobernador Castro informaron que fue trasladado a nuestra ciudad por la ambulancia de ese nosocomio.<\/p>\n","protected":false},"excerpt":{"rendered":"<p>El hecho sucedi\u00f3 este lunes alrededor de las 15 horas, un joven de 19 a\u00f1os de edad, fue arrollado por el tren de cargas. Se investigan las causas. El joven fue trasladado al nosocomio local con heridas de car\u00e1cter pero no de riesgo. Todo indica que se tratar\u00eda de una situaci\u00f3n autoinfligida trat\u00e1ndose de una [&hellip;]<\/p>\n","protected":false},"author":4,"featured_media":61033,"comment_status":"open","ping_status":"closed","sticky":false,"template":"","format":"standard","meta":{"om_disable_all_campaigns":false,"_jetpack_memberships_contains_paid_content":false,"footnotes":""},"categories":[2,103],"tags":[],"class_list":["post-61032","post","type-post","status-publish","format-standard","has-post-thumbnail","hentry","category-locales","category-policiales-locales"],"aioseo_notices":[],"gutentor_comment":0,"jetpack_featured_media_url":"https:\/\/eldiariodesanpedro.com.ar\/sitio\/wp-content\/uploads\/2019\/09\/pagina-3-tres.jpg","jetpack_shortlink":"https:\/\/wp.me\/p6RhLt-fSo","jetpack_sharing_enabled":true,"_links":{"self":[{"href":"https:\/\/eldiariodesanpedro.com.ar\/sitio\/wp-json\/wp\/v2\/posts\/61032","targetHints":{"allow":["GET"]}}],"collection":[{"href":"https:\/\/eldiariodesanpedro.com.ar\/sitio\/wp-json\/wp\/v2\/posts"}],"about":[{"href":"https:\/\/eldiariodesanpedro.com.ar\/sitio\/wp-json\/wp\/v2\/types\/post"}],"author":[{"embeddable":true,"href":"https:\/\/eldiariodesanpedro.com.ar\/sitio\/wp-json\/wp\/v2\/users\/4"}],"replies":[{"embeddable":true,"href":"https:\/\/eldiariodesanpedro.com.ar\/sitio\/wp-json\/wp\/v2\/comments?post=61032"}],"version-history":[{"count":2,"href":"https:\/\/eldiariodesanpedro.com.ar\/sitio\/wp-json\/wp\/v2\/posts\/61032\/revisions"}],"predecessor-version":[{"id":61035,"href":"https:\/\/eldiariodesanpedro.com.ar\/sitio\/wp-json\/wp\/v2\/posts\/61032\/revisions\/61035"}],"wp:featuredmedia":[{"embeddable":true,"href":"https:\/\/eldiariodesanpedro.com.ar\/sitio\/wp-json\/wp\/v2\/media\/61033"}],"wp:attachment":[{"href":"https:\/\/eldiariodesanpedro.com.ar\/sitio\/wp-json\/wp\/v2\/media?parent=61032"}],"wp:term":[{"taxonomy":"category","embeddable":true,"href":"https:\/\/eldiariodesanpedro.com.ar\/sitio\/wp-json\/wp\/v2\/categories?post=61032"},{"taxonomy":"post_tag","embeddable":true,"href":"https:\/\/eldiariodesanpedro.com.ar\/sitio\/wp-json\/wp\/v2\/tags?post=61032"}],"curies":[{"name":"wp","href":"https:\/\/api.w.org\/{rel}","templated":true}]}}