{"id":61008,"date":"2019-09-30T12:20:28","date_gmt":"2019-09-30T15:20:28","guid":{"rendered":"https:\/\/eldiariodesanpedro.com.ar\/sitio\/?p=61008"},"modified":"2019-09-30T12:20:32","modified_gmt":"2019-09-30T15:20:32","slug":"inauguracion-de-la-escalera-de-colores-el-arte-tiene-que-estar-en-las-calles-tiene-que-alegrarnos-la-vida","status":"publish","type":"post","link":"https:\/\/eldiariodesanpedro.com.ar\/sitio\/inauguracion-de-la-escalera-de-colores-el-arte-tiene-que-estar-en-las-calles-tiene-que-alegrarnos-la-vida\/","title":{"rendered":"Inauguraci\u00f3n de la Escalera de Colores: \u00abEl arte tiene que estar en las calles, tiene que alegrarnos la vida\u00bb"},"content":{"rendered":"<!-- VideographyWP Plugin Message: Automatic video embedding prevented by plugin options. -->\n\n<p>Esta ma\u00f1ana se inauguro otras de las obras tan hermosas que nos regalan la Licenciada Mariana Maroli y la Arquitecta Maria Luz Mendez, \u00abLa Escalera de los Colores\u00bb, un trabajo mas hecho en mosaiquismo.<\/p>\n\n\n\n<p>Con la presencia de autoridades municipales y el Intendente Cecilio Salazar, alumnos de  primaria de la escuela N\u00ba47, junto a las responsables de este nuevo espacio culturar  Mariana Maroli y Luz Mendez, quedo oficialmente inaugurada la \u00abEscalera de los Colores\u00bb.<\/p>\n\n\n\n<p>Marcela Cu\u00f1er, Directora de Turismo, fue la oradora del evento quien destaco el trabajo de las artistas y dijo\u00bbuno de los objetivos de que la gente participe en este trabajo, es que aprendan esta t\u00e9cnica y por que no luego tener una salida laboral, en cultura ya tenemos talleres, se esta decorando la ciudad, la escuela N\u00ba47 va a tener su mural en agradecimiento de la colaboraci\u00f3n que hemos tenido siempre de los alumnos\u00bb, y agrego, \u00abestamos felices y decorando nuestra ciudad, este espacio publico que tenemos natural y vamos a seguir\u00bb.<\/p>\n\n\n\n<p>Luego la artista y arquitecta Maria Luz Mendez sigui\u00f3 con la palabra, \u00abqueremos resaltar el trabajo y el gran esfuerzo del equipo, nosotras somos una parte de este m\u00e1gico resultado, todos trabajaron mucho, que se disfrute y se cuide\u00bb<\/p>\n\n\n\n<p>Tambi\u00e9n la artista y Licenciada Mariana Maroli agrego, \u00abse dice que nadie es profeta en su tierra y nosotras queremos agradecerles mucho porque sin la ayuda de Cecilio y Ram\u00f3n, que han confiado plenamente en nuestro trabajo esto no hubiera sido posible de esta manera, nosotras le presentamos un mont\u00f3n de bocetos y ellos nos respondieron\u00bbconfiamos en ustedes\u00bb y eso fue grandioso para nosotras\u00bb<\/p>\n\n\n\n<p>\u00abEl arte tiene que ser en funci\u00f3n de la sociedad, hace muchos a\u00f1os que el arte ya no tiene que estar solamente en los museos, el arte tiene que ser para el ciudadano com\u00fan, el arte tiene que estar en las calles, tiene que alegrarnos la vida, gracias por a ver confiado en nosotros son muchas horas de trabajo\u00bb.<\/p>\n\n\n\n<figure class=\"wp-block-image\"><img decoding=\"async\" width=\"2048\" height=\"1152\" data-attachment-id=\"61023\" data-permalink=\"https:\/\/eldiariodesanpedro.com.ar\/sitio\/inauguracion-de-la-escalera-de-colores-el-arte-tiene-que-estar-en-las-calles-tiene-que-alegrarnos-la-vida\/71636463_1091394877736317_9182178464352960512_o\/\" data-orig-file=\"https:\/\/eldiariodesanpedro.com.ar\/sitio\/wp-content\/uploads\/2019\/09\/71636463_1091394877736317_9182178464352960512_o.jpg\" data-orig-size=\"2048,1152\" data-comments-opened=\"1\" data-image-meta=\"{&quot;aperture&quot;:&quot;0&quot;,&quot;credit&quot;:&quot;&quot;,&quot;camera&quot;:&quot;&quot;,&quot;caption&quot;:&quot;&quot;,&quot;created_timestamp&quot;:&quot;0&quot;,&quot;copyright&quot;:&quot;&quot;,&quot;focal_length&quot;:&quot;0&quot;,&quot;iso&quot;:&quot;0&quot;,&quot;shutter_speed&quot;:&quot;0&quot;,&quot;title&quot;:&quot;&quot;,&quot;orientation&quot;:&quot;0&quot;}\" data-image-title=\"71636463_1091394877736317_9182178464352960512_o\" data-image-description=\"\" data-image-caption=\"\" data-large-file=\"https:\/\/eldiariodesanpedro.com.ar\/sitio\/wp-content\/uploads\/2019\/09\/71636463_1091394877736317_9182178464352960512_o-1024x576.jpg\" data-src=\"https:\/\/i1.wp.com\/eldiariodesanpedro.com.ar\/sitio\/wp-content\/uploads\/2019\/09\/71636463_1091394877736317_9182178464352960512_o.jpg?fit=660%2C371\" alt=\"\" class=\"wp-image-61023 lazyload\" data-srcset=\"https:\/\/eldiariodesanpedro.com.ar\/sitio\/wp-content\/uploads\/2019\/09\/71636463_1091394877736317_9182178464352960512_o.jpg 2048w, https:\/\/eldiariodesanpedro.com.ar\/sitio\/wp-content\/uploads\/2019\/09\/71636463_1091394877736317_9182178464352960512_o-300x169.jpg 300w, https:\/\/eldiariodesanpedro.com.ar\/sitio\/wp-content\/uploads\/2019\/09\/71636463_1091394877736317_9182178464352960512_o-768x432.jpg 768w, https:\/\/eldiariodesanpedro.com.ar\/sitio\/wp-content\/uploads\/2019\/09\/71636463_1091394877736317_9182178464352960512_o-1024x576.jpg 1024w\" data-sizes=\"(max-width: 2048px) 100vw, 2048px\" src=\"data:image\/svg+xml;base64,PHN2ZyB3aWR0aD0iMSIgaGVpZ2h0PSIxIiB4bWxucz0iaHR0cDovL3d3dy53My5vcmcvMjAwMC9zdmciPjwvc3ZnPg==\" style=\"--smush-placeholder-width: 2048px; --smush-placeholder-aspect-ratio: 2048\/1152;\" \/><\/figure>\n\n\n\n<p>Por ultimo, el Intendente expreso su felicidad por la maravillosa obra de arte y la colaboraci\u00f3n de los alumnos de la escuela N\u00ba47, cont\u00f3 que la pr\u00f3xima intervenci\u00f3n de mosaiquismo sera la escalera que se encuentra frente al Club de Pescadores y Centros de Salud, otras obra  que se suman para el 2020, \u00absi seguimos trabajando junto a San Pedro\u00bb, dijo.<\/p>\n\n\n\n<figure class=\"wp-block-image\"><img decoding=\"async\" width=\"2048\" height=\"1152\" data-attachment-id=\"61024\" data-permalink=\"https:\/\/eldiariodesanpedro.com.ar\/sitio\/inauguracion-de-la-escalera-de-colores-el-arte-tiene-que-estar-en-las-calles-tiene-que-alegrarnos-la-vida\/72169331_1091395031069635_8806030966645587968_o\/\" data-orig-file=\"https:\/\/eldiariodesanpedro.com.ar\/sitio\/wp-content\/uploads\/2019\/09\/72169331_1091395031069635_8806030966645587968_o.jpg\" data-orig-size=\"2048,1152\" data-comments-opened=\"1\" data-image-meta=\"{&quot;aperture&quot;:&quot;0&quot;,&quot;credit&quot;:&quot;&quot;,&quot;camera&quot;:&quot;&quot;,&quot;caption&quot;:&quot;&quot;,&quot;created_timestamp&quot;:&quot;0&quot;,&quot;copyright&quot;:&quot;&quot;,&quot;focal_length&quot;:&quot;0&quot;,&quot;iso&quot;:&quot;0&quot;,&quot;shutter_speed&quot;:&quot;0&quot;,&quot;title&quot;:&quot;&quot;,&quot;orientation&quot;:&quot;0&quot;}\" data-image-title=\"72169331_1091395031069635_8806030966645587968_o\" data-image-description=\"\" data-image-caption=\"\" data-large-file=\"https:\/\/eldiariodesanpedro.com.ar\/sitio\/wp-content\/uploads\/2019\/09\/72169331_1091395031069635_8806030966645587968_o-1024x576.jpg\" data-src=\"https:\/\/i2.wp.com\/eldiariodesanpedro.com.ar\/sitio\/wp-content\/uploads\/2019\/09\/72169331_1091395031069635_8806030966645587968_o.jpg?fit=660%2C371\" alt=\"\" class=\"wp-image-61024 lazyload\" data-srcset=\"https:\/\/eldiariodesanpedro.com.ar\/sitio\/wp-content\/uploads\/2019\/09\/72169331_1091395031069635_8806030966645587968_o.jpg 2048w, https:\/\/eldiariodesanpedro.com.ar\/sitio\/wp-content\/uploads\/2019\/09\/72169331_1091395031069635_8806030966645587968_o-300x169.jpg 300w, https:\/\/eldiariodesanpedro.com.ar\/sitio\/wp-content\/uploads\/2019\/09\/72169331_1091395031069635_8806030966645587968_o-768x432.jpg 768w, https:\/\/eldiariodesanpedro.com.ar\/sitio\/wp-content\/uploads\/2019\/09\/72169331_1091395031069635_8806030966645587968_o-1024x576.jpg 1024w\" data-sizes=\"(max-width: 2048px) 100vw, 2048px\" src=\"data:image\/svg+xml;base64,PHN2ZyB3aWR0aD0iMSIgaGVpZ2h0PSIxIiB4bWxucz0iaHR0cDovL3d3dy53My5vcmcvMjAwMC9zdmciPjwvc3ZnPg==\" style=\"--smush-placeholder-width: 2048px; --smush-placeholder-aspect-ratio: 2048\/1152;\" \/><\/figure>\n\n\n\n<p>A continuaci\u00f3n de la palabra de Salazar se continuo con la muestra de una placa  en reconocimiento a las artistas y a quienes participaron y la entrega de diplomas.<\/p>\n\n\n\n<ul class=\"wp-block-gallery columns-2 is-cropped wp-block-gallery-1 is-layout-flex wp-block-gallery-is-layout-flex\"><li class=\"blocks-gallery-item\"><figure><img decoding=\"async\" width=\"1024\" height=\"576\" data-attachment-id=\"61025\" data-permalink=\"https:\/\/eldiariodesanpedro.com.ar\/sitio\/inauguracion-de-la-escalera-de-colores-el-arte-tiene-que-estar-en-las-calles-tiene-que-alegrarnos-la-vida\/71152533_1091395244402947_2544878606618722304_o\/\" data-orig-file=\"https:\/\/eldiariodesanpedro.com.ar\/sitio\/wp-content\/uploads\/2019\/09\/71152533_1091395244402947_2544878606618722304_o.jpg\" data-orig-size=\"2048,1152\" data-comments-opened=\"1\" data-image-meta=\"{&quot;aperture&quot;:&quot;0&quot;,&quot;credit&quot;:&quot;&quot;,&quot;camera&quot;:&quot;&quot;,&quot;caption&quot;:&quot;&quot;,&quot;created_timestamp&quot;:&quot;0&quot;,&quot;copyright&quot;:&quot;&quot;,&quot;focal_length&quot;:&quot;0&quot;,&quot;iso&quot;:&quot;0&quot;,&quot;shutter_speed&quot;:&quot;0&quot;,&quot;title&quot;:&quot;&quot;,&quot;orientation&quot;:&quot;0&quot;}\" data-image-title=\"71152533_1091395244402947_2544878606618722304_o\" data-image-description=\"\" data-image-caption=\"\" data-large-file=\"https:\/\/eldiariodesanpedro.com.ar\/sitio\/wp-content\/uploads\/2019\/09\/71152533_1091395244402947_2544878606618722304_o-1024x576.jpg\" data-src=\"https:\/\/eldiariodesanpedro.com.ar\/sitio\/wp-content\/uploads\/2019\/09\/71152533_1091395244402947_2544878606618722304_o-1024x576.jpg\" alt=\"\" data-id=\"61025\" data-link=\"https:\/\/eldiariodesanpedro.com.ar\/sitio\/?attachment_id=61025\" class=\"wp-image-61025 lazyload\" data-srcset=\"https:\/\/eldiariodesanpedro.com.ar\/sitio\/wp-content\/uploads\/2019\/09\/71152533_1091395244402947_2544878606618722304_o-1024x576.jpg 1024w, https:\/\/eldiariodesanpedro.com.ar\/sitio\/wp-content\/uploads\/2019\/09\/71152533_1091395244402947_2544878606618722304_o-300x169.jpg 300w, https:\/\/eldiariodesanpedro.com.ar\/sitio\/wp-content\/uploads\/2019\/09\/71152533_1091395244402947_2544878606618722304_o-768x432.jpg 768w, https:\/\/eldiariodesanpedro.com.ar\/sitio\/wp-content\/uploads\/2019\/09\/71152533_1091395244402947_2544878606618722304_o.jpg 2048w\" data-sizes=\"(max-width: 1024px) 100vw, 1024px\" src=\"data:image\/svg+xml;base64,PHN2ZyB3aWR0aD0iMSIgaGVpZ2h0PSIxIiB4bWxucz0iaHR0cDovL3d3dy53My5vcmcvMjAwMC9zdmciPjwvc3ZnPg==\" style=\"--smush-placeholder-width: 1024px; --smush-placeholder-aspect-ratio: 1024\/576;\" \/><\/figure><\/li><li class=\"blocks-gallery-item\"><figure><img decoding=\"async\" width=\"1024\" height=\"576\" data-attachment-id=\"61026\" data-permalink=\"https:\/\/eldiariodesanpedro.com.ar\/sitio\/inauguracion-de-la-escalera-de-colores-el-arte-tiene-que-estar-en-las-calles-tiene-que-alegrarnos-la-vida\/72070245_1091395964402875_983598221462863872_o\/\" data-orig-file=\"https:\/\/eldiariodesanpedro.com.ar\/sitio\/wp-content\/uploads\/2019\/09\/72070245_1091395964402875_983598221462863872_o.jpg\" data-orig-size=\"2048,1152\" data-comments-opened=\"1\" data-image-meta=\"{&quot;aperture&quot;:&quot;0&quot;,&quot;credit&quot;:&quot;&quot;,&quot;camera&quot;:&quot;&quot;,&quot;caption&quot;:&quot;&quot;,&quot;created_timestamp&quot;:&quot;0&quot;,&quot;copyright&quot;:&quot;&quot;,&quot;focal_length&quot;:&quot;0&quot;,&quot;iso&quot;:&quot;0&quot;,&quot;shutter_speed&quot;:&quot;0&quot;,&quot;title&quot;:&quot;&quot;,&quot;orientation&quot;:&quot;0&quot;}\" data-image-title=\"72070245_1091395964402875_983598221462863872_o\" data-image-description=\"\" data-image-caption=\"\" data-large-file=\"https:\/\/eldiariodesanpedro.com.ar\/sitio\/wp-content\/uploads\/2019\/09\/72070245_1091395964402875_983598221462863872_o-1024x576.jpg\" data-src=\"https:\/\/eldiariodesanpedro.com.ar\/sitio\/wp-content\/uploads\/2019\/09\/72070245_1091395964402875_983598221462863872_o-1024x576.jpg\" alt=\"\" data-id=\"61026\" data-link=\"https:\/\/eldiariodesanpedro.com.ar\/sitio\/?attachment_id=61026\" class=\"wp-image-61026 lazyload\" data-srcset=\"https:\/\/eldiariodesanpedro.com.ar\/sitio\/wp-content\/uploads\/2019\/09\/72070245_1091395964402875_983598221462863872_o-1024x576.jpg 1024w, https:\/\/eldiariodesanpedro.com.ar\/sitio\/wp-content\/uploads\/2019\/09\/72070245_1091395964402875_983598221462863872_o-300x169.jpg 300w, https:\/\/eldiariodesanpedro.com.ar\/sitio\/wp-content\/uploads\/2019\/09\/72070245_1091395964402875_983598221462863872_o-768x432.jpg 768w, https:\/\/eldiariodesanpedro.com.ar\/sitio\/wp-content\/uploads\/2019\/09\/72070245_1091395964402875_983598221462863872_o.jpg 2048w\" data-sizes=\"(max-width: 1024px) 100vw, 1024px\" src=\"data:image\/svg+xml;base64,PHN2ZyB3aWR0aD0iMSIgaGVpZ2h0PSIxIiB4bWxucz0iaHR0cDovL3d3dy53My5vcmcvMjAwMC9zdmciPjwvc3ZnPg==\" style=\"--smush-placeholder-width: 1024px; --smush-placeholder-aspect-ratio: 1024\/576;\" \/><\/figure><\/li><\/ul>\n\n\n\n<figure class=\"wp-block-image\"><img decoding=\"async\" width=\"954\" height=\"954\" data-attachment-id=\"61028\" data-permalink=\"https:\/\/eldiariodesanpedro.com.ar\/sitio\/inauguracion-de-la-escalera-de-colores-el-arte-tiene-que-estar-en-las-calles-tiene-que-alegrarnos-la-vida\/71408562_2985554864794485_8240951989345714176_n\/\" data-orig-file=\"https:\/\/eldiariodesanpedro.com.ar\/sitio\/wp-content\/uploads\/2019\/09\/71408562_2985554864794485_8240951989345714176_n.jpg\" data-orig-size=\"954,954\" data-comments-opened=\"1\" data-image-meta=\"{&quot;aperture&quot;:&quot;0&quot;,&quot;credit&quot;:&quot;&quot;,&quot;camera&quot;:&quot;&quot;,&quot;caption&quot;:&quot;&quot;,&quot;created_timestamp&quot;:&quot;0&quot;,&quot;copyright&quot;:&quot;&quot;,&quot;focal_length&quot;:&quot;0&quot;,&quot;iso&quot;:&quot;0&quot;,&quot;shutter_speed&quot;:&quot;0&quot;,&quot;title&quot;:&quot;&quot;,&quot;orientation&quot;:&quot;0&quot;}\" data-image-title=\"71408562_2985554864794485_8240951989345714176_n\" data-image-description=\"\" data-image-caption=\"\" data-large-file=\"https:\/\/eldiariodesanpedro.com.ar\/sitio\/wp-content\/uploads\/2019\/09\/71408562_2985554864794485_8240951989345714176_n.jpg\" data-src=\"https:\/\/eldiariodesanpedro.com.ar\/sitio\/wp-content\/uploads\/2019\/09\/71408562_2985554864794485_8240951989345714176_n.jpg\" alt=\"\" class=\"wp-image-61028 lazyload\" data-srcset=\"https:\/\/eldiariodesanpedro.com.ar\/sitio\/wp-content\/uploads\/2019\/09\/71408562_2985554864794485_8240951989345714176_n.jpg 954w, https:\/\/eldiariodesanpedro.com.ar\/sitio\/wp-content\/uploads\/2019\/09\/71408562_2985554864794485_8240951989345714176_n-150x150.jpg 150w, https:\/\/eldiariodesanpedro.com.ar\/sitio\/wp-content\/uploads\/2019\/09\/71408562_2985554864794485_8240951989345714176_n-300x300.jpg 300w, https:\/\/eldiariodesanpedro.com.ar\/sitio\/wp-content\/uploads\/2019\/09\/71408562_2985554864794485_8240951989345714176_n-768x768.jpg 768w\" data-sizes=\"(max-width: 954px) 100vw, 954px\" src=\"data:image\/svg+xml;base64,PHN2ZyB3aWR0aD0iMSIgaGVpZ2h0PSIxIiB4bWxucz0iaHR0cDovL3d3dy53My5vcmcvMjAwMC9zdmciPjwvc3ZnPg==\" style=\"--smush-placeholder-width: 954px; --smush-placeholder-aspect-ratio: 954\/954;\" \/><\/figure>\n","protected":false},"excerpt":{"rendered":"<p>Esta ma\u00f1ana se inauguro otras de las obras tan hermosas que nos regalan la Licenciada Mariana Maroli y la Arquitecta Maria Luz Mendez, \u00abLa Escalera de los Colores\u00bb, un trabajo mas hecho en mosaiquismo. Con la presencia de autoridades municipales y el Intendente Cecilio Salazar, alumnos de primaria de la escuela N\u00ba47, junto a las [&hellip;]<\/p>\n","protected":false},"author":4,"featured_media":61028,"comment_status":"open","ping_status":"closed","sticky":false,"template":"","format":"standard","meta":{"om_disable_all_campaigns":false,"_jetpack_memberships_contains_paid_content":false,"footnotes":""},"categories":[101,2],"tags":[],"class_list":["post-61008","post","type-post","status-publish","format-standard","has-post-thumbnail","hentry","category-interes-general-locales","category-locales"],"aioseo_notices":[],"gutentor_comment":0,"jetpack_featured_media_url":"https:\/\/eldiariodesanpedro.com.ar\/sitio\/wp-content\/uploads\/2019\/09\/71408562_2985554864794485_8240951989345714176_n.jpg","jetpack_shortlink":"https:\/\/wp.me\/p6RhLt-fS0","jetpack_sharing_enabled":true,"_links":{"self":[{"href":"https:\/\/eldiariodesanpedro.com.ar\/sitio\/wp-json\/wp\/v2\/posts\/61008","targetHints":{"allow":["GET"]}}],"collection":[{"href":"https:\/\/eldiariodesanpedro.com.ar\/sitio\/wp-json\/wp\/v2\/posts"}],"about":[{"href":"https:\/\/eldiariodesanpedro.com.ar\/sitio\/wp-json\/wp\/v2\/types\/post"}],"author":[{"embeddable":true,"href":"https:\/\/eldiariodesanpedro.com.ar\/sitio\/wp-json\/wp\/v2\/users\/4"}],"replies":[{"embeddable":true,"href":"https:\/\/eldiariodesanpedro.com.ar\/sitio\/wp-json\/wp\/v2\/comments?post=61008"}],"version-history":[{"count":2,"href":"https:\/\/eldiariodesanpedro.com.ar\/sitio\/wp-json\/wp\/v2\/posts\/61008\/revisions"}],"predecessor-version":[{"id":61029,"href":"https:\/\/eldiariodesanpedro.com.ar\/sitio\/wp-json\/wp\/v2\/posts\/61008\/revisions\/61029"}],"wp:featuredmedia":[{"embeddable":true,"href":"https:\/\/eldiariodesanpedro.com.ar\/sitio\/wp-json\/wp\/v2\/media\/61028"}],"wp:attachment":[{"href":"https:\/\/eldiariodesanpedro.com.ar\/sitio\/wp-json\/wp\/v2\/media?parent=61008"}],"wp:term":[{"taxonomy":"category","embeddable":true,"href":"https:\/\/eldiariodesanpedro.com.ar\/sitio\/wp-json\/wp\/v2\/categories?post=61008"},{"taxonomy":"post_tag","embeddable":true,"href":"https:\/\/eldiariodesanpedro.com.ar\/sitio\/wp-json\/wp\/v2\/tags?post=61008"}],"curies":[{"name":"wp","href":"https:\/\/api.w.org\/{rel}","templated":true}]}}