{"id":60942,"date":"2019-09-29T13:11:34","date_gmt":"2019-09-29T16:11:34","guid":{"rendered":"https:\/\/eldiariodesanpedro.com.ar\/sitio\/?p=60942"},"modified":"2019-09-29T13:11:38","modified_gmt":"2019-09-29T16:11:38","slug":"pergamino-un-concejal-trato-de-ganso-mequetrefe-y-pelotudo-al-intendente-martinez","status":"publish","type":"post","link":"https:\/\/eldiariodesanpedro.com.ar\/sitio\/pergamino-un-concejal-trato-de-ganso-mequetrefe-y-pelotudo-al-intendente-martinez\/","title":{"rendered":"PERGAMINO | Un concejal trat\u00f3 de \u201cGanso\u201d, \u201cmequetrefe\u201d y \u201cpelotudo\u201d al intendente Mart\u00ednez"},"content":{"rendered":"<!-- VideographyWP Plugin Message: Automatic video embedding prevented by plugin options. -->\n\n<p>\n\nEl concejal Carlos Elizalde explot\u00f3 contra el mandatario, descalific\u00e1ndolo por c\u00f3mo manej\u00f3 la problem\u00e1ticas de las fumigaciones que termin\u00f3 en un fallo por parte de la Justicia federal. \u201cHe escuchado decir barbaridades en estos d\u00edas como que esto es un hecho pol\u00edtico, \u00e9l no supo conducirlo y termina en una situaci\u00f3n que pone en vilo al sector agropecuario\u201d, se quej\u00f3.<\/p>\n\n\n\n<p>En una sesi\u00f3n caliente, el concejal radical Carlos Elizalde apunt\u00f3 todos los ca\u00f1ones contra el intendente Javier Mart\u00ednez, a quien le endilg\u00f3 no haber manejado como corresponde la situaci\u00f3n de las fumigaciones en el partido de Pergamino. Sus declaraciones fueron en aumento: desde \u201cganso\u201d, \u201cmequetrefe\u201d, \u201cnecio\u201d, hasta \u201cpelotudo\u201d.<\/p>\n\n\n\n<p>Las denuncias de un grupo de vecinas que desnudaron el impacto de los agroqu\u00edmicos en la salud humana, termin\u00f3 en un fallo por parte de la Justicia federal que puso l\u00edmites a las fumigaciones luego que se confirmara que el agua estaba contaminada: mil metros para las terrestres y tres mil para las a\u00e9reas. Eso, gener\u00f3 a\u00fan m\u00e1s tensi\u00f3n en el partido, en donde los sectores agropecuarios pusieron el grito en el cielo.<\/p>\n\n\n\n<p>En una sesi\u00f3n en donde el intendente mand\u00f3 a callar a su tropa respecto al tema, el edil Elizalde tild\u00f3 a Mart\u00ednez de \u201cmequetrefe, necio, pelotudo y ganso\u201d. Lo curioso fue, que por estas directivas, no hubo quien pudiera hacerle notar que el concejal se hab\u00eda pasado con sus dichos.<\/p>\n\n\n\n<p>\u201cHe escuchado decir barbaridades en estos d\u00edas como que esto es un hecho pol\u00edtico, \u00e9l no supo conducirlo y termina en una situaci\u00f3n que pone en vilo al sector agropecuario, producto de su negligencia\u201d, dispar\u00f3 el hombre que responde al exintendente \u201cCachi\u201d Guti\u00e9rrez.<\/p>\n\n\n\n<p>Pero las declaraciones fueron subiendo en aumento, al punto de rozar la pol\u00e9mica: \u201cYo le dec\u00eda el mequetrefe, el caga-tintas, lo ha comprobado, desde un escritorio el mequetrefe no pudo resolver los problemas, tenemos un muy buen gerente de sucursal, pero esto es un tema pol\u00edtico, si hubiese escuchado al Concejo cuando le pedimos la emergencia y trabajar todos juntos, ser\u00eda diferente, pero no lo hizo\u201d, exclam\u00f3.<\/p>\n\n\n\n<p>Despu\u00e9s, en sinton\u00eda con los reclamos del sector agropecuario, Elizalde puso \u00e9nfasis en c\u00f3mo repercutir\u00e1 el fallo del Juzgado Federal de San Nicol\u00e1s que puso coto a las fumigaciones.<\/p>\n\n\n\n<p>\u201cEst\u00e1n llevando una crisis, es un irresponsable, ahora le dice al sector que se tienen que arreglar, es un pavo, no se dio cuenta que es el poder pol\u00edtico de una ciudad y que tiene las riendas\u201d, manifest\u00f3.<\/p>\n\n\n\n<p>Adem\u00e1s, baraj\u00f3 la posibilidad de realizar un \u201cjuicio pol\u00edtico\u201d al intendente, luego de que la justicia citara a indagatorita a dos de sus funcionarios, responsables del control de las fumigaciones.<\/p>\n\n\n\n<p>\u201cEn el camino hay dos funcionarios, que son los \u00fanicos dos que fueron sumariados y retirados de su lugar de trabajo, el intendente tambi\u00e9n se va a ir de sus funciones, \u00bfo le vamos a tener que hacer un juicio pol\u00edtico?\u201d, sugiri\u00f3.<\/p>\n\n\n\n<p>\u201cDice que despu\u00e9s de diciembre va a armar una mesa, este tipo es un payaso, \u00bfa qui\u00e9n se le ocurre? Hay que ponerse los pantalones y dejarse de joder, son necios, y por eso est\u00e1n perjudicando la ciudad, el a\u00f1o que viene cuando tengamos la cantidad de hect\u00e1reas menos y cuando produzcamos menos vamos a decir \u2018qu\u00e9 pelotudos que fuimos\u2019. No nos dimos cuentas antes de votar a este ganso, con perd\u00f3n a los gansos\u201d, continu\u00f3.<\/p>\n\n\n\n<p>\u201cPelotudo es una gran palabra que figura en el diccionario\u201d, dando el textual \u201cuna persona que tiene pocas luces u obra como tal, o sea el pelotudo que esta ac\u00e1 abajo\u201d, haciendo referencia a la oficina de Javier Mart\u00ednez. \u201cEl pelotudo pol\u00edtico es el intendente\u201d, concluy\u00f3.<\/p>\n\n\n\n<p>Fuente: Info Cielo<\/p>\n","protected":false},"excerpt":{"rendered":"<p>El concejal Carlos Elizalde explot\u00f3 contra el mandatario, descalific\u00e1ndolo por c\u00f3mo manej\u00f3 la problem\u00e1ticas de las fumigaciones que termin\u00f3 en un fallo por parte de la Justicia federal. \u201cHe escuchado decir barbaridades en estos d\u00edas como que esto es un hecho pol\u00edtico, \u00e9l no supo conducirlo y termina en una situaci\u00f3n que pone en vilo [&hellip;]<\/p>\n","protected":false},"author":4,"featured_media":60943,"comment_status":"open","ping_status":"closed","sticky":false,"template":"","format":"standard","meta":{"om_disable_all_campaigns":false,"_jetpack_memberships_contains_paid_content":false,"footnotes":""},"categories":[621],"tags":[],"class_list":["post-60942","post","type-post","status-publish","format-standard","has-post-thumbnail","hentry","category-regionales"],"aioseo_notices":[],"gutentor_comment":0,"jetpack_featured_media_url":"https:\/\/eldiariodesanpedro.com.ar\/sitio\/wp-content\/uploads\/2019\/09\/20190927132307_bbx-536731782-1-elizalde.jpg","jetpack_shortlink":"https:\/\/wp.me\/p6RhLt-fQW","jetpack_sharing_enabled":true,"_links":{"self":[{"href":"https:\/\/eldiariodesanpedro.com.ar\/sitio\/wp-json\/wp\/v2\/posts\/60942","targetHints":{"allow":["GET"]}}],"collection":[{"href":"https:\/\/eldiariodesanpedro.com.ar\/sitio\/wp-json\/wp\/v2\/posts"}],"about":[{"href":"https:\/\/eldiariodesanpedro.com.ar\/sitio\/wp-json\/wp\/v2\/types\/post"}],"author":[{"embeddable":true,"href":"https:\/\/eldiariodesanpedro.com.ar\/sitio\/wp-json\/wp\/v2\/users\/4"}],"replies":[{"embeddable":true,"href":"https:\/\/eldiariodesanpedro.com.ar\/sitio\/wp-json\/wp\/v2\/comments?post=60942"}],"version-history":[{"count":1,"href":"https:\/\/eldiariodesanpedro.com.ar\/sitio\/wp-json\/wp\/v2\/posts\/60942\/revisions"}],"predecessor-version":[{"id":60944,"href":"https:\/\/eldiariodesanpedro.com.ar\/sitio\/wp-json\/wp\/v2\/posts\/60942\/revisions\/60944"}],"wp:featuredmedia":[{"embeddable":true,"href":"https:\/\/eldiariodesanpedro.com.ar\/sitio\/wp-json\/wp\/v2\/media\/60943"}],"wp:attachment":[{"href":"https:\/\/eldiariodesanpedro.com.ar\/sitio\/wp-json\/wp\/v2\/media?parent=60942"}],"wp:term":[{"taxonomy":"category","embeddable":true,"href":"https:\/\/eldiariodesanpedro.com.ar\/sitio\/wp-json\/wp\/v2\/categories?post=60942"},{"taxonomy":"post_tag","embeddable":true,"href":"https:\/\/eldiariodesanpedro.com.ar\/sitio\/wp-json\/wp\/v2\/tags?post=60942"}],"curies":[{"name":"wp","href":"https:\/\/api.w.org\/{rel}","templated":true}]}}