{"id":60939,"date":"2019-09-29T13:09:52","date_gmt":"2019-09-29T16:09:52","guid":{"rendered":"https:\/\/eldiariodesanpedro.com.ar\/sitio\/?p=60939"},"modified":"2019-09-29T13:09:56","modified_gmt":"2019-09-29T16:09:56","slug":"san-nicolas-10-mil-kilos-de-comida-por-la-emergencia-alimentaria","status":"publish","type":"post","link":"https:\/\/eldiariodesanpedro.com.ar\/sitio\/san-nicolas-10-mil-kilos-de-comida-por-la-emergencia-alimentaria\/","title":{"rendered":"SAN NICOL\u00c1S | 10 mil kilos de comida por la emergencia alimentaria"},"content":{"rendered":"<!-- VideographyWP Plugin Message: Automatic video embedding prevented by plugin options. -->\n\n<p>\n\nEl martes de la semana pasada, el municipio iniciaba la entrega de 10.000 kilos de alimentos en los comedores y merenderos de la ciudad, a ra\u00edz de la declaraci\u00f3n de Emergencia Alimentaria instrumentada por decreto del Intendente Manuel Passaglia el 9 de septiembre.<\/p>\n\n\n\n<p>Completado ya la distribuci\u00f3n del total de esa partida, el municipio resolvi\u00f3 comprar otros 10.000 kilos de alimentos que se estar\u00e1n entregando a partir de la pr\u00f3xima semana, seg\u00fan pudo averiguar EL NORTE. Tal como hab\u00eda anticipado este medio, en el municipio eval\u00faan la posibilidad de entregar refuerzos alimentarios por 30 mil kilos. Adem\u00e1s, se espera recaudar otros 10.000 kilos durante la Ceremonia de Apertura del Estadio San Nicol\u00e1s, que se sumar\u00e1n al Plan de Emergencia y se alcanzar\u00e1n as\u00ed los 30.000 kilos de alimentos de refuerzo, destinado a los sectores m\u00e1s vulnerables.<\/p>\n\n\n\n<p>La semana pasada, el Intendente particip\u00f3 de la entrega de 3.500 kilos de alimentos al comedor perteneciente a la Casa de Encuentro Comunitario (CEC) de barrio Astul Urguiaga, a cargo del padre Dami\u00e1n Vidano; y al merendero \u00abOscarcito\u00bb de barrio Moreno. Luego se avanz\u00f3 con otros 2.000 kilos de refuerzos nutricionales entregados a comedores y merenderos de los barrios Las Mellizas, San Francisco y 12 de Marzo.<\/p>\n\n\n\n<p>La Emergencia Alimentaria fue decretada por el intendente Passaglia, en un plan que busca \u201cmultiplicar los esfuerzos para atender la creciente demanda que tienen los comedores y merenderos barriales, destinando mayores recursos para garantizar que a ning\u00fan ni\u00f1o de San Nicol\u00e1s le falte comida\u201d, seg\u00fan consign\u00f3 el municipio mediante un parte de prensa. De acuerdo a la cantidad de personas que asiste a cada uno de estos espacios, se reforzar\u00e1 la llegada de alimentos, considerando adem\u00e1s qu\u00e9 es lo que m\u00e1s necesitan en cada caso. El plan municipal no alcanza a los comedores escolares, ya que estos funcionan con recursos provinciales.<\/p>\n\n\n\n<p>Asistentes sociales<\/p>\n\n\n\n<p>Los paquetes que lleguen a cada comedor y merendero barrial contienen alimentos secos, leche y frutas. En todos los casos, la ayuda llega a trav\u00e9s de asistentes sociales dependientes del \u00e1rea de Acci\u00f3n Social que encabeza Mar\u00eda Rosa M\u00e9ndez. Los referentes de cada comedor y merendero ser\u00e1n los encargados de recibir los productos y deber\u00e1n firmar la recepci\u00f3n de los mismos en un acta que se labrar\u00e1 a tales fines.<\/p>\n\n\n\n<p>San Nicol\u00e1s fue pionera en la declaraci\u00f3n de Emergencia Alimentaria. Una semana despu\u00e9s, el Senado de la Naci\u00f3n convert\u00eda en ley la pr\u00f3rroga de la Emergencia Alimentaria por unanimidad con 61 votos a favor.<\/p>\n\n\n\n<p>La iniciativa, que fue impulsada por la oposici\u00f3n y el oficialismo decidi\u00f3 acompa\u00f1arla, prorroga hasta el 31 de diciembre de 2022 la emergencia alimentaria nacional, que seg\u00fan la Ley 27.345 sancionada en 2016 vence el 31 de diciembre de este a\u00f1o. Establece un \u00abincremento de emergencia\u00bb como m\u00ednimo del 50% \u00abde los cr\u00e9ditos presupuestarios vigentes del corriente a\u00f1o correspondientes a pol\u00edticas p\u00fablicas nacionales de alimentaci\u00f3n y nutrici\u00f3n\u00bb.<\/p>\n\n\n\n<p>Fuente: Diario El Norte<\/p>\n","protected":false},"excerpt":{"rendered":"<p>El martes de la semana pasada, el municipio iniciaba la entrega de 10.000 kilos de alimentos en los comedores y merenderos de la ciudad, a ra\u00edz de la declaraci\u00f3n de Emergencia Alimentaria instrumentada por decreto del Intendente Manuel Passaglia el 9 de septiembre. Completado ya la distribuci\u00f3n del total de esa partida, el municipio resolvi\u00f3 [&hellip;]<\/p>\n","protected":false},"author":4,"featured_media":60940,"comment_status":"open","ping_status":"closed","sticky":false,"template":"","format":"standard","meta":{"om_disable_all_campaigns":false,"_jetpack_memberships_contains_paid_content":false,"footnotes":""},"categories":[621],"tags":[],"class_list":["post-60939","post","type-post","status-publish","format-standard","has-post-thumbnail","hentry","category-regionales"],"aioseo_notices":[],"gutentor_comment":0,"jetpack_featured_media_url":"https:\/\/eldiariodesanpedro.com.ar\/sitio\/wp-content\/uploads\/2019\/09\/0_21_1.jpg","jetpack_shortlink":"https:\/\/wp.me\/p6RhLt-fQT","jetpack_sharing_enabled":true,"_links":{"self":[{"href":"https:\/\/eldiariodesanpedro.com.ar\/sitio\/wp-json\/wp\/v2\/posts\/60939","targetHints":{"allow":["GET"]}}],"collection":[{"href":"https:\/\/eldiariodesanpedro.com.ar\/sitio\/wp-json\/wp\/v2\/posts"}],"about":[{"href":"https:\/\/eldiariodesanpedro.com.ar\/sitio\/wp-json\/wp\/v2\/types\/post"}],"author":[{"embeddable":true,"href":"https:\/\/eldiariodesanpedro.com.ar\/sitio\/wp-json\/wp\/v2\/users\/4"}],"replies":[{"embeddable":true,"href":"https:\/\/eldiariodesanpedro.com.ar\/sitio\/wp-json\/wp\/v2\/comments?post=60939"}],"version-history":[{"count":1,"href":"https:\/\/eldiariodesanpedro.com.ar\/sitio\/wp-json\/wp\/v2\/posts\/60939\/revisions"}],"predecessor-version":[{"id":60941,"href":"https:\/\/eldiariodesanpedro.com.ar\/sitio\/wp-json\/wp\/v2\/posts\/60939\/revisions\/60941"}],"wp:featuredmedia":[{"embeddable":true,"href":"https:\/\/eldiariodesanpedro.com.ar\/sitio\/wp-json\/wp\/v2\/media\/60940"}],"wp:attachment":[{"href":"https:\/\/eldiariodesanpedro.com.ar\/sitio\/wp-json\/wp\/v2\/media?parent=60939"}],"wp:term":[{"taxonomy":"category","embeddable":true,"href":"https:\/\/eldiariodesanpedro.com.ar\/sitio\/wp-json\/wp\/v2\/categories?post=60939"},{"taxonomy":"post_tag","embeddable":true,"href":"https:\/\/eldiariodesanpedro.com.ar\/sitio\/wp-json\/wp\/v2\/tags?post=60939"}],"curies":[{"name":"wp","href":"https:\/\/api.w.org\/{rel}","templated":true}]}}