{"id":60936,"date":"2019-09-29T13:08:10","date_gmt":"2019-09-29T16:08:10","guid":{"rendered":"https:\/\/eldiariodesanpedro.com.ar\/sitio\/?p=60936"},"modified":"2019-09-29T13:08:14","modified_gmt":"2019-09-29T16:08:14","slug":"campana-la-ola-de-despidos-de-musimundo-no-afectaria-a-campana","status":"publish","type":"post","link":"https:\/\/eldiariodesanpedro.com.ar\/sitio\/campana-la-ola-de-despidos-de-musimundo-no-afectaria-a-campana\/","title":{"rendered":"CAMPANA | La ola de despidos de Musimundo no afectar\u00eda a Campana"},"content":{"rendered":"<!-- VideographyWP Plugin Message: Automatic video embedding prevented by plugin options. -->\n\n<p>\n\nLa famosa cadena de electrodom\u00e9sticos, m\u00fasica y electr\u00f3nica ya cerr\u00f3 m\u00e1s de 40 sucursales en lo que va del a\u00f1o, lo cual se traduce en centenares de despidos, 120 de los cuales se produjeron el mes pasado en un lapso de tan solo 24 hrs. A pesar de esta situaci\u00f3n, nuestra ciudad parece ser una excepci\u00f3n ya que seg\u00fan la informaci\u00f3n disponible la sede seguir\u00e1 en pie, y no se ha prescindido de ning\u00fan empleado.<\/p>\n\n\n\n<p>En los \u00faltimos meses, la cadena Musimundo parece estar cerrando de manera constante sucursales a trav\u00e9s del pa\u00eds. Tan solo el mes pasado, la empresa decidi\u00f3 cerrar 11 locales en menos de un d\u00eda, informando a los empleados que prescindir\u00edan de sus servicios esa misma jornada.<\/p>\n\n\n\n<p>Esta situaci\u00f3n se da como resultado de un ajuste presupuestario que la empresa viene realizando desde hace ya casi dos a\u00f1os, debido a dificultades econ\u00f3micas y un bajo nivel de ventas. De hecho, los empleados de la compa\u00f1\u00eda ven\u00edan advirtiendo este contexto ya desde hace un tiempo, incluso reportando en varias sucursales del pa\u00eds situaciones fuera de lo ordinario (no es necesariamente el caso de Campana), como la necesidad de renovar contratos mensualmente, mayor rotaci\u00f3n de tareas, ampliaci\u00f3n de las horas de trabajo, variaci\u00f3n en las formas de remuneraci\u00f3n, el pago del aguinaldo en cuotas, etc.<\/p>\n\n\n\n<p>Tan s\u00f3lo en las \u00faltimas semanas, se ha procedido a abandonar las actividades en sedes de localidades como La Plata, Ezeiza, Mar del Plata, Olavarr\u00eda, Tres Arroyos, Necochea, Monte Grande, Quilmes, Berazategui, Marcos Paz, Ca\u00f1uelas, Mercedes, Saladillo, Pehuaj\u00f3, Bragado, Trenque Lauquen y Chivilcoy. De esta manera, Musimundo estar\u00eda desapareciendo de gran parte de la Provincia de Buenos Aires, sum\u00e1ndose \u00e9sta a sectores del interior como Neuqu\u00e9n, Tucum\u00e1n y Chaco. La crisis tambi\u00e9n se evidencia en Capital Federal, con el cierre de la gran sucursal ubicada en la esquina de Corrientes y Callao.<\/p>\n\n\n\n<p>\u00bfQu\u00e9 significa esto para Campana?<\/p>\n\n\n\n<p>Afortunadamente, en comunicaci\u00f3n con CN, autoridades de la sede central de la franquicia aseguraron que el recorte no afectar\u00e1 a nuestra ciudad, no habiendo necesitado en ning\u00fan momento considerar seriamente dar fin a la contrataci\u00f3n de alg\u00fan empleado, ni un posible cierre definitivo del lugar.<\/p>\n\n\n\n<p>Para comprender el por qu\u00e9, los representantes de la empresa hicieron \u00e9nfasis en transmitir en t\u00e9rminos espec\u00edficos lo que est\u00e1 sucediendo: La marca \u201cMusimundo\u201d est\u00e1 conformada por la asociaci\u00f3n de dos firmas, Electr\u00f3nica Megatone (EMSA), de Santa Fe, y el grupo Carsa S.A., de origen chaque\u00f1o. El ajuste previamente mencionado est\u00e1 siendo llevado \u00fanicamente por esta \u00faltima, Carsa, raz\u00f3n por la cual sucursales que dependan de ella son las que est\u00e1n atravesando este proceso.<\/p>\n\n\n\n<p>Por otra parte, la sucursal de Campana, junto con otras sobre todo en la zona norte de la Provincia de Buenos Aires, al estar a nombre de EMSA, no se ver\u00e1 perjudicada por esta situaci\u00f3n. De esta manera los vecinos, sean trabajadores o clientes, pueden quedarse tranquilos que las actividades de la sucursal continuar\u00e1n con normalidad.<\/p>\n\n\n\n<p><br>Un poco de historia<\/p>\n\n\n\n<p>Las cosas han cambiado desde mediados de 2017, cuando la empresa se ubicaba como una de las m\u00e1s importantes en el rubro de venta de electrodom\u00e9sticos, art\u00edculos para el hogar e inform\u00e1tica de toda la Rep\u00fablica Argentina, repartida en m\u00e1s de 260 sucursales a trav\u00e9s de su territorio. La franquicia naci\u00f3 en los a\u00f1os 70 especializ\u00e1ndose en la venta de m\u00fasica, para luego convertirse en los a\u00f1os 90 en una empresa en plena expansi\u00f3n, gracias a la venta de libros y todo tipo de productos electr\u00f3nicos.<\/p>\n\n\n\n<p>Finalmente, en el a\u00f1o 2011 fue adquirida por el Grupo Red Megatone, dedicado a la venta de art\u00edculos para el hogar, para acabar fusion\u00e1ndose con otras empresas del mismo grupo (como Electr\u00f3nica Megatone y Carsa, previamente mencionadas), todas bajo el nombre \u201cMusimundo\u201d, hoy centro de controversia.<\/p>\n\n\n\n<p>Fuente: Campana Noticias<\/p>\n","protected":false},"excerpt":{"rendered":"<p>La famosa cadena de electrodom\u00e9sticos, m\u00fasica y electr\u00f3nica ya cerr\u00f3 m\u00e1s de 40 sucursales en lo que va del a\u00f1o, lo cual se traduce en centenares de despidos, 120 de los cuales se produjeron el mes pasado en un lapso de tan solo 24 hrs. A pesar de esta situaci\u00f3n, nuestra ciudad parece ser una [&hellip;]<\/p>\n","protected":false},"author":4,"featured_media":60937,"comment_status":"open","ping_status":"closed","sticky":false,"template":"","format":"standard","meta":{"om_disable_all_campaigns":false,"_jetpack_memberships_contains_paid_content":false,"footnotes":""},"categories":[621],"tags":[],"class_list":["post-60936","post","type-post","status-publish","format-standard","has-post-thumbnail","hentry","category-regionales"],"aioseo_notices":[],"gutentor_comment":0,"jetpack_featured_media_url":"https:\/\/eldiariodesanpedro.com.ar\/sitio\/wp-content\/uploads\/2019\/09\/20190926031855.jpg","jetpack_shortlink":"https:\/\/wp.me\/p6RhLt-fQQ","jetpack_sharing_enabled":true,"_links":{"self":[{"href":"https:\/\/eldiariodesanpedro.com.ar\/sitio\/wp-json\/wp\/v2\/posts\/60936","targetHints":{"allow":["GET"]}}],"collection":[{"href":"https:\/\/eldiariodesanpedro.com.ar\/sitio\/wp-json\/wp\/v2\/posts"}],"about":[{"href":"https:\/\/eldiariodesanpedro.com.ar\/sitio\/wp-json\/wp\/v2\/types\/post"}],"author":[{"embeddable":true,"href":"https:\/\/eldiariodesanpedro.com.ar\/sitio\/wp-json\/wp\/v2\/users\/4"}],"replies":[{"embeddable":true,"href":"https:\/\/eldiariodesanpedro.com.ar\/sitio\/wp-json\/wp\/v2\/comments?post=60936"}],"version-history":[{"count":1,"href":"https:\/\/eldiariodesanpedro.com.ar\/sitio\/wp-json\/wp\/v2\/posts\/60936\/revisions"}],"predecessor-version":[{"id":60938,"href":"https:\/\/eldiariodesanpedro.com.ar\/sitio\/wp-json\/wp\/v2\/posts\/60936\/revisions\/60938"}],"wp:featuredmedia":[{"embeddable":true,"href":"https:\/\/eldiariodesanpedro.com.ar\/sitio\/wp-json\/wp\/v2\/media\/60937"}],"wp:attachment":[{"href":"https:\/\/eldiariodesanpedro.com.ar\/sitio\/wp-json\/wp\/v2\/media?parent=60936"}],"wp:term":[{"taxonomy":"category","embeddable":true,"href":"https:\/\/eldiariodesanpedro.com.ar\/sitio\/wp-json\/wp\/v2\/categories?post=60936"},{"taxonomy":"post_tag","embeddable":true,"href":"https:\/\/eldiariodesanpedro.com.ar\/sitio\/wp-json\/wp\/v2\/tags?post=60936"}],"curies":[{"name":"wp","href":"https:\/\/api.w.org\/{rel}","templated":true}]}}