{"id":60933,"date":"2019-09-29T13:06:25","date_gmt":"2019-09-29T16:06:25","guid":{"rendered":"https:\/\/eldiariodesanpedro.com.ar\/sitio\/?p=60933"},"modified":"2019-09-29T13:06:29","modified_gmt":"2019-09-29T16:06:29","slug":"san-nicolas-desplazaron-a-subcomisario-de-la-federal-san-nicolas","status":"publish","type":"post","link":"https:\/\/eldiariodesanpedro.com.ar\/sitio\/san-nicolas-desplazaron-a-subcomisario-de-la-federal-san-nicolas\/","title":{"rendered":"SAN NICOL\u00c1S | Desplazaron a Subcomisario de la Federal San Nicol\u00e1s"},"content":{"rendered":"<!-- VideographyWP Plugin Message: Automatic video embedding prevented by plugin options. -->\n\n<p>\n\nEl subcomisario Rolando Abalos y el sargento Marcos Medina fueron pasados a disponibilidad y ya no forman parte de la Polic\u00eda Federal Argentina (PFA). Ambos estuvieron con el exjefe de la delegaci\u00f3n Santa fe de la fuerza Mariano Vald\u00e9s, la noche que fue baleado en la autopista a Buenos Aires, a la altura de Villa Constituci\u00f3n.<\/p>\n\n\n\n<p>La investigaci\u00f3n revel\u00f3 que entre las llamadas que efectu\u00f3 Vald\u00e9s la noche en la que recibi\u00f3 dos disparos de arma de fuego hab\u00eda varias a su subjefe Higinio Bellagio, quien junto con una docena de efectivos de la fuerza que se desempe\u00f1an en Rosario, San Nicol\u00e1s y Santa Fe fueron los primeros en arribar a la escena del delito. Se presume que algunos de ellos tambi\u00e9n tienen v\u00ednculos con el encubrimiento de lo que pas\u00f3 esa noche.<\/p>\n\n\n\n<p>La semana pasada Vald\u00e9s y Bellagio fueron detenidos en la capital de la provincia y luego imputados por incumplimiento de deberes de funcionario p\u00fablico y se les dict\u00f3 prisi\u00f3n preventiva por 90 d\u00edas. Ahora dos de los efectivos que los asistieron la noche del incidente fueron pasados a disponibilidad, informaci\u00f3n que fue comunicada en el bolet\u00edn interno de la Polic\u00eda Federal.<\/p>\n\n\n\n<p>Tanto Abalos como Medina, los efectivos separados de sus cargos, se desempe\u00f1aron en la delegaci\u00f3n de Rosario de la Federal, pero dos meses atr\u00e1s fueron trasladados a otras dependencias. Abalos cumpl\u00eda funciones en San Nicol\u00e1s, mientras que Medina se encontraba en Santa Fe.<\/p>\n\n\n\n<p>Por la rapidez con la que Abalos y Medina habr\u00edan acudido al lugar donde se registr\u00f3 la balacera en la autopista, ambos quedaron en la mira de la causa que lleva adelante del Ministerio P\u00fablico de la Acusaci\u00f3n (MPA) que los hab\u00eda investigado en profundidad y ya que hab\u00eda pasado sus legajos a la Justicia Federal.<\/p>\n\n\n\n<p>En tano, Vald\u00e9s y Bellagio quedaron presos acusados por una serie de delitos entre los que se cuentan el incumplimiento de los deberes de funcionario p\u00fablico, encubrimiento agravado, falsedad ideol\u00f3gica y falso testimonio.<\/p>\n\n\n\n<p>Todas esas irregularidades se habr\u00edan cometido en los instantes posteriores al tiroteo en la que result\u00f3 herido con dos disparos el propio Vald\u00e9s en la autopista, a la altura de Villa Constituci\u00f3n.<\/p>\n\n\n\n<p>Al momento de ocurrido el hecho, Vald\u00e9s estaba acompa\u00f1ado por la suboficial Rosana Gonz\u00e1lez, quien, si bien en un primer momento pareci\u00f3 convalidar la versi\u00f3n de una presunta emboscada de un grupo de encapuchados, luego se desdijo y declar\u00f3 que Vald\u00e9s fue atacado tras mantener una discusi\u00f3n con personas conocidas por \u00e9l.<\/p>\n\n\n\n<p>La jueza Marisol Usandizaga justific\u00f3 la prisi\u00f3n preventiva por 90 d\u00edas para ambos ante la posibilidad de que Vald\u00e9s y Bellagio a trav\u00e9s de sus contactos en la fuerza entorpecieran la investigaci\u00f3n. Y en ese sentido, lo justific\u00f3 en el asedio que sufri\u00f3 Gonz\u00e1lez antes de declarar oficialmente.<\/p>\n\n\n\n<p>Fuente: La Capital<\/p>\n","protected":false},"excerpt":{"rendered":"<p>El subcomisario Rolando Abalos y el sargento Marcos Medina fueron pasados a disponibilidad y ya no forman parte de la Polic\u00eda Federal Argentina (PFA). Ambos estuvieron con el exjefe de la delegaci\u00f3n Santa fe de la fuerza Mariano Vald\u00e9s, la noche que fue baleado en la autopista a Buenos Aires, a la altura de Villa [&hellip;]<\/p>\n","protected":false},"author":4,"featured_media":60934,"comment_status":"open","ping_status":"closed","sticky":false,"template":"","format":"standard","meta":{"om_disable_all_campaigns":false,"_jetpack_memberships_contains_paid_content":false,"footnotes":""},"categories":[621],"tags":[],"class_list":["post-60933","post","type-post","status-publish","format-standard","has-post-thumbnail","hentry","category-regionales"],"aioseo_notices":[],"gutentor_comment":0,"jetpack_featured_media_url":"https:\/\/eldiariodesanpedro.com.ar\/sitio\/wp-content\/uploads\/2019\/09\/no_6uyqwkk6ax8cdbhupraveny_0027380890.jpg","jetpack_shortlink":"https:\/\/wp.me\/p6RhLt-fQN","jetpack_sharing_enabled":true,"_links":{"self":[{"href":"https:\/\/eldiariodesanpedro.com.ar\/sitio\/wp-json\/wp\/v2\/posts\/60933","targetHints":{"allow":["GET"]}}],"collection":[{"href":"https:\/\/eldiariodesanpedro.com.ar\/sitio\/wp-json\/wp\/v2\/posts"}],"about":[{"href":"https:\/\/eldiariodesanpedro.com.ar\/sitio\/wp-json\/wp\/v2\/types\/post"}],"author":[{"embeddable":true,"href":"https:\/\/eldiariodesanpedro.com.ar\/sitio\/wp-json\/wp\/v2\/users\/4"}],"replies":[{"embeddable":true,"href":"https:\/\/eldiariodesanpedro.com.ar\/sitio\/wp-json\/wp\/v2\/comments?post=60933"}],"version-history":[{"count":1,"href":"https:\/\/eldiariodesanpedro.com.ar\/sitio\/wp-json\/wp\/v2\/posts\/60933\/revisions"}],"predecessor-version":[{"id":60935,"href":"https:\/\/eldiariodesanpedro.com.ar\/sitio\/wp-json\/wp\/v2\/posts\/60933\/revisions\/60935"}],"wp:featuredmedia":[{"embeddable":true,"href":"https:\/\/eldiariodesanpedro.com.ar\/sitio\/wp-json\/wp\/v2\/media\/60934"}],"wp:attachment":[{"href":"https:\/\/eldiariodesanpedro.com.ar\/sitio\/wp-json\/wp\/v2\/media?parent=60933"}],"wp:term":[{"taxonomy":"category","embeddable":true,"href":"https:\/\/eldiariodesanpedro.com.ar\/sitio\/wp-json\/wp\/v2\/categories?post=60933"},{"taxonomy":"post_tag","embeddable":true,"href":"https:\/\/eldiariodesanpedro.com.ar\/sitio\/wp-json\/wp\/v2\/tags?post=60933"}],"curies":[{"name":"wp","href":"https:\/\/api.w.org\/{rel}","templated":true}]}}