{"id":60925,"date":"2019-09-28T12:32:13","date_gmt":"2019-09-28T15:32:13","guid":{"rendered":"https:\/\/eldiariodesanpedro.com.ar\/sitio\/?p=60925"},"modified":"2019-09-28T12:32:18","modified_gmt":"2019-09-28T15:32:18","slug":"zona-rural-delincuentes-armados-robaron-en-una-finca-y-amenazaron-a-una-abuela-con-su-nieta","status":"publish","type":"post","link":"https:\/\/eldiariodesanpedro.com.ar\/sitio\/zona-rural-delincuentes-armados-robaron-en-una-finca-y-amenazaron-a-una-abuela-con-su-nieta\/","title":{"rendered":"Zona Rural: Delincuentes armados robaron en una finca y amenazaron a una abuela con su nieta"},"content":{"rendered":"<!-- VideographyWP Plugin Message: Automatic video embedding prevented by plugin options. -->\n\n<p>El lamentable hecho sucedi\u00f3 este viernes en horas de la noche, los malvivientes armados llegaron en un autom\u00f3vil y sorprendieron en su vivienda a una mujer mayor de edad que se encontraba junto a su nieta y dos amigas. Lograron sustraer dinero en efectivo y electrodom\u00e9sticos varios.<\/p>\n\n\n\n<p>Personal de Comando Patrullas Rural San Pedro, toma intervenci\u00f3n a ra\u00edz de un evento solicitado por un alerta al 911, en finca Paraje Colegiales (zona rural).<\/p>\n\n\n\n<p>All\u00ed dos masculinos, uno de ellos armados, movilizados posiblemente en un automovil marca  Fiat Uno de color gris, con rostros semicubiertos, ingresan a la morad sorprendiendo a la propietaria mayor de edad, quien al momento se hallaba con su nieta menor y dos amigas.<\/p>\n\n\n\n<p> Tras intimidaci\u00f3n con arma de fuego, los delincuentes le sustraen dinero efectivo, electrodom\u00e9sticos varios, entre otros elementos y emprenden r\u00e1pidamente a la fuga.<\/p>\n\n\n\n<p>Intervino UFI 11 San Pedro y personal de DDI San Pedro &#8211; Baradero.<br><\/p>\n","protected":false},"excerpt":{"rendered":"<p>El lamentable hecho sucedi\u00f3 este viernes en horas de la noche, los malvivientes armados llegaron en un autom\u00f3vil y sorprendieron en su vivienda a una mujer mayor de edad que se encontraba junto a su nieta y dos amigas. Lograron sustraer dinero en efectivo y electrodom\u00e9sticos varios. Personal de Comando Patrullas Rural San Pedro, toma [&hellip;]<\/p>\n","protected":false},"author":4,"featured_media":60926,"comment_status":"open","ping_status":"closed","sticky":false,"template":"","format":"standard","meta":{"om_disable_all_campaigns":false,"_jetpack_memberships_contains_paid_content":false,"footnotes":""},"categories":[50,2,103],"tags":[],"class_list":["post-60925","post","type-post","status-publish","format-standard","has-post-thumbnail","hentry","category-destacadas","category-locales","category-policiales-locales"],"aioseo_notices":[],"gutentor_comment":0,"jetpack_featured_media_url":"https:\/\/eldiariodesanpedro.com.ar\/sitio\/wp-content\/uploads\/2019\/09\/delincuente-con-arma.jpg","jetpack_shortlink":"https:\/\/wp.me\/p6RhLt-fQF","jetpack_sharing_enabled":true,"_links":{"self":[{"href":"https:\/\/eldiariodesanpedro.com.ar\/sitio\/wp-json\/wp\/v2\/posts\/60925","targetHints":{"allow":["GET"]}}],"collection":[{"href":"https:\/\/eldiariodesanpedro.com.ar\/sitio\/wp-json\/wp\/v2\/posts"}],"about":[{"href":"https:\/\/eldiariodesanpedro.com.ar\/sitio\/wp-json\/wp\/v2\/types\/post"}],"author":[{"embeddable":true,"href":"https:\/\/eldiariodesanpedro.com.ar\/sitio\/wp-json\/wp\/v2\/users\/4"}],"replies":[{"embeddable":true,"href":"https:\/\/eldiariodesanpedro.com.ar\/sitio\/wp-json\/wp\/v2\/comments?post=60925"}],"version-history":[{"count":1,"href":"https:\/\/eldiariodesanpedro.com.ar\/sitio\/wp-json\/wp\/v2\/posts\/60925\/revisions"}],"predecessor-version":[{"id":60927,"href":"https:\/\/eldiariodesanpedro.com.ar\/sitio\/wp-json\/wp\/v2\/posts\/60925\/revisions\/60927"}],"wp:featuredmedia":[{"embeddable":true,"href":"https:\/\/eldiariodesanpedro.com.ar\/sitio\/wp-json\/wp\/v2\/media\/60926"}],"wp:attachment":[{"href":"https:\/\/eldiariodesanpedro.com.ar\/sitio\/wp-json\/wp\/v2\/media?parent=60925"}],"wp:term":[{"taxonomy":"category","embeddable":true,"href":"https:\/\/eldiariodesanpedro.com.ar\/sitio\/wp-json\/wp\/v2\/categories?post=60925"},{"taxonomy":"post_tag","embeddable":true,"href":"https:\/\/eldiariodesanpedro.com.ar\/sitio\/wp-json\/wp\/v2\/tags?post=60925"}],"curies":[{"name":"wp","href":"https:\/\/api.w.org\/{rel}","templated":true}]}}