{"id":60921,"date":"2019-09-28T12:15:48","date_gmt":"2019-09-28T15:15:48","guid":{"rendered":"https:\/\/eldiariodesanpedro.com.ar\/sitio\/?p=60921"},"modified":"2019-09-28T12:15:52","modified_gmt":"2019-09-28T15:15:52","slug":"allanamiento-positivo-por-robo","status":"publish","type":"post","link":"https:\/\/eldiariodesanpedro.com.ar\/sitio\/allanamiento-positivo-por-robo\/","title":{"rendered":"Allanamiento positivo por robo"},"content":{"rendered":"<!-- VideographyWP Plugin Message: Automatic video embedding prevented by plugin options. -->\n\n<p>Este viernes por la tarde, Personal de Comisaria en conjunto con Personal del Grupo de Apoyo Departamental GAD, intervinieron en un domicilio a dar cumplimiento por una orden librada por el Juzgado de Garant\u00edas en el marco de actuaciones caratuladas \u00abRobo\u00bb.<\/p>\n\n\n\n<p>El hecho se  produjo en una vivienda de calle Bajada de Chavez al 500,  donde se procede al secuestro de una heladera color blanca sustra\u00edda en el marco de las actuaciones de menci\u00f3n y dos plantas de marihuana, como as\u00ed tambi\u00e9n se procede a la aprehensi\u00f3n del morador de la vivienda. <\/p>\n\n\n\n<p>El procedimiento se da a cumplimiento a una Orden de Allanamiento librada por el Juzgado de Garant\u00edas en turno del Dpto. Judicial de San Nicol\u00e1s, en el marco de actuaciones caratuladas ROBO, por el hecho en tramite por la UFI 11 San Pedro.<\/p>\n","protected":false},"excerpt":{"rendered":"<p>Este viernes por la tarde, Personal de Comisaria en conjunto con Personal del Grupo de Apoyo Departamental GAD, intervinieron en un domicilio a dar cumplimiento por una orden librada por el Juzgado de Garant\u00edas en el marco de actuaciones caratuladas \u00abRobo\u00bb. El hecho se produjo en una vivienda de calle Bajada de Chavez al 500, [&hellip;]<\/p>\n","protected":false},"author":4,"featured_media":60922,"comment_status":"open","ping_status":"closed","sticky":false,"template":"","format":"standard","meta":{"om_disable_all_campaigns":false,"_jetpack_memberships_contains_paid_content":false,"footnotes":""},"categories":[50,2,103],"tags":[],"class_list":["post-60921","post","type-post","status-publish","format-standard","has-post-thumbnail","hentry","category-destacadas","category-locales","category-policiales-locales"],"aioseo_notices":[],"gutentor_comment":0,"jetpack_featured_media_url":"https:\/\/eldiariodesanpedro.com.ar\/sitio\/wp-content\/uploads\/2019\/09\/WhatsApp-Image-2019-09-27-at-6.14.45-PM.jpeg","jetpack_shortlink":"https:\/\/wp.me\/p6RhLt-fQB","jetpack_sharing_enabled":true,"_links":{"self":[{"href":"https:\/\/eldiariodesanpedro.com.ar\/sitio\/wp-json\/wp\/v2\/posts\/60921","targetHints":{"allow":["GET"]}}],"collection":[{"href":"https:\/\/eldiariodesanpedro.com.ar\/sitio\/wp-json\/wp\/v2\/posts"}],"about":[{"href":"https:\/\/eldiariodesanpedro.com.ar\/sitio\/wp-json\/wp\/v2\/types\/post"}],"author":[{"embeddable":true,"href":"https:\/\/eldiariodesanpedro.com.ar\/sitio\/wp-json\/wp\/v2\/users\/4"}],"replies":[{"embeddable":true,"href":"https:\/\/eldiariodesanpedro.com.ar\/sitio\/wp-json\/wp\/v2\/comments?post=60921"}],"version-history":[{"count":1,"href":"https:\/\/eldiariodesanpedro.com.ar\/sitio\/wp-json\/wp\/v2\/posts\/60921\/revisions"}],"predecessor-version":[{"id":60923,"href":"https:\/\/eldiariodesanpedro.com.ar\/sitio\/wp-json\/wp\/v2\/posts\/60921\/revisions\/60923"}],"wp:featuredmedia":[{"embeddable":true,"href":"https:\/\/eldiariodesanpedro.com.ar\/sitio\/wp-json\/wp\/v2\/media\/60922"}],"wp:attachment":[{"href":"https:\/\/eldiariodesanpedro.com.ar\/sitio\/wp-json\/wp\/v2\/media?parent=60921"}],"wp:term":[{"taxonomy":"category","embeddable":true,"href":"https:\/\/eldiariodesanpedro.com.ar\/sitio\/wp-json\/wp\/v2\/categories?post=60921"},{"taxonomy":"post_tag","embeddable":true,"href":"https:\/\/eldiariodesanpedro.com.ar\/sitio\/wp-json\/wp\/v2\/tags?post=60921"}],"curies":[{"name":"wp","href":"https:\/\/api.w.org\/{rel}","templated":true}]}}