{"id":60906,"date":"2019-09-28T11:50:11","date_gmt":"2019-09-28T14:50:11","guid":{"rendered":"https:\/\/eldiariodesanpedro.com.ar\/sitio\/?p=60906"},"modified":"2019-09-28T12:02:23","modified_gmt":"2019-09-28T15:02:23","slug":"60906-2","status":"publish","type":"post","link":"https:\/\/eldiariodesanpedro.com.ar\/sitio\/60906-2\/","title":{"rendered":"SALAZAR: \u00abApoyamos el trabajo policial al 100%\u00bb"},"content":{"rendered":"<!-- VideographyWP Plugin Message: Automatic video embedding prevented by plugin options. -->\n\n<p>En una extensa entrevista al Diario de San Pedro donde el mandatario comunal se refiri\u00f3 al escenario electoral de cara a los pr\u00f3ximos comicios y adem\u00e1s resalto muchos temas importantes de su gesti\u00f3n, como \u00abseguridad\u00bb.<\/p>\n\n\n\n<p>El actual intendente Cecilio Salazar del Partido Fe que se encuentra dentro de Juntos por el Cambio en nuestra ciudad sigue trabajando para una reelecci\u00f3n, en una visita a nuestra redacci\u00f3n afirm\u00f3 que \u201ctenemos que trabajar, no estamos para responder o comentar lo que hacen los otros, los opositores, necesitamos cuatro a\u00f1os m\u00e1s sin duda alguna imag\u00ednate para seguir haciendo cosas, no hay tiempo para discutir\u00bb<\/p>\n\n\n\n<p>En una parte de la entrevista dialogamos con respecto al trabajo que se est\u00e1 haciendo en seguridad quien reconoci\u00f3 junto a nuestra entrevistadora el trabajo que realiza el personal policial, el r\u00e1pido accionar, el trabajo de contenci\u00f3n social y la asunci\u00f3n de responsabilidades que muchas veces exceden sus obligaciones que tiene el comisario Andr\u00e9s Galiano, el Jefe Departamental Juan Ram\u00f3n Catalano, y el trabajo del Grupo de Apoyo Departamental GAD quien hace d\u00edas atr\u00e1s salv\u00f3 la vida de una persona quien se quer\u00eda suicidar, \u00abestoy al tanto de todo, se el profesionalismo que tenemos en la calle, cuando Catalano tom\u00f3 la decisi\u00f3n de irse lo volv\u00ed a convocar al tiempo y felizmente est\u00e1 trabajando con nosotros, estamos haciendo una gran inversi\u00f3n en la fuerza, entre 800 millones de pesos todos los meses, en combustible, en m\u00f3viles, en todo\u00bb<\/p>\n\n\n\n<p>\u00abAc\u00e1 claramente el problema es que los delincuentes entran y salen, son aprehendidos r\u00e1pidamente y los liberan al otro d\u00eda, pero tenemos mucho trabajo que sin la cantidad de m\u00f3viles por ejemplo no se hubiera logrado, el problema serio es que los delincuentes son atrapados y liberados nuevamente, yo he dialogado con la Dra Bicetti, Fiscal General, se le plante\u00f3 la situaci\u00f3n en San Pedro, que ni en los hechos graves se respeta la cuesti\u00f3n de investigar primero al delincuente que est\u00e1 aprehendido y luego se lo libere si es culpable o no, ac\u00e1 el 90% de los hechos son esclarecidos pero la justicia va al rev\u00e9s, yo les digo a algunos jueces que son extremadamente garantistas que revean estas situaciones, la puerta giratoria existe\u00bb<\/p>\n\n\n\n<p>\u00abNecesitamos cambiar las leyes, est\u00e1 fallando el sector de los jueces, a mi me preocupa mucho y los menores m\u00e1s todav\u00eda, yo sigo pensando que las leyes son muy garantistas, que protegen a los delincuentes y no a los ciudadanos, que necesitamos un Juzgado de Garant\u00edas en San Pedro, nosotros apoyamos a la polic\u00eda al 100%\u00bb<\/p>\n\n\n\n<p>\u00abLa polic\u00eda comunal no pudo ser posible, no se concret\u00f3, est\u00e1bamos esperando el decreto lo tramitamos, vino en su momento Ritondo, el Ministro de Seguridad pero lamentablemente no pudo ser, ten\u00edamos un fondo para la fuerza de 280 mil pesos pero de todas maneras yo asumo la responsabilidad como intendente pero la justicia no la puedo manejar yo\u00bb.<br><\/p>\n","protected":false},"excerpt":{"rendered":"<p>En una extensa entrevista al Diario de San Pedro donde el mandatario comunal se refiri\u00f3 al escenario electoral de cara a los pr\u00f3ximos comicios y adem\u00e1s resalto muchos temas importantes de su gesti\u00f3n, como \u00abseguridad\u00bb. El actual intendente Cecilio Salazar del Partido Fe que se encuentra dentro de Juntos por el Cambio en nuestra ciudad [&hellip;]<\/p>\n","protected":false},"author":4,"featured_media":60912,"comment_status":"open","ping_status":"closed","sticky":false,"template":"","format":"standard","meta":{"om_disable_all_campaigns":false,"_jetpack_memberships_contains_paid_content":false,"footnotes":""},"categories":[50,101,2],"tags":[],"class_list":["post-60906","post","type-post","status-publish","format-standard","has-post-thumbnail","hentry","category-destacadas","category-interes-general-locales","category-locales"],"aioseo_notices":[],"gutentor_comment":1,"jetpack_featured_media_url":"https:\/\/eldiariodesanpedro.com.ar\/sitio\/wp-content\/uploads\/2019\/09\/SALAZAR.jpg","jetpack_shortlink":"https:\/\/wp.me\/p6RhLt-fQm","jetpack_sharing_enabled":true,"_links":{"self":[{"href":"https:\/\/eldiariodesanpedro.com.ar\/sitio\/wp-json\/wp\/v2\/posts\/60906","targetHints":{"allow":["GET"]}}],"collection":[{"href":"https:\/\/eldiariodesanpedro.com.ar\/sitio\/wp-json\/wp\/v2\/posts"}],"about":[{"href":"https:\/\/eldiariodesanpedro.com.ar\/sitio\/wp-json\/wp\/v2\/types\/post"}],"author":[{"embeddable":true,"href":"https:\/\/eldiariodesanpedro.com.ar\/sitio\/wp-json\/wp\/v2\/users\/4"}],"replies":[{"embeddable":true,"href":"https:\/\/eldiariodesanpedro.com.ar\/sitio\/wp-json\/wp\/v2\/comments?post=60906"}],"version-history":[{"count":4,"href":"https:\/\/eldiariodesanpedro.com.ar\/sitio\/wp-json\/wp\/v2\/posts\/60906\/revisions"}],"predecessor-version":[{"id":60920,"href":"https:\/\/eldiariodesanpedro.com.ar\/sitio\/wp-json\/wp\/v2\/posts\/60906\/revisions\/60920"}],"wp:featuredmedia":[{"embeddable":true,"href":"https:\/\/eldiariodesanpedro.com.ar\/sitio\/wp-json\/wp\/v2\/media\/60912"}],"wp:attachment":[{"href":"https:\/\/eldiariodesanpedro.com.ar\/sitio\/wp-json\/wp\/v2\/media?parent=60906"}],"wp:term":[{"taxonomy":"category","embeddable":true,"href":"https:\/\/eldiariodesanpedro.com.ar\/sitio\/wp-json\/wp\/v2\/categories?post=60906"},{"taxonomy":"post_tag","embeddable":true,"href":"https:\/\/eldiariodesanpedro.com.ar\/sitio\/wp-json\/wp\/v2\/tags?post=60906"}],"curies":[{"name":"wp","href":"https:\/\/api.w.org\/{rel}","templated":true}]}}