{"id":60905,"date":"2019-09-28T11:45:43","date_gmt":"2019-09-28T14:45:43","guid":{"rendered":"https:\/\/eldiariodesanpedro.com.ar\/sitio\/?p=60905"},"modified":"2019-09-28T14:52:59","modified_gmt":"2019-09-28T17:52:59","slug":"salazar-gane-quien-gane-voy-a-seguir-trabajando-como-lo-estoy-haciendo-para-san-pedro","status":"publish","type":"post","link":"https:\/\/eldiariodesanpedro.com.ar\/sitio\/salazar-gane-quien-gane-voy-a-seguir-trabajando-como-lo-estoy-haciendo-para-san-pedro\/","title":{"rendered":"Salazar: \u00abGane quien gane voy a seguir trabajando como lo estoy haciendo para San Pedro\u00bb"},"content":{"rendered":"<!-- VideographyWP Plugin Message: Automatic video embedding prevented by plugin options. -->\n\n<p>El actual intendente Cecilio Salazar del Partido Fe que se encuentra dentro de Juntos por el Cambio en nuestra ciudad sigue trabajando para una reelecci\u00f3n, en una visita a nuestra redacci\u00f3n reconoci\u00f3 la derrota del espacio a nivel provincial que se lo atribuy\u00f3 a \u00abla decisi\u00f3n democr\u00e1tica de la gente\u00bb pero siente mucha felicidad al tener el apoyo a nivel local, \u00abhoy tenemos un Municipio equilibrado, no descanso por ver crecer a esta ciudad que amo, es la ciudad que voy a vivir y la que voy a morir\u00bb.<\/p>\n\n\n\n<p>En di\u00e1logo exclusivo con El Diario de San Pedro el intendente Cecilio Salazar habl\u00f3 sobre las PASO en las que se impuso por amplio margen en San Pedro y sobre c\u00f3mo est\u00e1n trabajando de cara a las elecciones generales para Octubre.<\/p>\n\n\n\n<p>\u00abSe que me esperan en los barrios que todav\u00eda no llegamos, la verdad que desde muy temprano no paro y trato de llegar, a veces tengo 7 o 8 audiencias por d\u00eda, y apenas me levanto me encanta recorrer las obras que estamos haciendo\u00bb<\/p>\n\n\n\n<p>Con respecto al trabajo de obras nos cont\u00f3 sobre la Ruta Provincial 1001, cuya repavimentaci\u00f3n se inaugur\u00f3 en 2017, pero comenz\u00f3 a romperse meses despu\u00e9s. Hubo muchos reclamos a las actuales autoridades de Vialidad y adem\u00e1s se tuvo que enviar m\u00e1quinas de la Comuna para arreglar algunas partes del camino que se tornaron intransitables este \u00faltimo tiempo, pero este mes de septiembre comenzaron,\u00bbfelizmente logramos que empiecen el trabajo con la obra de Santa Luc\u00eda, realmente para mi es algo que me frustro mucho, estaba todo para que se hiciera, estaba el presupuesto de 159 millones de pesos, la empresa que gan\u00f3 la licitaci\u00f3n present\u00f3 139 millones de pesos, ya estaba la adjudicaci\u00f3n, estaba todo pero empez\u00f3 a desbordarse la situaci\u00f3n del pa\u00eds, all\u00e1 por junio del 2018 y todo empez\u00f3 a demorar, hable mil veces con la gobernadora pero se iba decayendo la obra, fue una de mis grandes frustraciones de esta gesti\u00f3n, pero hoy logramos repavimentado, me hubiera gustado que se haga toda pero tenemos que esperar que pasa en octubre, si sigo la vamos a terminar, tiene mi palabra la gente de San Pedro\u00bb, y agreg\u00f3 sobre otra obra muy esperada, \u00abpara el Jard\u00edn de Banfield tambi\u00e9n ya nos adjudicamos la empresa que es la misma que est\u00e1 trabajando en el Centro Comunitario 802, ahora falta que nos adelanten el dinero que son alrededor de 7 millones de pesos y seguimos\u00bb.<\/p>\n\n\n\n<p>Seguido, directamente le preguntamos por la candidata del Frente de Todos, Ester Noat c\u00f3mo ve su candidatura quien lo enfrentar\u00e1 en octubre \u201ctenemos que trabajar, no estamos para responder o comentar lo que hacen los otros, no me interesa leer nada, y mucho menos contestar agresiones, la verdad que la gente sabe lo que tienen que hacer, yo sigo consiguiendo cosas para San Pedro, pero si es cierto que hubo funcionarios que estuvieron hasta el 10 de diciembre del 2015 trabajando en la provincia y ?, sabes las cosas que hubiera hecho si hubiera estado al lado del Gobernador Scioli o el Gobernador Sol\u00e1 en ese momento, y ac\u00e1 estaban trabajando en ese tiempo con dos m\u00f3viles rotos, y vienen a contar qu\u00e9 historia\u00bb<\/p>\n\n\n\n<p>\u00abSi voy aclarar que mi sueldo lo fija la Ley Org\u00e1nica de Municipalidades, si alg\u00fan futuro intendente est\u00e1 haciendo pol\u00edtica con eso, no es cierto, no se puede, yo lo intente y no pude, tres veces me intim\u00f3 el tribunal de cuentas\u00bb, y agreg\u00f3, \u00abno ilusione a la gente, yo a cada cr\u00edtica puedo contestar con mil obras\u00bb<\/p>\n\n\n\n<p>Por \u00faltimo analiz\u00f3 los resultados de Juntos por el Cambio en las PASO, tanto a nivel local como provincial y nacional. Le preguntamos si los hechos acontecidos este \u00faltimo tiempo en su gesti\u00f3n desde 2015 hasta la fecha repercutieron en el voto de la gente como el caso de la Consejera Escolar, Sampol, detenida por venta de drogas y la detenci\u00f3n de un militante del Partido Fe (su esposo), Ulises Fern\u00e1ndez, por el homicidio de Gomila (2016), como la concejal Ver\u00f3nica L\u00f3pez (2018) que estaba enganchada de la luz y ten\u00eda un hijo con frondosos antecedentes delictivos, y entre los m\u00e1s relevantes, la detenci\u00f3n de su persona de confianza(2019), el ch\u00f3fer Macelli detenido con el auto oficial por pirater\u00eda del asfalto, contesto:<\/p>\n\n\n\n<p>\u201cObtuvimos un muy buen triunfo, es muy alentador de cara a octubre. Nos quedamos un poco amargados por lo que pas\u00f3 a nivel provincial y nacional. Creo que Mar\u00eda Eugenia Vidal hizo una gran tarea, as\u00ed como nosotros lo estamos haciendo en San Pedro. Considero que la gente vot\u00f3 por la econom\u00eda. Hay sectores amplios de la poblaci\u00f3n pas\u00e1ndola mal. Eso prim\u00f3 en la decisi\u00f3n de la gente y hay que respetarla\u201d, sostuvo y agreg\u00f3, \u00abnunca escape de la realidad, siempre hable con la verdad, yo puedo decir que hace 30 a\u00f1os vivo en la misma casa, si hay algo que no soy es corrupto!, yo creo que la gente sabe quien \u00e9s Cecilio Salazar, puedo garantizar que nunca tuve nada que ver con ning\u00fan hecho que se involucr\u00f3 alguna persona que estuvo cerca m\u00edo, yo estoy orgulloso de haber aprendido de mis viejo y es a ser solidario y honesto\u00bb<\/p>\n\n\n\n<p>A nuestra \u00faltima pregunta c\u00f3mo trabajar\u00eda o si trabajar\u00eda con la f\u00f3rmula Fernandez \u2013 Fernandez, culmin\u00f3:<\/p>\n\n\n\n<p>\u00abEsto es as\u00ed, est\u00e1n metiendo le miedo a la gente diciendo que no vamos a poder gobernar , que vamos a tener un presidente o un gobernador en contra, que no vamos a poder trabajar como lo estamos haciendo hasta ahora, esto es MENTIRA, yo les digo que gane Fern\u00e1ndez, gane Vidal, gane Macri o kicillof, yo voy a seguir trabajando igual, para mi todos los d\u00edas lo m\u00e1s importante es San Pedro, m\u00e1s de lo que yo crea, m\u00e1s de mi ideolog\u00eda\u00bb<\/p>\n\n\n\n<p>\u00abQu\u00e9dense tranquilos, y se los digo a todos los sampedrinos, gane quien gane voy a seguir gestionando mi ciudad de la misma manera, las obras van a seguir, hoy tenemos un municipio equilibrado, podemos hacer m\u00e1s, yo voy a privilegiar a San Pedro sobre mi y por sobre todo lo que corresponde\u00bb<\/p>\n\n\n\n<p>\u00abSan Pedro para mi es la ciudad que amo, es la ciudad que voy a vivir y es la ciudad que voy a morir\u00bb.<br><\/p>\n","protected":false},"excerpt":{"rendered":"<p>El actual intendente Cecilio Salazar del Partido Fe que se encuentra dentro de Juntos por el Cambio en nuestra ciudad sigue trabajando para una reelecci\u00f3n, en una visita a nuestra redacci\u00f3n reconoci\u00f3 la derrota del espacio a nivel provincial que se lo atribuy\u00f3 a \u00abla decisi\u00f3n democr\u00e1tica de la gente\u00bb pero siente mucha felicidad al [&hellip;]<\/p>\n","protected":false},"author":4,"featured_media":60909,"comment_status":"open","ping_status":"closed","sticky":false,"template":"","format":"standard","meta":{"om_disable_all_campaigns":false,"_jetpack_memberships_contains_paid_content":false,"footnotes":""},"categories":[50,101,2],"tags":[],"class_list":["post-60905","post","type-post","status-publish","format-standard","has-post-thumbnail","hentry","category-destacadas","category-interes-general-locales","category-locales"],"aioseo_notices":[],"gutentor_comment":0,"jetpack_featured_media_url":"https:\/\/eldiariodesanpedro.com.ar\/sitio\/wp-content\/uploads\/2019\/09\/20190928_114402.jpg","jetpack_shortlink":"https:\/\/wp.me\/p6RhLt-fQl","jetpack_sharing_enabled":true,"_links":{"self":[{"href":"https:\/\/eldiariodesanpedro.com.ar\/sitio\/wp-json\/wp\/v2\/posts\/60905","targetHints":{"allow":["GET"]}}],"collection":[{"href":"https:\/\/eldiariodesanpedro.com.ar\/sitio\/wp-json\/wp\/v2\/posts"}],"about":[{"href":"https:\/\/eldiariodesanpedro.com.ar\/sitio\/wp-json\/wp\/v2\/types\/post"}],"author":[{"embeddable":true,"href":"https:\/\/eldiariodesanpedro.com.ar\/sitio\/wp-json\/wp\/v2\/users\/4"}],"replies":[{"embeddable":true,"href":"https:\/\/eldiariodesanpedro.com.ar\/sitio\/wp-json\/wp\/v2\/comments?post=60905"}],"version-history":[{"count":3,"href":"https:\/\/eldiariodesanpedro.com.ar\/sitio\/wp-json\/wp\/v2\/posts\/60905\/revisions"}],"predecessor-version":[{"id":60929,"href":"https:\/\/eldiariodesanpedro.com.ar\/sitio\/wp-json\/wp\/v2\/posts\/60905\/revisions\/60929"}],"wp:featuredmedia":[{"embeddable":true,"href":"https:\/\/eldiariodesanpedro.com.ar\/sitio\/wp-json\/wp\/v2\/media\/60909"}],"wp:attachment":[{"href":"https:\/\/eldiariodesanpedro.com.ar\/sitio\/wp-json\/wp\/v2\/media?parent=60905"}],"wp:term":[{"taxonomy":"category","embeddable":true,"href":"https:\/\/eldiariodesanpedro.com.ar\/sitio\/wp-json\/wp\/v2\/categories?post=60905"},{"taxonomy":"post_tag","embeddable":true,"href":"https:\/\/eldiariodesanpedro.com.ar\/sitio\/wp-json\/wp\/v2\/tags?post=60905"}],"curies":[{"name":"wp","href":"https:\/\/api.w.org\/{rel}","templated":true}]}}