{"id":6090,"date":"2016-07-17T20:00:17","date_gmt":"2016-07-17T23:00:17","guid":{"rendered":"https:\/\/eldiariodesanpedro.com.ar\/sitio\/?p=6090"},"modified":"2016-07-17T20:00:17","modified_gmt":"2016-07-17T23:00:17","slug":"la-policia-secuestro-marihuana-y-aprehendieron-a-un-hombre","status":"publish","type":"post","link":"https:\/\/eldiariodesanpedro.com.ar\/sitio\/la-policia-secuestro-marihuana-y-aprehendieron-a-un-hombre\/","title":{"rendered":"La polic\u00eda secuestr\u00f3 marihuana y aprehendieron a un hombre"},"content":{"rendered":"<p><!-- VideographyWP Plugin Message: Automatic video embedding prevented by plugin options. --><br \/>\nEn la noche del viernes, se llevaron a cabo dos allanamientos por drogas. En uno de ellos, realizado en inmediaciones de Hermano Indio y Casella, se secuestraron 20 paquetes de marihuana compactada, lista para su venta, un tel\u00e9fono celular, dinero efectivo y adem\u00e1s fue aprehendido el morador de la vivienda, un hombre de 26 a\u00f1os.<br \/>\nEn tanto, el segundo procedimiento se concret\u00f3 a pocas cuadras del lugar, en Hermano Indio a metros de J. B. Justo. Sin embargo, en ese lugar no se hallaron estupefacientes.<\/p>\n","protected":false},"excerpt":{"rendered":"<p>En la noche del viernes, se llevaron a cabo dos allanamientos por drogas. En uno de ellos, realizado en inmediaciones de Hermano Indio y Casella, se secuestraron 20 paquetes de marihuana compactada, lista para su venta, un tel\u00e9fono celular, dinero efectivo y adem\u00e1s fue aprehendido el morador de la vivienda, un hombre de 26 a\u00f1os. [&hellip;]<\/p>\n","protected":false},"author":4,"featured_media":1378,"comment_status":"open","ping_status":"closed","sticky":false,"template":"","format":"standard","meta":{"om_disable_all_campaigns":false,"_jetpack_memberships_contains_paid_content":false,"footnotes":""},"categories":[2,103],"tags":[],"class_list":["post-6090","post","type-post","status-publish","format-standard","has-post-thumbnail","hentry","category-locales","category-policiales-locales"],"aioseo_notices":[],"gutentor_comment":0,"jetpack_featured_media_url":"https:\/\/eldiariodesanpedro.com.ar\/sitio\/wp-content\/uploads\/2015\/12\/detenido-esposado-620x413.jpg","jetpack_shortlink":"https:\/\/wp.me\/p6RhLt-1Ae","jetpack_sharing_enabled":true,"_links":{"self":[{"href":"https:\/\/eldiariodesanpedro.com.ar\/sitio\/wp-json\/wp\/v2\/posts\/6090","targetHints":{"allow":["GET"]}}],"collection":[{"href":"https:\/\/eldiariodesanpedro.com.ar\/sitio\/wp-json\/wp\/v2\/posts"}],"about":[{"href":"https:\/\/eldiariodesanpedro.com.ar\/sitio\/wp-json\/wp\/v2\/types\/post"}],"author":[{"embeddable":true,"href":"https:\/\/eldiariodesanpedro.com.ar\/sitio\/wp-json\/wp\/v2\/users\/4"}],"replies":[{"embeddable":true,"href":"https:\/\/eldiariodesanpedro.com.ar\/sitio\/wp-json\/wp\/v2\/comments?post=6090"}],"version-history":[{"count":1,"href":"https:\/\/eldiariodesanpedro.com.ar\/sitio\/wp-json\/wp\/v2\/posts\/6090\/revisions"}],"predecessor-version":[{"id":6091,"href":"https:\/\/eldiariodesanpedro.com.ar\/sitio\/wp-json\/wp\/v2\/posts\/6090\/revisions\/6091"}],"wp:featuredmedia":[{"embeddable":true,"href":"https:\/\/eldiariodesanpedro.com.ar\/sitio\/wp-json\/wp\/v2\/media\/1378"}],"wp:attachment":[{"href":"https:\/\/eldiariodesanpedro.com.ar\/sitio\/wp-json\/wp\/v2\/media?parent=6090"}],"wp:term":[{"taxonomy":"category","embeddable":true,"href":"https:\/\/eldiariodesanpedro.com.ar\/sitio\/wp-json\/wp\/v2\/categories?post=6090"},{"taxonomy":"post_tag","embeddable":true,"href":"https:\/\/eldiariodesanpedro.com.ar\/sitio\/wp-json\/wp\/v2\/tags?post=6090"}],"curies":[{"name":"wp","href":"https:\/\/api.w.org\/{rel}","templated":true}]}}