{"id":6088,"date":"2016-07-17T19:59:14","date_gmt":"2016-07-17T22:59:14","guid":{"rendered":"https:\/\/eldiariodesanpedro.com.ar\/sitio\/?p=6088"},"modified":"2016-07-17T19:59:14","modified_gmt":"2016-07-17T22:59:14","slug":"violento-robo-en-el-km-6-de-la-ruta-1001","status":"publish","type":"post","link":"https:\/\/eldiariodesanpedro.com.ar\/sitio\/violento-robo-en-el-km-6-de-la-ruta-1001\/","title":{"rendered":"Violento robo en el km 6 de la ruta 1001"},"content":{"rendered":"<p><!-- VideographyWP Plugin Message: Automatic video embedding prevented by plugin options. --><br \/>\nEl hecho se produjo sobre la tarde-noche del s\u00e1bado en un establecimiento rural en cercan\u00edas al km 6 de la ruta 1001.<br \/>\nTres delincuentes, al menos uno armado, a cara cubierta irrumpieron en la vivienda de un predio y sorprendieron al propietario, un hombre de 61 a\u00f1os de edad.<br \/>\nSeg\u00fan se pudo establecer, lograron da\u00f1ar un alambrado perimetral y de esa manera ingresaron al lugar. Mediante intimidaci\u00f3n con arma, golpes y amenazas, le sustrajeron dinero en efectivo para luego darse a la fuga.<br \/>\nUna ambulancia del Hospital debi\u00f3 asistir a la v\u00edctima por los traumatismos que sufri\u00f3 tras las agresiones.<br \/>\nTom\u00f3 intervenci\u00f3n la UFI N\u00ba 11 y la DDI Local.<\/p>\n","protected":false},"excerpt":{"rendered":"<p>El hecho se produjo sobre la tarde-noche del s\u00e1bado en un establecimiento rural en cercan\u00edas al km 6 de la ruta 1001. Tres delincuentes, al menos uno armado, a cara cubierta irrumpieron en la vivienda de un predio y sorprendieron al propietario, un hombre de 61 a\u00f1os de edad. Seg\u00fan se pudo establecer, lograron da\u00f1ar [&hellip;]<\/p>\n","protected":false},"author":4,"featured_media":5588,"comment_status":"open","ping_status":"closed","sticky":false,"template":"","format":"standard","meta":{"om_disable_all_campaigns":false,"_jetpack_memberships_contains_paid_content":false,"footnotes":""},"categories":[50,2,103],"tags":[],"class_list":["post-6088","post","type-post","status-publish","format-standard","has-post-thumbnail","hentry","category-destacadas","category-locales","category-policiales-locales"],"aioseo_notices":[],"gutentor_comment":0,"jetpack_featured_media_url":"https:\/\/eldiariodesanpedro.com.ar\/sitio\/wp-content\/uploads\/2016\/06\/patrulla-policia-1.jpg","jetpack_shortlink":"https:\/\/wp.me\/p6RhLt-1Ac","jetpack_sharing_enabled":true,"_links":{"self":[{"href":"https:\/\/eldiariodesanpedro.com.ar\/sitio\/wp-json\/wp\/v2\/posts\/6088","targetHints":{"allow":["GET"]}}],"collection":[{"href":"https:\/\/eldiariodesanpedro.com.ar\/sitio\/wp-json\/wp\/v2\/posts"}],"about":[{"href":"https:\/\/eldiariodesanpedro.com.ar\/sitio\/wp-json\/wp\/v2\/types\/post"}],"author":[{"embeddable":true,"href":"https:\/\/eldiariodesanpedro.com.ar\/sitio\/wp-json\/wp\/v2\/users\/4"}],"replies":[{"embeddable":true,"href":"https:\/\/eldiariodesanpedro.com.ar\/sitio\/wp-json\/wp\/v2\/comments?post=6088"}],"version-history":[{"count":1,"href":"https:\/\/eldiariodesanpedro.com.ar\/sitio\/wp-json\/wp\/v2\/posts\/6088\/revisions"}],"predecessor-version":[{"id":6089,"href":"https:\/\/eldiariodesanpedro.com.ar\/sitio\/wp-json\/wp\/v2\/posts\/6088\/revisions\/6089"}],"wp:featuredmedia":[{"embeddable":true,"href":"https:\/\/eldiariodesanpedro.com.ar\/sitio\/wp-json\/wp\/v2\/media\/5588"}],"wp:attachment":[{"href":"https:\/\/eldiariodesanpedro.com.ar\/sitio\/wp-json\/wp\/v2\/media?parent=6088"}],"wp:term":[{"taxonomy":"category","embeddable":true,"href":"https:\/\/eldiariodesanpedro.com.ar\/sitio\/wp-json\/wp\/v2\/categories?post=6088"},{"taxonomy":"post_tag","embeddable":true,"href":"https:\/\/eldiariodesanpedro.com.ar\/sitio\/wp-json\/wp\/v2\/tags?post=6088"}],"curies":[{"name":"wp","href":"https:\/\/api.w.org\/{rel}","templated":true}]}}