{"id":60872,"date":"2019-09-27T19:07:33","date_gmt":"2019-09-27T22:07:33","guid":{"rendered":"https:\/\/eldiariodesanpedro.com.ar\/sitio\/?p=60872"},"modified":"2019-09-27T19:07:37","modified_gmt":"2019-09-27T22:07:37","slug":"ademar-marabert-salazar-defiende-las-empresas-no-al-trabajador","status":"publish","type":"post","link":"https:\/\/eldiariodesanpedro.com.ar\/sitio\/ademar-marabert-salazar-defiende-las-empresas-no-al-trabajador\/","title":{"rendered":"Ademar Marabert: \u00abSalazar defiende las empresas, no al trabajador\u00bb"},"content":{"rendered":"<!-- VideographyWP Plugin Message: Automatic video embedding prevented by plugin options. -->\n\n<p> El frente que lleva como candidato a presidente a Nicol\u00e1s del Ca\u00f1o y como candidata a vicepresidenta a Romina del Pl\u00e1, tiene como referente local, candidato a intendente al Secretario General del Partido Obrero, Ademar Maraber. En entrevista con el Diario de San Pedro conto detalles sobre la campa\u00f1a de cara a las elecciones generales en Octubre.<\/p>\n\n\n\n<p>Con la consigna \u201cNuestras vidas valen m\u00e1s que sus ganancias\u201d el Frente de  Izquierda propone presentar una alternativa pol\u00edtica de los trabajadores frente al gobierno ajustador de Macri y los gobernadores, y frente a la oposici\u00f3n que le vot\u00f3 todas las leyes en el Congreso, ya sea del PJ\/FPV o del Frente Renovador (que hoy forma parte de la alianza de Massa y Stolbizer), con un programa de medidas para que \u00abla crisis la paguen los capitalistas\u00bb. <\/p>\n\n\n\n<p>Marabert brind\u00f3 detalles de sus proyectos e ideas de campa\u00f1a en una extensa entrevista con nuestra redacci\u00f3n:<\/p>\n\n\n\n<p>\u00abNosotros hablamos con trabajadores y ex trabajadores, todo el a\u00f1o, les presentamos proyectos y les planteamos nuestra tipo de pol\u00edtica para poder cambiar esta crisis\u00bb<\/p>\n\n\n\n<p>El candidato del Frente de Izquierda remarc\u00f3 que la idea es \u00abgenerar m\u00e1s puestos de trabajos, construir m\u00e1s escuelas, escuelas primarias con jornadas completas y construir mas viviendas que no se han hecho desde el gobierno de Barbieri, que fueron construcciones muy precarias, la ciudad crece, necesitamos viviendas y escuelas\u00bb<\/p>\n\n\n\n<p>Tengo muy buena relaci\u00f3n con la candidata a gobernadora Nora Biaggio, tengo una comunicacion casi diaria,  quien esta al tanto y compartimos ideas, por ejemplo si ma\u00f1ana se arma un conflicto con un trabajador yo hago un informe y se lo paso e inmediatamente est\u00e1 al tanto, estuvimos dialogando con los docentes por el tema del paro por lo que est\u00e1 pasando en Chubut, donde discutimos un plan de lucha, quien la CGT no la tiene, tenemos que salir a luchar\u00bb<\/p>\n\n\n\n<p>A nuestra pregunta si ten\u00eda relaci\u00f3n con el intendente de nuestra ciudad contest\u00f3, \u00abno, lamentablemente el que es un dirigente de la UATRE lo ha dicho en otras oportunidades, el primero mira la empresa, nosotros los trabajadores, esa es la diferencia\u00bb<\/p>\n\n\n\n<p>\u00abJ&amp;S textil y COPLAC hace mucho que estaban en conflicto y Salazar nunca intervino antes, osea intervienen cuando ya no hay mas nada por hacer\u00bb<\/p>\n\n\n\n<p>Para el Frente de Todos tambi\u00e9n dio su opini\u00f3n, \u00aben San Pedro se solidarizan, pero no traen proyecto o planteos, Fernandez plantea seguir pagando la deuda externa, osea van a seguir metiendo la mano al bolsillo del trabajador\u00bb<\/p>\n\n\n\n<p>A nivel Nacional proponen:<\/p>\n\n\n\n<p><em>FUERA EL R\u00c9GIMEN DEL FMI:  Toda la deuda contra\u00edda con el Fondo (U$S 57 mil millones) s\u00f3lo ha servido para financiar la fuga de capitales (U$S 70 mil millones bajo el gobierno Macri). Pero el FMI reclama m\u00e1s ajuste. El conjunto de la deuda externa es impagable y lleva a la Argentina a un nuevo default. Es necesario romper con el FMI, cesar con el pago de la deuda ileg\u00edtima, y nacionalizar la banca y el comercio exterior bajo el control de los trabajadores. As\u00ed, se podr\u00e1 destinar el ahorro nacional a un plan de reindustrializaci\u00f3n del pa\u00eds. <\/em><\/p>\n\n\n\n<p>NO A LA REFORMA LABORAL Y JUBILATORIA: El FMI reclama una reforma laboral y una reforma previsional, que hunda a\u00fan m\u00e1s a trabajadores y jubilados en la miseria. En oposici\u00f3n a esos planes, planteamos: salario m\u00ednimo igual al costo de la canasta familiar (hoy en $45 mil) indexado por inflaci\u00f3n. Prohibici\u00f3n de despidos y suspensiones. Reparto de la horas de trabajo, entre ocupados y desocupados, sin reducir los salarios. Estatizaci\u00f3n sin pago y puesta en producci\u00f3n de toda f\u00e1brica que cierre o despida, bajo control de sus trabajadores.<\/p>\n\n\n\n<p>ANULACI\u00d3N DE LOS TARIFAZOS: Las empresas de servicios amasan fortunas y brindas malos servicios, como lo evidenci\u00f3 el apag\u00f3n que afect\u00f3 a 40 millones de argentinos. Anulaci\u00f3n de los tarifazos. Apertura de los libros contables de las empresas energ\u00e9ticas y del transporte para poner en evidencia los negociados contra el pueblo. Nacionalizaci\u00f3n integral sin resarcimiento de las empresas de energ\u00eda y de transporte, bajo control de sus propios trabajadores, para recuperarlos como una palanca de desarrollo nacional en favor de las necesidades de la mayor\u00eda trabajadora.<\/p>\n\n\n\n<p>POR EL DERECHO A LA TIERRA Y LA VIVIENDA; Asignaci\u00f3n del suelo urbano ocioso a la vivienda popular. Por un plan masivo de construcci\u00f3n de viviendas y urbanizaci\u00f3n de los barrios populares bajo control de los vecinos, financiado con un impuesto extraordinario a los especuladores financieros, a los bancos y grandes capitalistas. Planteamos la anulaci\u00f3n del sistema de cr\u00e9ditos UVA y la defensa del derecho a la vivienda de los trabajadores, en contraposici\u00f3n al beneficio de los bancos.<\/p>\n\n\n\n<p>EN DEFENSA DE LA EDUCACI\u00d3N Y LA SALUD P\u00daBLICAS: Triplicaci\u00f3n del presupuesto educativo en todos sus niveles, bajo control de docentes y estudiantes. Eliminaci\u00f3n de los subsidios a la educaci\u00f3n privada. Abajo el ajuste en ciencia y tecnolog\u00eda. Por una cobertura de salud gratuita e integral a cargo del Estado y la triplicaci\u00f3n del presupuesto. Rechazamos la CUS, que recorta el acceso al hospital p\u00fablico. Pago integral de la deuda del estado con las obras sociales sindicales y la expulsi\u00f3n de la burocracia sindical del directorio de las mismas, para que sean dirigidas por los trabajadores.<\/p>\n\n\n\n<p>ABAJO LA REPRESI\u00d3N, LA CRIMINALIZACI\u00d3N DE LA PROTESTA Y EL GATILLO F\u00c1CIL: Abajo la \u201cdoctrina Chocobar\u201d y el gatillo f\u00e1cil. No a la reconciliaci\u00f3n con los milicos genocidas de la dictadura. Basta de xenofobia contra los inmigrantes que impulsa el macrismo y la \u2018oposici\u00f3n\u2019. No a la cooperaci\u00f3n internacional con el imperialismo en materia de seguridad, a la injerencia de los servicios extranjeros en la vida nacional y a la autonom\u00eda de las Fuerzas Armadas. Desmantelamiento de los aparatos represivos. Llamamos a la juventud a organizarse para combatir el gatillo f\u00e1cil y el abuso policial.<\/p>\n","protected":false},"excerpt":{"rendered":"<p>El frente que lleva como candidato a presidente a Nicol\u00e1s del Ca\u00f1o y como candidata a vicepresidenta a Romina del Pl\u00e1, tiene como referente local, candidato a intendente al Secretario General del Partido Obrero, Ademar Maraber. En entrevista con el Diario de San Pedro conto detalles sobre la campa\u00f1a de cara a las elecciones generales [&hellip;]<\/p>\n","protected":false},"author":4,"featured_media":60874,"comment_status":"open","ping_status":"closed","sticky":false,"template":"","format":"standard","meta":{"om_disable_all_campaigns":false,"_jetpack_memberships_contains_paid_content":false,"footnotes":""},"categories":[50,2,102],"tags":[],"class_list":["post-60872","post","type-post","status-publish","format-standard","has-post-thumbnail","hentry","category-destacadas","category-locales","category-politica-locales"],"aioseo_notices":[],"gutentor_comment":0,"jetpack_featured_media_url":"https:\/\/eldiariodesanpedro.com.ar\/sitio\/wp-content\/uploads\/2019\/09\/20190927_190445.jpg","jetpack_shortlink":"https:\/\/wp.me\/p6RhLt-fPO","jetpack_sharing_enabled":true,"_links":{"self":[{"href":"https:\/\/eldiariodesanpedro.com.ar\/sitio\/wp-json\/wp\/v2\/posts\/60872","targetHints":{"allow":["GET"]}}],"collection":[{"href":"https:\/\/eldiariodesanpedro.com.ar\/sitio\/wp-json\/wp\/v2\/posts"}],"about":[{"href":"https:\/\/eldiariodesanpedro.com.ar\/sitio\/wp-json\/wp\/v2\/types\/post"}],"author":[{"embeddable":true,"href":"https:\/\/eldiariodesanpedro.com.ar\/sitio\/wp-json\/wp\/v2\/users\/4"}],"replies":[{"embeddable":true,"href":"https:\/\/eldiariodesanpedro.com.ar\/sitio\/wp-json\/wp\/v2\/comments?post=60872"}],"version-history":[{"count":1,"href":"https:\/\/eldiariodesanpedro.com.ar\/sitio\/wp-json\/wp\/v2\/posts\/60872\/revisions"}],"predecessor-version":[{"id":60875,"href":"https:\/\/eldiariodesanpedro.com.ar\/sitio\/wp-json\/wp\/v2\/posts\/60872\/revisions\/60875"}],"wp:featuredmedia":[{"embeddable":true,"href":"https:\/\/eldiariodesanpedro.com.ar\/sitio\/wp-json\/wp\/v2\/media\/60874"}],"wp:attachment":[{"href":"https:\/\/eldiariodesanpedro.com.ar\/sitio\/wp-json\/wp\/v2\/media?parent=60872"}],"wp:term":[{"taxonomy":"category","embeddable":true,"href":"https:\/\/eldiariodesanpedro.com.ar\/sitio\/wp-json\/wp\/v2\/categories?post=60872"},{"taxonomy":"post_tag","embeddable":true,"href":"https:\/\/eldiariodesanpedro.com.ar\/sitio\/wp-json\/wp\/v2\/tags?post=60872"}],"curies":[{"name":"wp","href":"https:\/\/api.w.org\/{rel}","templated":true}]}}