{"id":60854,"date":"2019-09-27T11:52:11","date_gmt":"2019-09-27T14:52:11","guid":{"rendered":"https:\/\/eldiariodesanpedro.com.ar\/sitio\/?p=60854"},"modified":"2019-09-27T11:53:54","modified_gmt":"2019-09-27T14:53:54","slug":"television-publica-los-batateros-sampedrinos-quieren-que-su-batata-se-conozca","status":"publish","type":"post","link":"https:\/\/eldiariodesanpedro.com.ar\/sitio\/television-publica-los-batateros-sampedrinos-quieren-que-su-batata-se-conozca\/","title":{"rendered":"Televisi\u00f3n Publica: Los batateros sampedrinos quieren que su batata se conozca!"},"content":{"rendered":"<!-- VideographyWP Plugin Message: Automatic video embedding prevented by plugin options. -->\n\n<p> Este jueves al mediod\u00eda productores de Gobernador Castro acompa\u00f1ados por la Municipalidad de San Pedro estuvieron en Cocineros Argentinos hablando de la batata de nuestra zona, sus propiedades y la labor que les insume.<\/p>\n\n\n\n<p> Alberto D\u00edaz, Sebasti\u00e1n Manresa, Javier Mirada, junto a Ariel Alvarez, estuvieron temprano en la Televisi\u00f3n P\u00fablica con material y muchas ganas de promocionar uno de nuestros productos locales. <\/p>\n\n\n\n<ul class=\"wp-block-gallery columns-2 is-cropped wp-block-gallery-1 is-layout-flex wp-block-gallery-is-layout-flex\"><li class=\"blocks-gallery-item\"><figure><img decoding=\"async\" width=\"960\" height=\"720\" data-attachment-id=\"60855\" data-permalink=\"https:\/\/eldiariodesanpedro.com.ar\/sitio\/television-publica-los-batateros-sampedrinos-quieren-que-su-batata-se-conozca\/71649920_1455969031224972_6518123732270055424_n\/\" data-orig-file=\"https:\/\/eldiariodesanpedro.com.ar\/sitio\/wp-content\/uploads\/2019\/09\/71649920_1455969031224972_6518123732270055424_n.jpg\" data-orig-size=\"960,720\" data-comments-opened=\"1\" data-image-meta=\"{&quot;aperture&quot;:&quot;0&quot;,&quot;credit&quot;:&quot;&quot;,&quot;camera&quot;:&quot;&quot;,&quot;caption&quot;:&quot;&quot;,&quot;created_timestamp&quot;:&quot;0&quot;,&quot;copyright&quot;:&quot;&quot;,&quot;focal_length&quot;:&quot;0&quot;,&quot;iso&quot;:&quot;0&quot;,&quot;shutter_speed&quot;:&quot;0&quot;,&quot;title&quot;:&quot;&quot;,&quot;orientation&quot;:&quot;0&quot;}\" data-image-title=\"71649920_1455969031224972_6518123732270055424_n\" data-image-description=\"\" data-image-caption=\"\" data-large-file=\"https:\/\/eldiariodesanpedro.com.ar\/sitio\/wp-content\/uploads\/2019\/09\/71649920_1455969031224972_6518123732270055424_n.jpg\" data-src=\"https:\/\/eldiariodesanpedro.com.ar\/sitio\/wp-content\/uploads\/2019\/09\/71649920_1455969031224972_6518123732270055424_n.jpg\" alt=\"\" data-id=\"60855\" data-link=\"https:\/\/eldiariodesanpedro.com.ar\/sitio\/?attachment_id=60855\" class=\"wp-image-60855 lazyload\" data-srcset=\"https:\/\/eldiariodesanpedro.com.ar\/sitio\/wp-content\/uploads\/2019\/09\/71649920_1455969031224972_6518123732270055424_n.jpg 960w, https:\/\/eldiariodesanpedro.com.ar\/sitio\/wp-content\/uploads\/2019\/09\/71649920_1455969031224972_6518123732270055424_n-300x225.jpg 300w, https:\/\/eldiariodesanpedro.com.ar\/sitio\/wp-content\/uploads\/2019\/09\/71649920_1455969031224972_6518123732270055424_n-768x576.jpg 768w\" data-sizes=\"(max-width: 960px) 100vw, 960px\" src=\"data:image\/svg+xml;base64,PHN2ZyB3aWR0aD0iMSIgaGVpZ2h0PSIxIiB4bWxucz0iaHR0cDovL3d3dy53My5vcmcvMjAwMC9zdmciPjwvc3ZnPg==\" style=\"--smush-placeholder-width: 960px; --smush-placeholder-aspect-ratio: 960\/720;\" \/><\/figure><\/li><li class=\"blocks-gallery-item\"><figure><img decoding=\"async\" width=\"1032\" height=\"581\" data-attachment-id=\"60856\" data-permalink=\"https:\/\/eldiariodesanpedro.com.ar\/sitio\/television-publica-los-batateros-sampedrinos-quieren-que-su-batata-se-conozca\/72341350_1455969161224959_6919857793268711424_o\/\" data-orig-file=\"https:\/\/eldiariodesanpedro.com.ar\/sitio\/wp-content\/uploads\/2019\/09\/72341350_1455969161224959_6919857793268711424_o.jpg\" data-orig-size=\"1032,581\" data-comments-opened=\"1\" data-image-meta=\"{&quot;aperture&quot;:&quot;0&quot;,&quot;credit&quot;:&quot;&quot;,&quot;camera&quot;:&quot;&quot;,&quot;caption&quot;:&quot;&quot;,&quot;created_timestamp&quot;:&quot;0&quot;,&quot;copyright&quot;:&quot;&quot;,&quot;focal_length&quot;:&quot;0&quot;,&quot;iso&quot;:&quot;0&quot;,&quot;shutter_speed&quot;:&quot;0&quot;,&quot;title&quot;:&quot;&quot;,&quot;orientation&quot;:&quot;0&quot;}\" data-image-title=\"72341350_1455969161224959_6919857793268711424_o\" data-image-description=\"\" data-image-caption=\"\" data-large-file=\"https:\/\/eldiariodesanpedro.com.ar\/sitio\/wp-content\/uploads\/2019\/09\/72341350_1455969161224959_6919857793268711424_o-1024x576.jpg\" data-src=\"https:\/\/i0.wp.com\/eldiariodesanpedro.com.ar\/sitio\/wp-content\/uploads\/2019\/09\/72341350_1455969161224959_6919857793268711424_o.jpg?fit=660%2C371\" alt=\"\" data-id=\"60856\" data-link=\"https:\/\/eldiariodesanpedro.com.ar\/sitio\/?attachment_id=60856\" class=\"wp-image-60856 lazyload\" data-srcset=\"https:\/\/eldiariodesanpedro.com.ar\/sitio\/wp-content\/uploads\/2019\/09\/72341350_1455969161224959_6919857793268711424_o.jpg 1032w, https:\/\/eldiariodesanpedro.com.ar\/sitio\/wp-content\/uploads\/2019\/09\/72341350_1455969161224959_6919857793268711424_o-300x169.jpg 300w, https:\/\/eldiariodesanpedro.com.ar\/sitio\/wp-content\/uploads\/2019\/09\/72341350_1455969161224959_6919857793268711424_o-768x432.jpg 768w, https:\/\/eldiariodesanpedro.com.ar\/sitio\/wp-content\/uploads\/2019\/09\/72341350_1455969161224959_6919857793268711424_o-1024x576.jpg 1024w\" data-sizes=\"(max-width: 1032px) 100vw, 1032px\" src=\"data:image\/svg+xml;base64,PHN2ZyB3aWR0aD0iMSIgaGVpZ2h0PSIxIiB4bWxucz0iaHR0cDovL3d3dy53My5vcmcvMjAwMC9zdmciPjwvc3ZnPg==\" style=\"--smush-placeholder-width: 1032px; --smush-placeholder-aspect-ratio: 1032\/581;\" \/><\/figure><\/li><\/ul>\n\n\n\n<p><br><\/p>\n\n\n\n<p><\/p>\n","protected":false},"excerpt":{"rendered":"<p>Este jueves al mediod\u00eda productores de Gobernador Castro acompa\u00f1ados por la Municipalidad de San Pedro estuvieron en Cocineros Argentinos hablando de la batata de nuestra zona, sus propiedades y la labor que les insume. Alberto D\u00edaz, Sebasti\u00e1n Manresa, Javier Mirada, junto a Ariel Alvarez, estuvieron temprano en la Televisi\u00f3n P\u00fablica con material y muchas ganas [&hellip;]<\/p>\n","protected":false},"author":4,"featured_media":60855,"comment_status":"open","ping_status":"closed","sticky":false,"template":"","format":"standard","meta":{"om_disable_all_campaigns":false,"_jetpack_memberships_contains_paid_content":false,"footnotes":""},"categories":[101,2],"tags":[],"class_list":["post-60854","post","type-post","status-publish","format-standard","has-post-thumbnail","hentry","category-interes-general-locales","category-locales"],"aioseo_notices":[],"gutentor_comment":0,"jetpack_featured_media_url":"https:\/\/eldiariodesanpedro.com.ar\/sitio\/wp-content\/uploads\/2019\/09\/71649920_1455969031224972_6518123732270055424_n.jpg","jetpack_shortlink":"https:\/\/wp.me\/p6RhLt-fPw","jetpack_sharing_enabled":true,"_links":{"self":[{"href":"https:\/\/eldiariodesanpedro.com.ar\/sitio\/wp-json\/wp\/v2\/posts\/60854","targetHints":{"allow":["GET"]}}],"collection":[{"href":"https:\/\/eldiariodesanpedro.com.ar\/sitio\/wp-json\/wp\/v2\/posts"}],"about":[{"href":"https:\/\/eldiariodesanpedro.com.ar\/sitio\/wp-json\/wp\/v2\/types\/post"}],"author":[{"embeddable":true,"href":"https:\/\/eldiariodesanpedro.com.ar\/sitio\/wp-json\/wp\/v2\/users\/4"}],"replies":[{"embeddable":true,"href":"https:\/\/eldiariodesanpedro.com.ar\/sitio\/wp-json\/wp\/v2\/comments?post=60854"}],"version-history":[{"count":2,"href":"https:\/\/eldiariodesanpedro.com.ar\/sitio\/wp-json\/wp\/v2\/posts\/60854\/revisions"}],"predecessor-version":[{"id":60858,"href":"https:\/\/eldiariodesanpedro.com.ar\/sitio\/wp-json\/wp\/v2\/posts\/60854\/revisions\/60858"}],"wp:featuredmedia":[{"embeddable":true,"href":"https:\/\/eldiariodesanpedro.com.ar\/sitio\/wp-json\/wp\/v2\/media\/60855"}],"wp:attachment":[{"href":"https:\/\/eldiariodesanpedro.com.ar\/sitio\/wp-json\/wp\/v2\/media?parent=60854"}],"wp:term":[{"taxonomy":"category","embeddable":true,"href":"https:\/\/eldiariodesanpedro.com.ar\/sitio\/wp-json\/wp\/v2\/categories?post=60854"},{"taxonomy":"post_tag","embeddable":true,"href":"https:\/\/eldiariodesanpedro.com.ar\/sitio\/wp-json\/wp\/v2\/tags?post=60854"}],"curies":[{"name":"wp","href":"https:\/\/api.w.org\/{rel}","templated":true}]}}