{"id":60851,"date":"2019-09-27T11:29:41","date_gmt":"2019-09-27T14:29:41","guid":{"rendered":"https:\/\/eldiariodesanpedro.com.ar\/sitio\/?p=60851"},"modified":"2019-09-27T11:29:46","modified_gmt":"2019-09-27T14:29:46","slug":"9-alumnos-detenidos-por-ingresar-de-madrugada-a-una-escuela-con-botellas-de-alcohol","status":"publish","type":"post","link":"https:\/\/eldiariodesanpedro.com.ar\/sitio\/9-alumnos-detenidos-por-ingresar-de-madrugada-a-una-escuela-con-botellas-de-alcohol\/","title":{"rendered":"9 alumnos detenidos por ingresar de madrugada a una escuela con botellas de alcohol"},"content":{"rendered":"<!-- VideographyWP Plugin Message: Automatic video embedding prevented by plugin options. -->\n\n<p>Promediando la 1 de la madrugada de este viernes un grupo de j\u00f3venes ingresaron a la escuela Normal tras violentar una ventana. Todos se encontraban con cajas y botellas de alcohol, fueron detenidos.<\/p>\n\n\n\n<p>Personal policial fue alertado por un llamado al 911 quienes acudieron rapidamente a un establecimiento de nuestra ciudad para constatar el ingreso de sujetos al mismo.<\/p>\n\n\n\n<p>En el interior de la escuela efectivamente se constata el hecho y se  procede a la aprehensi\u00f3n de 9 j\u00f3venes (entre femeninas y un masculino 16 y 18 a\u00f1os), quienes permanec\u00edan tras haber ingresado por una ventana tras levantar persiana.<\/p>\n\n\n\n<p>El personal directivo se hizo presente y reviso el lugar sin constar da\u00f1os ni faltantes. <\/p>\n\n\n\n<p>Los mismo resultaban ser alumnos del establecimiento del ultimo a\u00f1o de secundaria. <\/p>\n\n\n\n<p>Ten\u00edan en su poder cajas y botellas de alcohol; intervino la fiscal\u00eda juvenil donde fueron notificadas las familias y luego recuperado la libertad.<br><\/p>\n","protected":false},"excerpt":{"rendered":"<p>Promediando la 1 de la madrugada de este viernes un grupo de j\u00f3venes ingresaron a la escuela Normal tras violentar una ventana. Todos se encontraban con cajas y botellas de alcohol, fueron detenidos. Personal policial fue alertado por un llamado al 911 quienes acudieron rapidamente a un establecimiento de nuestra ciudad para constatar el ingreso [&hellip;]<\/p>\n","protected":false},"author":4,"featured_media":60852,"comment_status":"open","ping_status":"closed","sticky":false,"template":"","format":"standard","meta":{"om_disable_all_campaigns":false,"_jetpack_memberships_contains_paid_content":false,"footnotes":""},"categories":[2,103],"tags":[],"class_list":["post-60851","post","type-post","status-publish","format-standard","has-post-thumbnail","hentry","category-locales","category-policiales-locales"],"aioseo_notices":[],"gutentor_comment":0,"jetpack_featured_media_url":"https:\/\/eldiariodesanpedro.com.ar\/sitio\/wp-content\/uploads\/2019\/09\/Escuela-normal.jpg","jetpack_shortlink":"https:\/\/wp.me\/p6RhLt-fPt","jetpack_sharing_enabled":true,"_links":{"self":[{"href":"https:\/\/eldiariodesanpedro.com.ar\/sitio\/wp-json\/wp\/v2\/posts\/60851","targetHints":{"allow":["GET"]}}],"collection":[{"href":"https:\/\/eldiariodesanpedro.com.ar\/sitio\/wp-json\/wp\/v2\/posts"}],"about":[{"href":"https:\/\/eldiariodesanpedro.com.ar\/sitio\/wp-json\/wp\/v2\/types\/post"}],"author":[{"embeddable":true,"href":"https:\/\/eldiariodesanpedro.com.ar\/sitio\/wp-json\/wp\/v2\/users\/4"}],"replies":[{"embeddable":true,"href":"https:\/\/eldiariodesanpedro.com.ar\/sitio\/wp-json\/wp\/v2\/comments?post=60851"}],"version-history":[{"count":1,"href":"https:\/\/eldiariodesanpedro.com.ar\/sitio\/wp-json\/wp\/v2\/posts\/60851\/revisions"}],"predecessor-version":[{"id":60853,"href":"https:\/\/eldiariodesanpedro.com.ar\/sitio\/wp-json\/wp\/v2\/posts\/60851\/revisions\/60853"}],"wp:featuredmedia":[{"embeddable":true,"href":"https:\/\/eldiariodesanpedro.com.ar\/sitio\/wp-json\/wp\/v2\/media\/60852"}],"wp:attachment":[{"href":"https:\/\/eldiariodesanpedro.com.ar\/sitio\/wp-json\/wp\/v2\/media?parent=60851"}],"wp:term":[{"taxonomy":"category","embeddable":true,"href":"https:\/\/eldiariodesanpedro.com.ar\/sitio\/wp-json\/wp\/v2\/categories?post=60851"},{"taxonomy":"post_tag","embeddable":true,"href":"https:\/\/eldiariodesanpedro.com.ar\/sitio\/wp-json\/wp\/v2\/tags?post=60851"}],"curies":[{"name":"wp","href":"https:\/\/api.w.org\/{rel}","templated":true}]}}