{"id":6085,"date":"2016-07-17T19:55:34","date_gmt":"2016-07-17T22:55:34","guid":{"rendered":"https:\/\/eldiariodesanpedro.com.ar\/sitio\/?p=6085"},"modified":"2016-07-17T19:55:34","modified_gmt":"2016-07-17T22:55:34","slug":"timbreo-de-salazar-en-el-barrio-argentino","status":"publish","type":"post","link":"https:\/\/eldiariodesanpedro.com.ar\/sitio\/timbreo-de-salazar-en-el-barrio-argentino\/","title":{"rendered":"Timbreo de Salazar en el barrio Argentino"},"content":{"rendered":"<p><!-- VideographyWP Plugin Message: Automatic video embedding prevented by plugin options. --><br \/>\nEn la ma\u00f1ana de este s\u00e1bado, el mandatario comunal recorri\u00f3 la zona que se encuentra en cercan\u00edas al Centro Integrador Comunitario (CIC). Salazar dialog\u00f3 con la gente que all\u00ed habita en condiciones precarias, acompa\u00f1ado del director de Servicios P\u00fablicos, Ariel \u00c1lvarez, del presidente de la Juventud del Partido Fe, Fernando Negrete, y otros colaboradores.<br \/>\n\u201cHoy sal\u00ed junto con el equipo de Obras P\u00fablicas y Juventud Fe a recorrer el barrio El Argentino, charlamos con los vecinos, nos contaron sus necesidades, juntos vamos a poder mejorar la calidad de vida de toda la comunidad\u201d, asever\u00f3 el jefe comunal en su cuenta de Facebook.<br \/>\nAl tiempo que afirm\u00f3: \u201cNos nos vamos a ocupar d\u00eda y noche de las clases m\u00e1s humildes para lograr igualdad, equidad y justicia social, estamos ac\u00e1 para hacer, porque somos un equipo de gobierno dispuesto a hacer, sabemos que se puede, juntos podemos\u201d.<\/p>\n","protected":false},"excerpt":{"rendered":"<p>En la ma\u00f1ana de este s\u00e1bado, el mandatario comunal recorri\u00f3 la zona que se encuentra en cercan\u00edas al Centro Integrador Comunitario (CIC). Salazar dialog\u00f3 con la gente que all\u00ed habita en condiciones precarias, acompa\u00f1ado del director de Servicios P\u00fablicos, Ariel \u00c1lvarez, del presidente de la Juventud del Partido Fe, Fernando Negrete, y otros colaboradores. \u201cHoy [&hellip;]<\/p>\n","protected":false},"author":4,"featured_media":6086,"comment_status":"open","ping_status":"closed","sticky":false,"template":"","format":"standard","meta":{"om_disable_all_campaigns":false,"_jetpack_memberships_contains_paid_content":false,"footnotes":""},"categories":[50,2,102],"tags":[],"class_list":["post-6085","post","type-post","status-publish","format-standard","has-post-thumbnail","hentry","category-destacadas","category-locales","category-politica-locales"],"aioseo_notices":[],"gutentor_comment":0,"jetpack_featured_media_url":"https:\/\/eldiariodesanpedro.com.ar\/sitio\/wp-content\/uploads\/2016\/07\/PAGINA-4-02-1.jpg","jetpack_shortlink":"https:\/\/wp.me\/p6RhLt-1A9","jetpack_sharing_enabled":true,"_links":{"self":[{"href":"https:\/\/eldiariodesanpedro.com.ar\/sitio\/wp-json\/wp\/v2\/posts\/6085","targetHints":{"allow":["GET"]}}],"collection":[{"href":"https:\/\/eldiariodesanpedro.com.ar\/sitio\/wp-json\/wp\/v2\/posts"}],"about":[{"href":"https:\/\/eldiariodesanpedro.com.ar\/sitio\/wp-json\/wp\/v2\/types\/post"}],"author":[{"embeddable":true,"href":"https:\/\/eldiariodesanpedro.com.ar\/sitio\/wp-json\/wp\/v2\/users\/4"}],"replies":[{"embeddable":true,"href":"https:\/\/eldiariodesanpedro.com.ar\/sitio\/wp-json\/wp\/v2\/comments?post=6085"}],"version-history":[{"count":1,"href":"https:\/\/eldiariodesanpedro.com.ar\/sitio\/wp-json\/wp\/v2\/posts\/6085\/revisions"}],"predecessor-version":[{"id":6087,"href":"https:\/\/eldiariodesanpedro.com.ar\/sitio\/wp-json\/wp\/v2\/posts\/6085\/revisions\/6087"}],"wp:featuredmedia":[{"embeddable":true,"href":"https:\/\/eldiariodesanpedro.com.ar\/sitio\/wp-json\/wp\/v2\/media\/6086"}],"wp:attachment":[{"href":"https:\/\/eldiariodesanpedro.com.ar\/sitio\/wp-json\/wp\/v2\/media?parent=6085"}],"wp:term":[{"taxonomy":"category","embeddable":true,"href":"https:\/\/eldiariodesanpedro.com.ar\/sitio\/wp-json\/wp\/v2\/categories?post=6085"},{"taxonomy":"post_tag","embeddable":true,"href":"https:\/\/eldiariodesanpedro.com.ar\/sitio\/wp-json\/wp\/v2\/tags?post=6085"}],"curies":[{"name":"wp","href":"https:\/\/api.w.org\/{rel}","templated":true}]}}