{"id":60845,"date":"2019-09-27T10:42:49","date_gmt":"2019-09-27T13:42:49","guid":{"rendered":"https:\/\/eldiariodesanpedro.com.ar\/sitio\/?p=60845"},"modified":"2019-09-27T10:42:49","modified_gmt":"2019-09-27T13:42:49","slug":"escobar-violenta-entradera-en-belen-de-escobar","status":"publish","type":"post","link":"https:\/\/eldiariodesanpedro.com.ar\/sitio\/escobar-violenta-entradera-en-belen-de-escobar\/","title":{"rendered":"ESCOBAR | Violenta entradera en Bel\u00e9n de Escobar"},"content":{"rendered":"<!-- VideographyWP Plugin Message: Automatic video embedding prevented by plugin options. -->\n\n<p>\n\nUn grupo armado sorprendi\u00f3 a un vecino de la calle Peirano, el lunes por la noche, mientras ingresaba en su vivienda. Lo redujeron a \u00e9l y a su familia, les robaron y se dieron a la fuga en su camioneta.<\/p>\n\n\n\n<p>Por el hecho, hay un detenido por Prefectura Naval Argentina, identificado como un joven de 22 a\u00f1os, oriundo del partido de Tigre. Este mismo sujeto se encontraba d\u00e1ndose a la fuga a bordo de un autom\u00f3vil marca Peugeot, modelo 308 de color gris oscuro, con el que momentos antes hab\u00eda perpetrado una entradera en una casa de familia, junto con otros tres delincuentes.<\/p>\n\n\n\n<p>El il\u00edcito se registr\u00f3 en la morada de la calle Peirano al 500, en Bel\u00e9n de Escobar, en donde el propietario, de 60 a\u00f1os, fue abordado el lunes por la noche por los individuos armados, quienes lo interceptaron en la puerta de su domicilio luego de que la v\u00edctima arribara a bordo de su rodado, una camioneta Honda CRV blanca. Seguidamente, ingresaron en la vivienda, donde redujeron a su esposa, les sustrajeron dinero y joyas, y se dieron a la fuga a bordo de este \u00faltimo veh\u00edculo.<\/p>\n\n\n\n<p>Intervino, adem\u00e1s de Prefectura Naval, personal de Prevenci\u00f3n Comunitaria, el cual se encarg\u00f3 de contener a las v\u00edctimas e instalarles el bot\u00f3n antip\u00e1nico en sus celulares. La b\u00fasqueda de la camioneta fue establecida a trav\u00e9s de la base de Monitoreo, mientras que, por su parte, el Peugeot 308 de los malvivientes qued\u00f3 secuestrado en el lugar.<\/p>\n\n\n\n<p>Fuente: El Diario de Escobar<\/p>\n","protected":false},"excerpt":{"rendered":"<p>Un grupo armado sorprendi\u00f3 a un vecino de la calle Peirano, el lunes por la noche, mientras ingresaba en su vivienda. Lo redujeron a \u00e9l y a su familia, les robaron y se dieron a la fuga en su camioneta. Por el hecho, hay un detenido por Prefectura Naval Argentina, identificado como un joven de [&hellip;]<\/p>\n","protected":false},"author":4,"featured_media":60846,"comment_status":"open","ping_status":"closed","sticky":false,"template":"","format":"standard","meta":{"om_disable_all_campaigns":false,"_jetpack_memberships_contains_paid_content":false,"footnotes":""},"categories":[621],"tags":[],"class_list":["post-60845","post","type-post","status-publish","format-standard","has-post-thumbnail","hentry","category-regionales"],"aioseo_notices":[],"gutentor_comment":0,"jetpack_featured_media_url":"https:\/\/eldiariodesanpedro.com.ar\/sitio\/wp-content\/uploads\/2019\/09\/el-peugeot-fue-secuestrado.jpeg","jetpack_shortlink":"https:\/\/wp.me\/p6RhLt-fPn","jetpack_sharing_enabled":true,"_links":{"self":[{"href":"https:\/\/eldiariodesanpedro.com.ar\/sitio\/wp-json\/wp\/v2\/posts\/60845","targetHints":{"allow":["GET"]}}],"collection":[{"href":"https:\/\/eldiariodesanpedro.com.ar\/sitio\/wp-json\/wp\/v2\/posts"}],"about":[{"href":"https:\/\/eldiariodesanpedro.com.ar\/sitio\/wp-json\/wp\/v2\/types\/post"}],"author":[{"embeddable":true,"href":"https:\/\/eldiariodesanpedro.com.ar\/sitio\/wp-json\/wp\/v2\/users\/4"}],"replies":[{"embeddable":true,"href":"https:\/\/eldiariodesanpedro.com.ar\/sitio\/wp-json\/wp\/v2\/comments?post=60845"}],"version-history":[{"count":1,"href":"https:\/\/eldiariodesanpedro.com.ar\/sitio\/wp-json\/wp\/v2\/posts\/60845\/revisions"}],"predecessor-version":[{"id":60847,"href":"https:\/\/eldiariodesanpedro.com.ar\/sitio\/wp-json\/wp\/v2\/posts\/60845\/revisions\/60847"}],"wp:featuredmedia":[{"embeddable":true,"href":"https:\/\/eldiariodesanpedro.com.ar\/sitio\/wp-json\/wp\/v2\/media\/60846"}],"wp:attachment":[{"href":"https:\/\/eldiariodesanpedro.com.ar\/sitio\/wp-json\/wp\/v2\/media?parent=60845"}],"wp:term":[{"taxonomy":"category","embeddable":true,"href":"https:\/\/eldiariodesanpedro.com.ar\/sitio\/wp-json\/wp\/v2\/categories?post=60845"},{"taxonomy":"post_tag","embeddable":true,"href":"https:\/\/eldiariodesanpedro.com.ar\/sitio\/wp-json\/wp\/v2\/tags?post=60845"}],"curies":[{"name":"wp","href":"https:\/\/api.w.org\/{rel}","templated":true}]}}