{"id":60842,"date":"2019-09-27T10:38:55","date_gmt":"2019-09-27T13:38:55","guid":{"rendered":"https:\/\/eldiariodesanpedro.com.ar\/sitio\/?p=60842"},"modified":"2019-09-27T10:38:56","modified_gmt":"2019-09-27T13:38:56","slug":"baradero-planes-sociales-despues-de-la-polemica-la-denuncia-llegaria-a-la-justicia-federal","status":"publish","type":"post","link":"https:\/\/eldiariodesanpedro.com.ar\/sitio\/baradero-planes-sociales-despues-de-la-polemica-la-denuncia-llegaria-a-la-justicia-federal\/","title":{"rendered":"BARADERO | Planes Sociales: Despu\u00e9s de la pol\u00e9mica la denuncia llegar\u00eda a la justicia federal"},"content":{"rendered":"<!-- VideographyWP Plugin Message: Automatic video embedding prevented by plugin options. -->\n\n<p>El esc\u00e1ndalo que se desat\u00f3 hace 15 d\u00edas tuvo fuertes repercusiones la semana pasada cuando un grupo de 15 personas se reuni\u00f3 con concejales de todos los bloques y les contaron que reciben amenazas y les quitan dinero de sus beneficios sociales.<\/p>\n\n\n\n<p>Tambi\u00e9n involucraron a los referentes locales de La C\u00e1mpora de quienes precisaron que le sacaron dinero para utilizarlo en la campa\u00f1a electoral, en las PASO, con el objetivo de pagar fiscales.<\/p>\n\n\n\n<p>El concejal Esteban Sanzio, candidato a intendente del Frente de Todos, pidi\u00f3 que la denuncia se realice donde corresponde para que la justicia determine las responsabilidades. Es m\u00e1s, propuso a los denunciantes que los concejales los acompa\u00f1en a radicar la denuncia en la fiscal\u00eda federal de Campana.<\/p>\n\n\n\n<p>Recordamos que en la primera sesi\u00f3n de este mes ingres\u00f3 al Honorable Concejo Deliberante la denuncia que los beneficiarios realizaron en ANSES pero hasta ese momento no hab\u00eda confirmados nombres de los acusados, hasta que lleg\u00f3 la reuni\u00f3n de esta semana donde ventilaron m\u00e1s situaciones que vivieron.<br>La mayor preocupaci\u00f3n de los denunciantes es las amenazas que recibieron dici\u00e9ndoles que los van a dar de baja del beneficio. Es por eso que la intendenta Fernanda Antonijevic se contact\u00f3 con la ministra Carolina Stanley para asegurarles la continuidad de los planes sociales, para que las personas no se<br>sientan presionadas a la hora de contar la situaci\u00f3n por la que est\u00e1n atravesando.<br>Esta denuncia no es la primera.<\/p>\n\n\n\n<p>Hace dos a\u00f1os tambi\u00e9n denunciaron que les quitaron dinero de los planes.<br>Por esa causa, ya fue a declarar el presidente del Concejo Deliberante, Mart\u00edn C\u00e1rdenas, para informar<br>ante la justicia sobre el tratamiento que le dieron dentro del \u00e1mbito legislativo y contar a qu\u00e9 informaci\u00f3n<br>accedieron.<\/p>\n\n\n\n<p>La nueva denuncia, m\u00e1s all\u00e1 de las definiciones en la justicia, trajeron consigo un esc\u00e1ndalo pol\u00edtico a poco m\u00e1s de un mes de las elecciones. No solo despertaron discusiones entre oficialismo y oposici\u00f3n sino que internamente dentro del peronismo local viven momento de mucha tensi\u00f3n, con fuertes debates<br>puertas adentro.<\/p>\n\n\n\n<p>Fuente: Baradero Te informa<\/p>\n","protected":false},"excerpt":{"rendered":"<p>El esc\u00e1ndalo que se desat\u00f3 hace 15 d\u00edas tuvo fuertes repercusiones la semana pasada cuando un grupo de 15 personas se reuni\u00f3 con concejales de todos los bloques y les contaron que reciben amenazas y les quitan dinero de sus beneficios sociales. Tambi\u00e9n involucraron a los referentes locales de La C\u00e1mpora de quienes precisaron que [&hellip;]<\/p>\n","protected":false},"author":4,"featured_media":60843,"comment_status":"open","ping_status":"closed","sticky":false,"template":"","format":"standard","meta":{"om_disable_all_campaigns":false,"_jetpack_memberships_contains_paid_content":false,"footnotes":""},"categories":[621],"tags":[],"class_list":["post-60842","post","type-post","status-publish","format-standard","has-post-thumbnail","hentry","category-regionales"],"aioseo_notices":[],"gutentor_comment":0,"jetpack_featured_media_url":"https:\/\/eldiariodesanpedro.com.ar\/sitio\/wp-content\/uploads\/2019\/09\/IMG_8624-Copy.jpg","jetpack_shortlink":"https:\/\/wp.me\/p6RhLt-fPk","jetpack_sharing_enabled":true,"_links":{"self":[{"href":"https:\/\/eldiariodesanpedro.com.ar\/sitio\/wp-json\/wp\/v2\/posts\/60842","targetHints":{"allow":["GET"]}}],"collection":[{"href":"https:\/\/eldiariodesanpedro.com.ar\/sitio\/wp-json\/wp\/v2\/posts"}],"about":[{"href":"https:\/\/eldiariodesanpedro.com.ar\/sitio\/wp-json\/wp\/v2\/types\/post"}],"author":[{"embeddable":true,"href":"https:\/\/eldiariodesanpedro.com.ar\/sitio\/wp-json\/wp\/v2\/users\/4"}],"replies":[{"embeddable":true,"href":"https:\/\/eldiariodesanpedro.com.ar\/sitio\/wp-json\/wp\/v2\/comments?post=60842"}],"version-history":[{"count":1,"href":"https:\/\/eldiariodesanpedro.com.ar\/sitio\/wp-json\/wp\/v2\/posts\/60842\/revisions"}],"predecessor-version":[{"id":60844,"href":"https:\/\/eldiariodesanpedro.com.ar\/sitio\/wp-json\/wp\/v2\/posts\/60842\/revisions\/60844"}],"wp:featuredmedia":[{"embeddable":true,"href":"https:\/\/eldiariodesanpedro.com.ar\/sitio\/wp-json\/wp\/v2\/media\/60843"}],"wp:attachment":[{"href":"https:\/\/eldiariodesanpedro.com.ar\/sitio\/wp-json\/wp\/v2\/media?parent=60842"}],"wp:term":[{"taxonomy":"category","embeddable":true,"href":"https:\/\/eldiariodesanpedro.com.ar\/sitio\/wp-json\/wp\/v2\/categories?post=60842"},{"taxonomy":"post_tag","embeddable":true,"href":"https:\/\/eldiariodesanpedro.com.ar\/sitio\/wp-json\/wp\/v2\/tags?post=60842"}],"curies":[{"name":"wp","href":"https:\/\/api.w.org\/{rel}","templated":true}]}}