{"id":60839,"date":"2019-09-27T10:37:30","date_gmt":"2019-09-27T13:37:30","guid":{"rendered":"https:\/\/eldiariodesanpedro.com.ar\/sitio\/?p=60839"},"modified":"2019-09-27T10:37:34","modified_gmt":"2019-09-27T13:37:34","slug":"baradero-un-joven-prendido-fuego-en-plena-via-publica","status":"publish","type":"post","link":"https:\/\/eldiariodesanpedro.com.ar\/sitio\/baradero-un-joven-prendido-fuego-en-plena-via-publica\/","title":{"rendered":"BARADERO | Un joven prendido fuego en plena v\u00eda p\u00fablica"},"content":{"rendered":"<!-- VideographyWP Plugin Message: Automatic video embedding prevented by plugin options. -->\n\n<p>El hecho ocurri\u00f3 en horas del medio d\u00eda de \u00e9ste jueves, cuando un joven de 21 a\u00f1os, transitaba por una de las calles aleda\u00f1as a la Empresa Germa\u00edz bajo un grito desesperado de auxilio debido a que su ropa y cuerpo estaban literalmente en llamas.<\/p>\n\n\n\n<p>Los vecinos del lugar, intentaron ayudarlo quitandole las prendas de vestir. Minutos despu\u00e9s, fue trasladado al Hospital Municipal para su observaci\u00f3n.<\/p>\n\n\n\n<p>Al momento se intentan establecer las causas del origen del siniestro.<\/p>\n\n\n\n<p>Fuente: Baradero Hoy<\/p>\n","protected":false},"excerpt":{"rendered":"<p>El hecho ocurri\u00f3 en horas del medio d\u00eda de \u00e9ste jueves, cuando un joven de 21 a\u00f1os, transitaba por una de las calles aleda\u00f1as a la Empresa Germa\u00edz bajo un grito desesperado de auxilio debido a que su ropa y cuerpo estaban literalmente en llamas. Los vecinos del lugar, intentaron ayudarlo quitandole las prendas de [&hellip;]<\/p>\n","protected":false},"author":4,"featured_media":60840,"comment_status":"open","ping_status":"closed","sticky":false,"template":"","format":"standard","meta":{"om_disable_all_campaigns":false,"_jetpack_memberships_contains_paid_content":false,"footnotes":""},"categories":[621],"tags":[],"class_list":["post-60839","post","type-post","status-publish","format-standard","has-post-thumbnail","hentry","category-regionales"],"aioseo_notices":[],"gutentor_comment":0,"jetpack_featured_media_url":"https:\/\/eldiariodesanpedro.com.ar\/sitio\/wp-content\/uploads\/2019\/09\/guardi-hospital_1.jpg","jetpack_shortlink":"https:\/\/wp.me\/p6RhLt-fPh","jetpack_sharing_enabled":true,"_links":{"self":[{"href":"https:\/\/eldiariodesanpedro.com.ar\/sitio\/wp-json\/wp\/v2\/posts\/60839","targetHints":{"allow":["GET"]}}],"collection":[{"href":"https:\/\/eldiariodesanpedro.com.ar\/sitio\/wp-json\/wp\/v2\/posts"}],"about":[{"href":"https:\/\/eldiariodesanpedro.com.ar\/sitio\/wp-json\/wp\/v2\/types\/post"}],"author":[{"embeddable":true,"href":"https:\/\/eldiariodesanpedro.com.ar\/sitio\/wp-json\/wp\/v2\/users\/4"}],"replies":[{"embeddable":true,"href":"https:\/\/eldiariodesanpedro.com.ar\/sitio\/wp-json\/wp\/v2\/comments?post=60839"}],"version-history":[{"count":1,"href":"https:\/\/eldiariodesanpedro.com.ar\/sitio\/wp-json\/wp\/v2\/posts\/60839\/revisions"}],"predecessor-version":[{"id":60841,"href":"https:\/\/eldiariodesanpedro.com.ar\/sitio\/wp-json\/wp\/v2\/posts\/60839\/revisions\/60841"}],"wp:featuredmedia":[{"embeddable":true,"href":"https:\/\/eldiariodesanpedro.com.ar\/sitio\/wp-json\/wp\/v2\/media\/60840"}],"wp:attachment":[{"href":"https:\/\/eldiariodesanpedro.com.ar\/sitio\/wp-json\/wp\/v2\/media?parent=60839"}],"wp:term":[{"taxonomy":"category","embeddable":true,"href":"https:\/\/eldiariodesanpedro.com.ar\/sitio\/wp-json\/wp\/v2\/categories?post=60839"},{"taxonomy":"post_tag","embeddable":true,"href":"https:\/\/eldiariodesanpedro.com.ar\/sitio\/wp-json\/wp\/v2\/tags?post=60839"}],"curies":[{"name":"wp","href":"https:\/\/api.w.org\/{rel}","templated":true}]}}