{"id":60836,"date":"2019-09-27T10:32:35","date_gmt":"2019-09-27T13:32:35","guid":{"rendered":"https:\/\/eldiariodesanpedro.com.ar\/sitio\/?p=60836"},"modified":"2019-09-27T10:32:39","modified_gmt":"2019-09-27T13:32:39","slug":"campana-buscan-a-un-hombre-de-57-anos","status":"publish","type":"post","link":"https:\/\/eldiariodesanpedro.com.ar\/sitio\/campana-buscan-a-un-hombre-de-57-anos\/","title":{"rendered":"CAMPANA | Buscan a un hombre de 57 a\u00f1os"},"content":{"rendered":"<!-- VideographyWP Plugin Message: Automatic video embedding prevented by plugin options. -->\n\n<p> Se trata de Luis Ernesto Ferretta, con quien su familia perdi\u00f3 todo contacto y desconocen su domicilio actual. La denuncia fue radicada en la comisaria.\u00a0<\/p>\n\n\n\n<p>\n\nUn hombre de 57 a\u00f1os es buscado por la polic\u00eda tras la denuncia de un familiar que desconoce su paradero actual.<\/p>\n\n\n\n<p>Se trata de Luis Ernesto Ferretta de contextura f\u00edsica delgada, de aproximadamente 1,82 metros de estatura, de tez blanca, cabellos cortos ondulados de color negro y de ojos color marr\u00f3n oscuro. Como se\u00f1a particular, posee varias cicatrices en su vientre producto de intervenciones quir\u00fargicas que se le practicaron.<\/p>\n\n\n\n<p>La denuncia fue radicada por su hermana que vive en Gonz\u00e1lez Cat\u00e1n y perdi\u00f3 todo contacto con su hermano. Al intentar ubicarlo en el domicilio que habitaba desde diciembre de 2018, tampoco lo encontr\u00f3 y, los vecinos, le informaron que ya no resid\u00eda all\u00ed.<\/p>\n\n\n\n<p>La mujer manifest\u00f3 a su vez que no se trata de la primera ocasi\u00f3n en que su hermano desaparece, ya lo hab\u00eda hecho en 2012, ausent\u00e1ndose por un per\u00edodo de cinco a\u00f1os.<\/p>\n\n\n\n<p>Quienes tengan informaci\u00f3n sobre su paradero se ruega informar al tel\u00e9fono 03489 &#8211; 422025 <\/p>\n\n\n\n<p>Fuente: Campana Noticias<\/p>\n","protected":false},"excerpt":{"rendered":"<p>Se trata de Luis Ernesto Ferretta, con quien su familia perdi\u00f3 todo contacto y desconocen su domicilio actual. La denuncia fue radicada en la comisaria.\u00a0 Un hombre de 57 a\u00f1os es buscado por la polic\u00eda tras la denuncia de un familiar que desconoce su paradero actual. Se trata de Luis Ernesto Ferretta de contextura f\u00edsica [&hellip;]<\/p>\n","protected":false},"author":4,"featured_media":60837,"comment_status":"open","ping_status":"closed","sticky":false,"template":"","format":"standard","meta":{"om_disable_all_campaigns":false,"_jetpack_memberships_contains_paid_content":false,"footnotes":""},"categories":[621],"tags":[],"class_list":["post-60836","post","type-post","status-publish","format-standard","has-post-thumbnail","hentry","category-regionales"],"aioseo_notices":[],"gutentor_comment":0,"jetpack_featured_media_url":"https:\/\/eldiariodesanpedro.com.ar\/sitio\/wp-content\/uploads\/2019\/09\/20190926100534.jpg","jetpack_shortlink":"https:\/\/wp.me\/p6RhLt-fPe","jetpack_sharing_enabled":true,"_links":{"self":[{"href":"https:\/\/eldiariodesanpedro.com.ar\/sitio\/wp-json\/wp\/v2\/posts\/60836","targetHints":{"allow":["GET"]}}],"collection":[{"href":"https:\/\/eldiariodesanpedro.com.ar\/sitio\/wp-json\/wp\/v2\/posts"}],"about":[{"href":"https:\/\/eldiariodesanpedro.com.ar\/sitio\/wp-json\/wp\/v2\/types\/post"}],"author":[{"embeddable":true,"href":"https:\/\/eldiariodesanpedro.com.ar\/sitio\/wp-json\/wp\/v2\/users\/4"}],"replies":[{"embeddable":true,"href":"https:\/\/eldiariodesanpedro.com.ar\/sitio\/wp-json\/wp\/v2\/comments?post=60836"}],"version-history":[{"count":1,"href":"https:\/\/eldiariodesanpedro.com.ar\/sitio\/wp-json\/wp\/v2\/posts\/60836\/revisions"}],"predecessor-version":[{"id":60838,"href":"https:\/\/eldiariodesanpedro.com.ar\/sitio\/wp-json\/wp\/v2\/posts\/60836\/revisions\/60838"}],"wp:featuredmedia":[{"embeddable":true,"href":"https:\/\/eldiariodesanpedro.com.ar\/sitio\/wp-json\/wp\/v2\/media\/60837"}],"wp:attachment":[{"href":"https:\/\/eldiariodesanpedro.com.ar\/sitio\/wp-json\/wp\/v2\/media?parent=60836"}],"wp:term":[{"taxonomy":"category","embeddable":true,"href":"https:\/\/eldiariodesanpedro.com.ar\/sitio\/wp-json\/wp\/v2\/categories?post=60836"},{"taxonomy":"post_tag","embeddable":true,"href":"https:\/\/eldiariodesanpedro.com.ar\/sitio\/wp-json\/wp\/v2\/tags?post=60836"}],"curies":[{"name":"wp","href":"https:\/\/api.w.org\/{rel}","templated":true}]}}