{"id":60833,"date":"2019-09-27T10:31:05","date_gmt":"2019-09-27T13:31:05","guid":{"rendered":"https:\/\/eldiariodesanpedro.com.ar\/sitio\/?p=60833"},"modified":"2019-09-27T10:31:09","modified_gmt":"2019-09-27T13:31:09","slug":"zarate-se-encuentra-abierta-la-inscripcion-para-los-cursos-de-la-marina-mercante","status":"publish","type":"post","link":"https:\/\/eldiariodesanpedro.com.ar\/sitio\/zarate-se-encuentra-abierta-la-inscripcion-para-los-cursos-de-la-marina-mercante\/","title":{"rendered":"Z\u00c1RATE | Se encuentra abierta la inscripci\u00f3n para los cursos de la Marina Mercante"},"content":{"rendered":"<!-- VideographyWP Plugin Message: Automatic video embedding prevented by plugin options. -->\n\n<p>La Prefectura Naval Argentina abri\u00f3 las inscripciones para las Escuelas de Formaci\u00f3n y Capacitaci\u00f3n para el Personal Embarcado de la Marina Mercante (EFOCAPEMM). Los interesados podr\u00e1n inscribirse hasta el 29 de octubre en cualquiera de las 28 EFOCAPEMM que posee la fuerza.<\/p>\n\n\n\n<p>La oferta educativa incluye los cursos de marinero de puente, auxiliar de m\u00e1quinas navales y camarero\/cocinero\/enfermero. Los postulantes deben tener el secundario completo y ser mayores de 18 a\u00f1os.<\/p>\n\n\n\n<p>Para mayor informaci\u00f3n dirigite a la dependencia de Prefectura m\u00e1s cercana a tu domicilio.<\/p>\n\n\n\n<p><strong>Fuente:&nbsp;<\/strong>Noticias Z\u00e1rate Alerta<\/p>\n","protected":false},"excerpt":{"rendered":"<p>La Prefectura Naval Argentina abri\u00f3 las inscripciones para las Escuelas de Formaci\u00f3n y Capacitaci\u00f3n para el Personal Embarcado de la Marina Mercante (EFOCAPEMM). Los interesados podr\u00e1n inscribirse hasta el 29 de octubre en cualquiera de las 28 EFOCAPEMM que posee la fuerza. La oferta educativa incluye los cursos de marinero de puente, auxiliar de m\u00e1quinas [&hellip;]<\/p>\n","protected":false},"author":4,"featured_media":60834,"comment_status":"open","ping_status":"closed","sticky":false,"template":"","format":"standard","meta":{"om_disable_all_campaigns":false,"_jetpack_memberships_contains_paid_content":false,"footnotes":""},"categories":[621],"tags":[],"class_list":["post-60833","post","type-post","status-publish","format-standard","has-post-thumbnail","hentry","category-regionales"],"aioseo_notices":[],"gutentor_comment":0,"jetpack_featured_media_url":"https:\/\/eldiariodesanpedro.com.ar\/sitio\/wp-content\/uploads\/2019\/09\/28-de-junio-dia-mundial-del-arbol2.jpg","jetpack_shortlink":"https:\/\/wp.me\/p6RhLt-fPb","jetpack_sharing_enabled":true,"_links":{"self":[{"href":"https:\/\/eldiariodesanpedro.com.ar\/sitio\/wp-json\/wp\/v2\/posts\/60833","targetHints":{"allow":["GET"]}}],"collection":[{"href":"https:\/\/eldiariodesanpedro.com.ar\/sitio\/wp-json\/wp\/v2\/posts"}],"about":[{"href":"https:\/\/eldiariodesanpedro.com.ar\/sitio\/wp-json\/wp\/v2\/types\/post"}],"author":[{"embeddable":true,"href":"https:\/\/eldiariodesanpedro.com.ar\/sitio\/wp-json\/wp\/v2\/users\/4"}],"replies":[{"embeddable":true,"href":"https:\/\/eldiariodesanpedro.com.ar\/sitio\/wp-json\/wp\/v2\/comments?post=60833"}],"version-history":[{"count":1,"href":"https:\/\/eldiariodesanpedro.com.ar\/sitio\/wp-json\/wp\/v2\/posts\/60833\/revisions"}],"predecessor-version":[{"id":60835,"href":"https:\/\/eldiariodesanpedro.com.ar\/sitio\/wp-json\/wp\/v2\/posts\/60833\/revisions\/60835"}],"wp:featuredmedia":[{"embeddable":true,"href":"https:\/\/eldiariodesanpedro.com.ar\/sitio\/wp-json\/wp\/v2\/media\/60834"}],"wp:attachment":[{"href":"https:\/\/eldiariodesanpedro.com.ar\/sitio\/wp-json\/wp\/v2\/media?parent=60833"}],"wp:term":[{"taxonomy":"category","embeddable":true,"href":"https:\/\/eldiariodesanpedro.com.ar\/sitio\/wp-json\/wp\/v2\/categories?post=60833"},{"taxonomy":"post_tag","embeddable":true,"href":"https:\/\/eldiariodesanpedro.com.ar\/sitio\/wp-json\/wp\/v2\/tags?post=60833"}],"curies":[{"name":"wp","href":"https:\/\/api.w.org\/{rel}","templated":true}]}}