{"id":6082,"date":"2016-07-17T19:53:50","date_gmt":"2016-07-17T22:53:50","guid":{"rendered":"https:\/\/eldiariodesanpedro.com.ar\/sitio\/?p=6082"},"modified":"2016-07-17T19:53:50","modified_gmt":"2016-07-17T22:53:50","slug":"el-municipio-apuesta-fuerte-a-la-conformacion-de-un-hospital-veterinario","status":"publish","type":"post","link":"https:\/\/eldiariodesanpedro.com.ar\/sitio\/el-municipio-apuesta-fuerte-a-la-conformacion-de-un-hospital-veterinario\/","title":{"rendered":"El Municipio apuesta fuerte a la conformaci\u00f3n de un hospital veterinario"},"content":{"rendered":"<p><!-- VideographyWP Plugin Message: Automatic video embedding prevented by plugin options. --><br \/>\nTal como hab\u00eda sido anunciado, el Municipio junto a la ONG Vida Animal y alumnos del Centro de Estudiantes Graciela Rovini han comenzado el s\u00e1bado con los trabajos para poner en funcionamiento un hospital veterinario para nuestra ciudad.<br \/>\nSe trata de un espacio para poder brindar asistencia a los perros de la calle. Ser\u00e1 un proyecto a largo plazo, donde se har\u00e1n castraciones, operaciones, asistencia veterinaria y charlas de concientizaci\u00f3n sobre la problem\u00e1tica.<br \/>\nDesde horas tempranas en el edificio que se encuentra lindero a la perrera en Lucio Mansilla al 2500, los chicos acompa\u00f1ados del concejal Iv\u00e1n Paz y del secretario Privado y de Prensa, Jonathan Galv\u00e1n, comenzaron las tareas de reacondicionamiento del lugar. Tambi\u00e9n recibieron la visita del intendente municipal, Cecilio Salazar, quien realiz\u00f3 una recorrida por el lugar y agradeci\u00f3 la colaboraci\u00f3n a los j\u00f3venes.<br \/>\nEn ese sentido, Iv\u00e1n Paz se\u00f1al\u00f3 con respecto a los estudiantes que participan del proyecto: \u201cLo que hicimos fue incentivarlos sobre una sensibilidad que ten\u00edan ellos, a ellos los movilizaban mucho la cantidad de perros que hay en la calle y la falta que hace de castraciones para una parte de la poblaci\u00f3n que no pueden acceder a ella\u201d.<br \/>\n\u201cVamos a acondicionar el edificio y  poner en funcionamiento el hospital veterinario, porque es un pedido de la sociedad y que es justo\u201d, a\u00f1adi\u00f3.<br \/>\nEn tanto, el edil explic\u00f3 que \u201cla ONG se contact\u00f3 con el Centro de Estudiantes, se encarg\u00f3 de convocar en las escuelas a los diferentes alumnos\u201d.<br \/>\nPor su parte, Jonathan Galv\u00e1n asever\u00f3 que las \u201cciudades de alrededor, ya sea Baradero o Arrecifes, tienen un Hospital Veterinario\u201d y que ahora San Pedro tambi\u00e9n contar\u00e1 con uno.<br \/>\n\u201cEsto va a ser un proyecto progresivo de tres a\u00f1os, sacar los perros de la calle va a costar,<br \/>\nha recomendado gente especializada en el tema que se hagan castraciones contin\u00faas y pocas\u201d, se\u00f1al\u00f3 el funcionario.<br \/>\nAl tiempo, asever\u00f3 que se va a contratar a una veterinaria para que haga el trabajo de castraci\u00f3n y que \u201cel proyecto final es poder tener la ONG junto con el refugio\u201d.<br \/>\nSeguidamente, una joven participante y perteneciente al centro de estudiantes cont\u00f3: \u201cEllos nos convocaron para tratar un poco esta problem\u00e1tica que es el abuso hacia los animales\u201d.<br \/>\nY agreg\u00f3 que la idea es \u201cpoder realizar charlas de concientizaci\u00f3n en las escuelas. Creemos que es fundamental que los m\u00e1s chicos entiendan lo que es cuidar un animal o si no poder traerlo a alg\u00fan lugar\u201d. <\/p>\n","protected":false},"excerpt":{"rendered":"<p>Tal como hab\u00eda sido anunciado, el Municipio junto a la ONG Vida Animal y alumnos del Centro de Estudiantes Graciela Rovini han comenzado el s\u00e1bado con los trabajos para poner en funcionamiento un hospital veterinario para nuestra ciudad. Se trata de un espacio para poder brindar asistencia a los perros de la calle. Ser\u00e1 un [&hellip;]<\/p>\n","protected":false},"author":4,"featured_media":6083,"comment_status":"open","ping_status":"closed","sticky":false,"template":"","format":"standard","meta":{"om_disable_all_campaigns":false,"_jetpack_memberships_contains_paid_content":false,"footnotes":""},"categories":[50,2,102],"tags":[],"class_list":["post-6082","post","type-post","status-publish","format-standard","has-post-thumbnail","hentry","category-destacadas","category-locales","category-politica-locales"],"aioseo_notices":[],"gutentor_comment":0,"jetpack_featured_media_url":"https:\/\/eldiariodesanpedro.com.ar\/sitio\/wp-content\/uploads\/2016\/07\/PAGINA-4-01.jpg","jetpack_shortlink":"https:\/\/wp.me\/p6RhLt-1A6","jetpack_sharing_enabled":true,"_links":{"self":[{"href":"https:\/\/eldiariodesanpedro.com.ar\/sitio\/wp-json\/wp\/v2\/posts\/6082","targetHints":{"allow":["GET"]}}],"collection":[{"href":"https:\/\/eldiariodesanpedro.com.ar\/sitio\/wp-json\/wp\/v2\/posts"}],"about":[{"href":"https:\/\/eldiariodesanpedro.com.ar\/sitio\/wp-json\/wp\/v2\/types\/post"}],"author":[{"embeddable":true,"href":"https:\/\/eldiariodesanpedro.com.ar\/sitio\/wp-json\/wp\/v2\/users\/4"}],"replies":[{"embeddable":true,"href":"https:\/\/eldiariodesanpedro.com.ar\/sitio\/wp-json\/wp\/v2\/comments?post=6082"}],"version-history":[{"count":1,"href":"https:\/\/eldiariodesanpedro.com.ar\/sitio\/wp-json\/wp\/v2\/posts\/6082\/revisions"}],"predecessor-version":[{"id":6084,"href":"https:\/\/eldiariodesanpedro.com.ar\/sitio\/wp-json\/wp\/v2\/posts\/6082\/revisions\/6084"}],"wp:featuredmedia":[{"embeddable":true,"href":"https:\/\/eldiariodesanpedro.com.ar\/sitio\/wp-json\/wp\/v2\/media\/6083"}],"wp:attachment":[{"href":"https:\/\/eldiariodesanpedro.com.ar\/sitio\/wp-json\/wp\/v2\/media?parent=6082"}],"wp:term":[{"taxonomy":"category","embeddable":true,"href":"https:\/\/eldiariodesanpedro.com.ar\/sitio\/wp-json\/wp\/v2\/categories?post=6082"},{"taxonomy":"post_tag","embeddable":true,"href":"https:\/\/eldiariodesanpedro.com.ar\/sitio\/wp-json\/wp\/v2\/tags?post=6082"}],"curies":[{"name":"wp","href":"https:\/\/api.w.org\/{rel}","templated":true}]}}