{"id":60818,"date":"2019-09-27T10:09:05","date_gmt":"2019-09-27T13:09:05","guid":{"rendered":"https:\/\/eldiariodesanpedro.com.ar\/sitio\/?p=60818"},"modified":"2019-09-27T11:01:56","modified_gmt":"2019-09-27T14:01:56","slug":"tres-menores-aprehendidos-por-robo-calificado","status":"publish","type":"post","link":"https:\/\/eldiariodesanpedro.com.ar\/sitio\/tres-menores-aprehendidos-por-robo-calificado\/","title":{"rendered":"Tres menores aprehendidos por robo calificado"},"content":{"rendered":"<!-- VideographyWP Plugin Message: Automatic video embedding prevented by plugin options. -->\n\n<p>Sucedi\u00f3 este jueves promediando las 23 horas, tres menores de 15, 16 y 17 a\u00f1os de edad fueron aprehendidos en fuga, asaltaron a parejas con armas blancas en la zona del boulevar. Uno de los menores tienen frondosos antecedentes y hace poco estaba alojado en un Centro de Rehabilitaci\u00f3n.<\/p>\n\n\n\n<p>Personal del Grupo de Apoyo Departamental San Nicolas GAD, en conjunto con m\u00f3vil de comisaria y jefatura distrital, proceden a la aprehensi\u00f3n en intersecci\u00f3n de las calle Fray Cayetano Rodr\u00edguez y La Laguna, de tres sujetos masculino menores de edad (15, 16, y 17 a\u00f1os) que fugaban a la carrera.<\/p>\n\n\n\n<p>A los mismos se les secuestro telefon\u00eda celular y pertenencias que le sustrajeron momentos antes a una pareja de hombre y mujer mayores de edad que se encontraban en el predio de la costanera utilizando arma blanca para cometer el hecho. <\/p>\n\n\n\n<p>Asimismo a los j\u00f3venes delincuentes tambi\u00e9n se les secuestro en su poder dos tel\u00e9fonos celulares mas de los cuales posteriormente se determino que tambi\u00e9n fueron sustra\u00eddos a otra pareja de hombre y mujer mayores de edad, en inmediaciones del v\u00eda crucis, con la misma modalidad. <\/p>\n\n\n\n<p>Se logro el secuestro del arma blanca utilizada para la comisi\u00f3n de los hechos. <\/p>\n\n\n\n<p>Uno de los delincuentes de 16 ya estuvo detenido y traslado a la justicia juvenil de San Nicolas. Estuvo alojado en varios centros de rehabilitaci\u00f3n.\u00a0\u00a0<\/p>\n\n\n\n<figure class=\"wp-block-image\"><img decoding=\"async\" width=\"1024\" height=\"1024\" data-attachment-id=\"60849\" data-permalink=\"https:\/\/eldiariodesanpedro.com.ar\/sitio\/tres-menores-aprehendidos-por-robo-calificado\/whatsapp-image-2019-09-27-at-11-00-10-am\/\" data-orig-file=\"https:\/\/eldiariodesanpedro.com.ar\/sitio\/wp-content\/uploads\/2019\/09\/WhatsApp-Image-2019-09-27-at-11.00.10-AM.jpeg\" data-orig-size=\"1280,1280\" data-comments-opened=\"1\" data-image-meta=\"{&quot;aperture&quot;:&quot;0&quot;,&quot;credit&quot;:&quot;&quot;,&quot;camera&quot;:&quot;&quot;,&quot;caption&quot;:&quot;&quot;,&quot;created_timestamp&quot;:&quot;0&quot;,&quot;copyright&quot;:&quot;&quot;,&quot;focal_length&quot;:&quot;0&quot;,&quot;iso&quot;:&quot;0&quot;,&quot;shutter_speed&quot;:&quot;0&quot;,&quot;title&quot;:&quot;&quot;,&quot;orientation&quot;:&quot;0&quot;}\" data-image-title=\"WhatsApp Image 2019-09-27 at 11.00.10 AM\" data-image-description=\"\" data-image-caption=\"\" data-large-file=\"https:\/\/eldiariodesanpedro.com.ar\/sitio\/wp-content\/uploads\/2019\/09\/WhatsApp-Image-2019-09-27-at-11.00.10-AM-1024x1024.jpeg\" data-src=\"https:\/\/eldiariodesanpedro.com.ar\/sitio\/wp-content\/uploads\/2019\/09\/WhatsApp-Image-2019-09-27-at-11.00.10-AM-1024x1024.jpeg\" alt=\"\" class=\"wp-image-60849 lazyload\" data-srcset=\"https:\/\/eldiariodesanpedro.com.ar\/sitio\/wp-content\/uploads\/2019\/09\/WhatsApp-Image-2019-09-27-at-11.00.10-AM-1024x1024.jpeg 1024w, https:\/\/eldiariodesanpedro.com.ar\/sitio\/wp-content\/uploads\/2019\/09\/WhatsApp-Image-2019-09-27-at-11.00.10-AM-150x150.jpeg 150w, https:\/\/eldiariodesanpedro.com.ar\/sitio\/wp-content\/uploads\/2019\/09\/WhatsApp-Image-2019-09-27-at-11.00.10-AM-300x300.jpeg 300w, https:\/\/eldiariodesanpedro.com.ar\/sitio\/wp-content\/uploads\/2019\/09\/WhatsApp-Image-2019-09-27-at-11.00.10-AM-768x768.jpeg 768w, https:\/\/eldiariodesanpedro.com.ar\/sitio\/wp-content\/uploads\/2019\/09\/WhatsApp-Image-2019-09-27-at-11.00.10-AM.jpeg 1280w\" data-sizes=\"(max-width: 1024px) 100vw, 1024px\" src=\"data:image\/svg+xml;base64,PHN2ZyB3aWR0aD0iMSIgaGVpZ2h0PSIxIiB4bWxucz0iaHR0cDovL3d3dy53My5vcmcvMjAwMC9zdmciPjwvc3ZnPg==\" style=\"--smush-placeholder-width: 1024px; --smush-placeholder-aspect-ratio: 1024\/1024;\" \/><\/figure>\n","protected":false},"excerpt":{"rendered":"<p>Sucedi\u00f3 este jueves promediando las 23 horas, tres menores de 15, 16 y 17 a\u00f1os de edad fueron aprehendidos en fuga, asaltaron a parejas con armas blancas en la zona del boulevar. Uno de los menores tienen frondosos antecedentes y hace poco estaba alojado en un Centro de Rehabilitaci\u00f3n. Personal del Grupo de Apoyo Departamental [&hellip;]<\/p>\n","protected":false},"author":4,"featured_media":60849,"comment_status":"open","ping_status":"closed","sticky":false,"template":"","format":"standard","meta":{"om_disable_all_campaigns":false,"_jetpack_memberships_contains_paid_content":false,"footnotes":""},"categories":[2,103],"tags":[],"class_list":["post-60818","post","type-post","status-publish","format-standard","has-post-thumbnail","hentry","category-locales","category-policiales-locales"],"aioseo_notices":[],"gutentor_comment":0,"jetpack_featured_media_url":"https:\/\/eldiariodesanpedro.com.ar\/sitio\/wp-content\/uploads\/2019\/09\/WhatsApp-Image-2019-09-27-at-11.00.10-AM.jpeg","jetpack_shortlink":"https:\/\/wp.me\/p6RhLt-fOW","jetpack_sharing_enabled":true,"_links":{"self":[{"href":"https:\/\/eldiariodesanpedro.com.ar\/sitio\/wp-json\/wp\/v2\/posts\/60818","targetHints":{"allow":["GET"]}}],"collection":[{"href":"https:\/\/eldiariodesanpedro.com.ar\/sitio\/wp-json\/wp\/v2\/posts"}],"about":[{"href":"https:\/\/eldiariodesanpedro.com.ar\/sitio\/wp-json\/wp\/v2\/types\/post"}],"author":[{"embeddable":true,"href":"https:\/\/eldiariodesanpedro.com.ar\/sitio\/wp-json\/wp\/v2\/users\/4"}],"replies":[{"embeddable":true,"href":"https:\/\/eldiariodesanpedro.com.ar\/sitio\/wp-json\/wp\/v2\/comments?post=60818"}],"version-history":[{"count":8,"href":"https:\/\/eldiariodesanpedro.com.ar\/sitio\/wp-json\/wp\/v2\/posts\/60818\/revisions"}],"predecessor-version":[{"id":60850,"href":"https:\/\/eldiariodesanpedro.com.ar\/sitio\/wp-json\/wp\/v2\/posts\/60818\/revisions\/60850"}],"wp:featuredmedia":[{"embeddable":true,"href":"https:\/\/eldiariodesanpedro.com.ar\/sitio\/wp-json\/wp\/v2\/media\/60849"}],"wp:attachment":[{"href":"https:\/\/eldiariodesanpedro.com.ar\/sitio\/wp-json\/wp\/v2\/media?parent=60818"}],"wp:term":[{"taxonomy":"category","embeddable":true,"href":"https:\/\/eldiariodesanpedro.com.ar\/sitio\/wp-json\/wp\/v2\/categories?post=60818"},{"taxonomy":"post_tag","embeddable":true,"href":"https:\/\/eldiariodesanpedro.com.ar\/sitio\/wp-json\/wp\/v2\/tags?post=60818"}],"curies":[{"name":"wp","href":"https:\/\/api.w.org\/{rel}","templated":true}]}}