{"id":60815,"date":"2019-09-27T08:59:06","date_gmt":"2019-09-27T11:59:06","guid":{"rendered":"https:\/\/eldiariodesanpedro.com.ar\/sitio\/?p=60815"},"modified":"2019-09-27T08:59:11","modified_gmt":"2019-09-27T11:59:11","slug":"ultimo-parte-sobre-los-accidentados-tres-pacientes-son-trasladados","status":"publish","type":"post","link":"https:\/\/eldiariodesanpedro.com.ar\/sitio\/ultimo-parte-sobre-los-accidentados-tres-pacientes-son-trasladados\/","title":{"rendered":"Ultimo parte sobre los accidentados: Tres pacientes son trasladados"},"content":{"rendered":"<!-- VideographyWP Plugin Message: Automatic video embedding prevented by plugin options. -->\n\n<p>Esta ma\u00f1ana el Dr Herbas, Jefe de el \u00e1rea de accidentologia confirmo a los medios de comunicacion que los pacientes que ingresaron de gravedad, inconscientes fueron trasladados a un centro de mayor complejidad.<\/p>\n\n\n\n<p>El ultimo parte medico de esta ma\u00f1ana con el estado de salud de los 5 chicos que participaron del violento, grave y lamentable accidente en la zona del boulevar lo confirmo el Dr Herbas, Jefe de accidentologia desde la guardia del Hospital.<\/p>\n\n\n\n<p>\u00abDos de los j\u00f3venes ya fueron trasladados, los dos jovenes que se encontraban en terapia intensiva,  Vell\u00f3n, de 18 a\u00f1os, que presenta un traumatismo de cr\u00e1neo con una hemorragia cerebral y  Manuel Vives de 17 quien tambi\u00e9n sufri\u00f3 un trauma craneano que le produjo un edema\u00bb<\/p>\n\n\n\n<p>\u00bb Otro de los chicos, Alejandro Ternovic de 22, que como consecuencia ingreso con una fractura expuesta en la rodilla izquierda que fue intervenido quir\u00fargicamente  r\u00e1pidamente, ya estamos esperando la ambulancia de traslado tambi\u00e9n\u00bb<\/p>\n\n\n\n<p>\u00abHay dos chicos de 19 que sufrieron heridas con cortes, diversas excoriaciones y golpes en la cabeza que fueron asistidos, y por la tarde noche del mismo d\u00eda fueron dados de alta con la condici\u00f3n que puedan seguir siendo controlados, los golpes en la cabeza tienen que ser controlados\u00bb<\/p>\n\n\n\n<p>\u00abCuando empezaron a ingresar los heridos todo el personal de la guardia se aboco a ellos, fueron r\u00e1pidamente asistidos, si la guardia tuvo un p\u00e1rate para la asistencia de la gente porque no pod\u00edamos pero se controlo r\u00e1pido, por eso quiero agradecer la solidaridad de la gente que esper\u00f3\u00bb.<\/p>\n\n\n\n<p>Recordemos que el siniestro se produjo este jueves alrededor de las 14 y 30 horas en la zona del nuevo bulevar cuando tres motos colisionaron entre s\u00ed, dos de ellas chocaron de frente.<\/p>\n\n\n\n<p>Al momento del impacto circulaba desde la parte de la bajada de la nueva avenida melgar una motocicleta 150 cc con dos personas, quienes impactan contra otras dos motos 110 cc que ven\u00edan del lado de la Romulo Naon al centro.<\/p>\n\n\n\n<p>Como consecuencia los 5 jovenes son despedidos de los vehiculos a ra\u00edz del fuerte impacto.<\/p>\n\n\n\n<p>Fueron trasladados por la ambulancia del SAME al nosocomio local, dos se encontraban inconscientes y los otros tres presentaban lesiones graves.<\/p>\n\n\n\n<ul class=\"wp-block-gallery columns-3 is-cropped wp-block-gallery-1 is-layout-flex wp-block-gallery-is-layout-flex\"><li class=\"blocks-gallery-item\"><figure><img decoding=\"async\" width=\"1024\" height=\"485\" data-attachment-id=\"60809\" data-permalink=\"https:\/\/eldiariodesanpedro.com.ar\/sitio\/20190926_162044\/\" data-orig-file=\"https:\/\/eldiariodesanpedro.com.ar\/sitio\/wp-content\/uploads\/2019\/09\/20190926_162044.jpg\" data-orig-size=\"4608,2184\" data-comments-opened=\"1\" data-image-meta=\"{&quot;aperture&quot;:&quot;2.2&quot;,&quot;credit&quot;:&quot;&quot;,&quot;camera&quot;:&quot;SM-G975F&quot;,&quot;caption&quot;:&quot;&quot;,&quot;created_timestamp&quot;:&quot;1569514844&quot;,&quot;copyright&quot;:&quot;&quot;,&quot;focal_length&quot;:&quot;1.8&quot;,&quot;iso&quot;:&quot;50&quot;,&quot;shutter_speed&quot;:&quot;0.0018181818181818&quot;,&quot;title&quot;:&quot;&quot;,&quot;orientation&quot;:&quot;1&quot;}\" data-image-title=\"20190926_162044\" data-image-description=\"\" data-image-caption=\"\" data-large-file=\"https:\/\/eldiariodesanpedro.com.ar\/sitio\/wp-content\/uploads\/2019\/09\/20190926_162044-1024x485.jpg\" data-src=\"https:\/\/eldiariodesanpedro.com.ar\/sitio\/wp-content\/uploads\/2019\/09\/20190926_162044-1024x485.jpg\" alt=\"\" data-id=\"60809\" data-link=\"https:\/\/eldiariodesanpedro.com.ar\/sitio\/20190926_162044\/\" class=\"wp-image-60809 lazyload\" data-srcset=\"https:\/\/eldiariodesanpedro.com.ar\/sitio\/wp-content\/uploads\/2019\/09\/20190926_162044-1024x485.jpg 1024w, https:\/\/eldiariodesanpedro.com.ar\/sitio\/wp-content\/uploads\/2019\/09\/20190926_162044-300x142.jpg 300w, https:\/\/eldiariodesanpedro.com.ar\/sitio\/wp-content\/uploads\/2019\/09\/20190926_162044-768x364.jpg 768w\" data-sizes=\"(max-width: 1024px) 100vw, 1024px\" src=\"data:image\/svg+xml;base64,PHN2ZyB3aWR0aD0iMSIgaGVpZ2h0PSIxIiB4bWxucz0iaHR0cDovL3d3dy53My5vcmcvMjAwMC9zdmciPjwvc3ZnPg==\" style=\"--smush-placeholder-width: 1024px; --smush-placeholder-aspect-ratio: 1024\/485;\" \/><\/figure><\/li><li class=\"blocks-gallery-item\"><figure><img decoding=\"async\" width=\"1024\" height=\"485\" data-attachment-id=\"60807\" data-permalink=\"https:\/\/eldiariodesanpedro.com.ar\/sitio\/20190926_162155\/\" data-orig-file=\"https:\/\/eldiariodesanpedro.com.ar\/sitio\/wp-content\/uploads\/2019\/09\/20190926_162155.jpg\" data-orig-size=\"4032,1908\" data-comments-opened=\"1\" data-image-meta=\"{&quot;aperture&quot;:&quot;2.4&quot;,&quot;credit&quot;:&quot;&quot;,&quot;camera&quot;:&quot;SM-G975F&quot;,&quot;caption&quot;:&quot;&quot;,&quot;created_timestamp&quot;:&quot;1569514914&quot;,&quot;copyright&quot;:&quot;&quot;,&quot;focal_length&quot;:&quot;6&quot;,&quot;iso&quot;:&quot;50&quot;,&quot;shutter_speed&quot;:&quot;0.01&quot;,&quot;title&quot;:&quot;&quot;,&quot;orientation&quot;:&quot;1&quot;}\" data-image-title=\"20190926_162155\" data-image-description=\"\" data-image-caption=\"\" data-large-file=\"https:\/\/eldiariodesanpedro.com.ar\/sitio\/wp-content\/uploads\/2019\/09\/20190926_162155-1024x485.jpg\" data-src=\"https:\/\/eldiariodesanpedro.com.ar\/sitio\/wp-content\/uploads\/2019\/09\/20190926_162155-1024x485.jpg\" alt=\"\" data-id=\"60807\" data-link=\"https:\/\/eldiariodesanpedro.com.ar\/sitio\/20190926_162155\/\" class=\"wp-image-60807 lazyload\" data-srcset=\"https:\/\/eldiariodesanpedro.com.ar\/sitio\/wp-content\/uploads\/2019\/09\/20190926_162155-1024x485.jpg 1024w, https:\/\/eldiariodesanpedro.com.ar\/sitio\/wp-content\/uploads\/2019\/09\/20190926_162155-300x142.jpg 300w, https:\/\/eldiariodesanpedro.com.ar\/sitio\/wp-content\/uploads\/2019\/09\/20190926_162155-768x363.jpg 768w\" data-sizes=\"(max-width: 1024px) 100vw, 1024px\" src=\"data:image\/svg+xml;base64,PHN2ZyB3aWR0aD0iMSIgaGVpZ2h0PSIxIiB4bWxucz0iaHR0cDovL3d3dy53My5vcmcvMjAwMC9zdmciPjwvc3ZnPg==\" style=\"--smush-placeholder-width: 1024px; --smush-placeholder-aspect-ratio: 1024\/485;\" \/><\/figure><\/li><li class=\"blocks-gallery-item\"><figure><img decoding=\"async\" width=\"1024\" height=\"485\" data-attachment-id=\"60803\" data-permalink=\"https:\/\/eldiariodesanpedro.com.ar\/sitio\/20190926_162032\/\" data-orig-file=\"https:\/\/eldiariodesanpedro.com.ar\/sitio\/wp-content\/uploads\/2019\/09\/20190926_162032.jpg\" data-orig-size=\"4032,1908\" data-comments-opened=\"1\" data-image-meta=\"{&quot;aperture&quot;:&quot;2.4&quot;,&quot;credit&quot;:&quot;&quot;,&quot;camera&quot;:&quot;SM-G975F&quot;,&quot;caption&quot;:&quot;&quot;,&quot;created_timestamp&quot;:&quot;1569514831&quot;,&quot;copyright&quot;:&quot;&quot;,&quot;focal_length&quot;:&quot;6&quot;,&quot;iso&quot;:&quot;50&quot;,&quot;shutter_speed&quot;:&quot;0.0061728395061728&quot;,&quot;title&quot;:&quot;&quot;,&quot;orientation&quot;:&quot;1&quot;}\" data-image-title=\"20190926_162032\" data-image-description=\"\" data-image-caption=\"\" data-large-file=\"https:\/\/eldiariodesanpedro.com.ar\/sitio\/wp-content\/uploads\/2019\/09\/20190926_162032-1024x485.jpg\" data-src=\"https:\/\/eldiariodesanpedro.com.ar\/sitio\/wp-content\/uploads\/2019\/09\/20190926_162032-1024x485.jpg\" alt=\"\" data-id=\"60803\" data-link=\"https:\/\/eldiariodesanpedro.com.ar\/sitio\/20190926_162032\/\" class=\"wp-image-60803 lazyload\" data-srcset=\"https:\/\/eldiariodesanpedro.com.ar\/sitio\/wp-content\/uploads\/2019\/09\/20190926_162032-1024x485.jpg 1024w, https:\/\/eldiariodesanpedro.com.ar\/sitio\/wp-content\/uploads\/2019\/09\/20190926_162032-300x142.jpg 300w, https:\/\/eldiariodesanpedro.com.ar\/sitio\/wp-content\/uploads\/2019\/09\/20190926_162032-768x363.jpg 768w\" data-sizes=\"(max-width: 1024px) 100vw, 1024px\" src=\"data:image\/svg+xml;base64,PHN2ZyB3aWR0aD0iMSIgaGVpZ2h0PSIxIiB4bWxucz0iaHR0cDovL3d3dy53My5vcmcvMjAwMC9zdmciPjwvc3ZnPg==\" style=\"--smush-placeholder-width: 1024px; --smush-placeholder-aspect-ratio: 1024\/485;\" \/><\/figure><\/li><li class=\"blocks-gallery-item\"><figure><img decoding=\"async\" width=\"1024\" height=\"576\" data-attachment-id=\"60811\" data-permalink=\"https:\/\/eldiariodesanpedro.com.ar\/sitio\/20190926_184844\/\" data-orig-file=\"https:\/\/eldiariodesanpedro.com.ar\/sitio\/wp-content\/uploads\/2019\/09\/20190926_184844.jpg\" data-orig-size=\"2226,1252\" data-comments-opened=\"1\" data-image-meta=\"{&quot;aperture&quot;:&quot;0&quot;,&quot;credit&quot;:&quot;&quot;,&quot;camera&quot;:&quot;&quot;,&quot;caption&quot;:&quot;&quot;,&quot;created_timestamp&quot;:&quot;0&quot;,&quot;copyright&quot;:&quot;&quot;,&quot;focal_length&quot;:&quot;0&quot;,&quot;iso&quot;:&quot;0&quot;,&quot;shutter_speed&quot;:&quot;0&quot;,&quot;title&quot;:&quot;&quot;,&quot;orientation&quot;:&quot;0&quot;}\" data-image-title=\"20190926_184844\" data-image-description=\"\" data-image-caption=\"\" data-large-file=\"https:\/\/eldiariodesanpedro.com.ar\/sitio\/wp-content\/uploads\/2019\/09\/20190926_184844-1024x576.jpg\" data-src=\"https:\/\/eldiariodesanpedro.com.ar\/sitio\/wp-content\/uploads\/2019\/09\/20190926_184844-1024x576.jpg\" alt=\"\" data-id=\"60811\" data-link=\"https:\/\/eldiariodesanpedro.com.ar\/sitio\/20190926_184844\/\" class=\"wp-image-60811 lazyload\" data-srcset=\"https:\/\/eldiariodesanpedro.com.ar\/sitio\/wp-content\/uploads\/2019\/09\/20190926_184844-1024x576.jpg 1024w, https:\/\/eldiariodesanpedro.com.ar\/sitio\/wp-content\/uploads\/2019\/09\/20190926_184844-300x169.jpg 300w, https:\/\/eldiariodesanpedro.com.ar\/sitio\/wp-content\/uploads\/2019\/09\/20190926_184844-768x432.jpg 768w\" data-sizes=\"(max-width: 1024px) 100vw, 1024px\" src=\"data:image\/svg+xml;base64,PHN2ZyB3aWR0aD0iMSIgaGVpZ2h0PSIxIiB4bWxucz0iaHR0cDovL3d3dy53My5vcmcvMjAwMC9zdmciPjwvc3ZnPg==\" style=\"--smush-placeholder-width: 1024px; --smush-placeholder-aspect-ratio: 1024\/576;\" \/><\/figure><\/li><\/ul>\n\n\n\n<p><br><\/p>\n","protected":false},"excerpt":{"rendered":"<p>Esta ma\u00f1ana el Dr Herbas, Jefe de el \u00e1rea de accidentologia confirmo a los medios de comunicacion que los pacientes que ingresaron de gravedad, inconscientes fueron trasladados a un centro de mayor complejidad. El ultimo parte medico de esta ma\u00f1ana con el estado de salud de los 5 chicos que participaron del violento, grave y [&hellip;]<\/p>\n","protected":false},"author":4,"featured_media":60806,"comment_status":"open","ping_status":"closed","sticky":false,"template":"","format":"standard","meta":{"om_disable_all_campaigns":false,"_jetpack_memberships_contains_paid_content":false,"footnotes":""},"categories":[2,103],"tags":[],"class_list":["post-60815","post","type-post","status-publish","format-standard","has-post-thumbnail","hentry","category-locales","category-policiales-locales"],"aioseo_notices":[],"gutentor_comment":0,"jetpack_featured_media_url":"https:\/\/eldiariodesanpedro.com.ar\/sitio\/wp-content\/uploads\/2019\/09\/20190926_162027.jpg","jetpack_shortlink":"https:\/\/wp.me\/p6RhLt-fOT","jetpack_sharing_enabled":true,"_links":{"self":[{"href":"https:\/\/eldiariodesanpedro.com.ar\/sitio\/wp-json\/wp\/v2\/posts\/60815","targetHints":{"allow":["GET"]}}],"collection":[{"href":"https:\/\/eldiariodesanpedro.com.ar\/sitio\/wp-json\/wp\/v2\/posts"}],"about":[{"href":"https:\/\/eldiariodesanpedro.com.ar\/sitio\/wp-json\/wp\/v2\/types\/post"}],"author":[{"embeddable":true,"href":"https:\/\/eldiariodesanpedro.com.ar\/sitio\/wp-json\/wp\/v2\/users\/4"}],"replies":[{"embeddable":true,"href":"https:\/\/eldiariodesanpedro.com.ar\/sitio\/wp-json\/wp\/v2\/comments?post=60815"}],"version-history":[{"count":2,"href":"https:\/\/eldiariodesanpedro.com.ar\/sitio\/wp-json\/wp\/v2\/posts\/60815\/revisions"}],"predecessor-version":[{"id":60817,"href":"https:\/\/eldiariodesanpedro.com.ar\/sitio\/wp-json\/wp\/v2\/posts\/60815\/revisions\/60817"}],"wp:featuredmedia":[{"embeddable":true,"href":"https:\/\/eldiariodesanpedro.com.ar\/sitio\/wp-json\/wp\/v2\/media\/60806"}],"wp:attachment":[{"href":"https:\/\/eldiariodesanpedro.com.ar\/sitio\/wp-json\/wp\/v2\/media?parent=60815"}],"wp:term":[{"taxonomy":"category","embeddable":true,"href":"https:\/\/eldiariodesanpedro.com.ar\/sitio\/wp-json\/wp\/v2\/categories?post=60815"},{"taxonomy":"post_tag","embeddable":true,"href":"https:\/\/eldiariodesanpedro.com.ar\/sitio\/wp-json\/wp\/v2\/tags?post=60815"}],"curies":[{"name":"wp","href":"https:\/\/api.w.org\/{rel}","templated":true}]}}