{"id":6080,"date":"2016-07-17T19:52:28","date_gmt":"2016-07-17T22:52:28","guid":{"rendered":"https:\/\/eldiariodesanpedro.com.ar\/sitio\/?p=6080"},"modified":"2016-07-17T19:52:28","modified_gmt":"2016-07-17T22:52:28","slug":"socios-de-la-clinica-san-martin-se-reunieron-el-jueves-por-la-noche","status":"publish","type":"post","link":"https:\/\/eldiariodesanpedro.com.ar\/sitio\/socios-de-la-clinica-san-martin-se-reunieron-el-jueves-por-la-noche\/","title":{"rendered":"Socios de la Cl\u00ednica San Mart\u00edn se reunieron el jueves por la noche"},"content":{"rendered":"<p><!-- VideographyWP Plugin Message: Automatic video embedding prevented by plugin options. --><br \/>\nParticiparon los socios accionarios de la Cl\u00ednica San Mart\u00edn en un encuentro que tuvo como objetivo aunar voluntades en torno a poder determinar algunos pasos a seguir, teniendo en cuenta que la Coopser ha desistido con la posibilidad de continuar las negociaciones luego de que un fallo judicial retrotrajo la tarifa el\u00e9ctrica a antes del aumento, por lo que le resulta imposible costear cualquier tipo de iniciativa.<br \/>\nCabe recordar que el jueves al mediod\u00eda, se llev\u00f3 a cabo una reuni\u00f3n entre autoridades municipales (Corti, S\u00e1nchez Negrete y Ponzio) con el Dr. Mauricio Gugger en representaci\u00f3n de la familias Artana y Giordano (que suman alrededor del 60% del paquete accionario), donde manifestaron que han puesto como prioridad colaborar con la salud p\u00fablica y la conservaci\u00f3n de las fuentes de trabajo. All\u00ed se les requiri\u00f3 que primeramente todos los accionistas estuvieran en sinton\u00eda, antes de comenzar a hablar de alg\u00fan tipo de proyecto en conjunto.<br \/>\nComo consecuencia de ello, se formaliz\u00f3 el primer encuentro, donde los socios mayoritarios manifestaron la idea de dejar cualquier inter\u00e9s personal de lado y poner como prioridad el funcionamiento de la cl\u00ednica, manteniendo las fuentes laborales. De esta manera, se buscan los consensos necesarios para avanzar en alguna iniciativa en la que el municipio podr\u00eda incorporarse.<br \/>\nDe unificarse el criterio, habr\u00eda que ver si el municipio mantiene el inter\u00e9s de reflotar el proyecto de alquilar el sector de internaci\u00f3n, teniendo en cuenta la dif\u00edcil situaci\u00f3n que atraviesa la ciudad en materia de salud.<br \/>\nComo es de p\u00fablico conocimiento, el Hospital y la Cl\u00ednica San Pedro no dan abasto en cuanto a la atenci\u00f3n en la \u00e9poca m\u00e1s complicada del a\u00f1o para las enfermedades propias del invierno.<br \/>\n\u201cEstamos muy preocupados, estamos en emergencia sanitaria. Nosotros hicimos en su momento una propuesta y no se acept\u00f3 y ahora se les cay\u00f3 el tema de la compra de la Coopser, est\u00e1n realmente preocupados\u201d, dijo S\u00e1nchez Negrete a trav\u00e9s de la Radio 92.3 y agreg\u00f3: \u201cNecesitamos que se unifique en una postura\u201d. \u201cSi ellos no se ponen de acuerdo, nosotros no podemos ni siquiera analizar lo que podemos hacer\u201d, indic\u00f3.<br \/>\n\u201cEl municipio est\u00e1 en una situaci\u00f3n econ\u00f3mica muy complicada desde el punto de vista econ\u00f3mico, as\u00ed que vamos a hacer en la medida de las posibilidades\u201d, sostuvo.<\/p>\n","protected":false},"excerpt":{"rendered":"<p>Participaron los socios accionarios de la Cl\u00ednica San Mart\u00edn en un encuentro que tuvo como objetivo aunar voluntades en torno a poder determinar algunos pasos a seguir, teniendo en cuenta que la Coopser ha desistido con la posibilidad de continuar las negociaciones luego de que un fallo judicial retrotrajo la tarifa el\u00e9ctrica a antes del [&hellip;]<\/p>\n","protected":false},"author":4,"featured_media":6034,"comment_status":"open","ping_status":"closed","sticky":false,"template":"","format":"standard","meta":{"om_disable_all_campaigns":false,"_jetpack_memberships_contains_paid_content":false,"footnotes":""},"categories":[50,101,2],"tags":[],"class_list":["post-6080","post","type-post","status-publish","format-standard","has-post-thumbnail","hentry","category-destacadas","category-interes-general-locales","category-locales"],"aioseo_notices":[],"gutentor_comment":0,"jetpack_featured_media_url":"https:\/\/eldiariodesanpedro.com.ar\/sitio\/wp-content\/uploads\/2016\/07\/clinica-san-martin.jpg","jetpack_shortlink":"https:\/\/wp.me\/p6RhLt-1A4","jetpack_sharing_enabled":true,"_links":{"self":[{"href":"https:\/\/eldiariodesanpedro.com.ar\/sitio\/wp-json\/wp\/v2\/posts\/6080","targetHints":{"allow":["GET"]}}],"collection":[{"href":"https:\/\/eldiariodesanpedro.com.ar\/sitio\/wp-json\/wp\/v2\/posts"}],"about":[{"href":"https:\/\/eldiariodesanpedro.com.ar\/sitio\/wp-json\/wp\/v2\/types\/post"}],"author":[{"embeddable":true,"href":"https:\/\/eldiariodesanpedro.com.ar\/sitio\/wp-json\/wp\/v2\/users\/4"}],"replies":[{"embeddable":true,"href":"https:\/\/eldiariodesanpedro.com.ar\/sitio\/wp-json\/wp\/v2\/comments?post=6080"}],"version-history":[{"count":1,"href":"https:\/\/eldiariodesanpedro.com.ar\/sitio\/wp-json\/wp\/v2\/posts\/6080\/revisions"}],"predecessor-version":[{"id":6081,"href":"https:\/\/eldiariodesanpedro.com.ar\/sitio\/wp-json\/wp\/v2\/posts\/6080\/revisions\/6081"}],"wp:featuredmedia":[{"embeddable":true,"href":"https:\/\/eldiariodesanpedro.com.ar\/sitio\/wp-json\/wp\/v2\/media\/6034"}],"wp:attachment":[{"href":"https:\/\/eldiariodesanpedro.com.ar\/sitio\/wp-json\/wp\/v2\/media?parent=6080"}],"wp:term":[{"taxonomy":"category","embeddable":true,"href":"https:\/\/eldiariodesanpedro.com.ar\/sitio\/wp-json\/wp\/v2\/categories?post=6080"},{"taxonomy":"post_tag","embeddable":true,"href":"https:\/\/eldiariodesanpedro.com.ar\/sitio\/wp-json\/wp\/v2\/tags?post=6080"}],"curies":[{"name":"wp","href":"https:\/\/api.w.org\/{rel}","templated":true}]}}