{"id":60798,"date":"2019-09-26T17:45:21","date_gmt":"2019-09-26T20:45:21","guid":{"rendered":"https:\/\/eldiariodesanpedro.com.ar\/sitio\/?p=60798"},"modified":"2019-09-26T17:45:25","modified_gmt":"2019-09-26T20:45:25","slug":"envion-celebra-su-cumpleanos","status":"publish","type":"post","link":"https:\/\/eldiariodesanpedro.com.ar\/sitio\/envion-celebra-su-cumpleanos\/","title":{"rendered":"Envi\u00f3n celebra su cumplea\u00f1os"},"content":{"rendered":"<!-- VideographyWP Plugin Message: Automatic video embedding prevented by plugin options. -->\n\n<p> La Municipalidad de San Pedro, a trav\u00e9s de la Secretar\u00eda de Desarrollo Humano, invita a la jornada \u201cEnvi\u00f3n cumple a\u00f1os\u201d.<\/p>\n\n\n\n<p>El viernes 4 de octubre de 14 a 18 hs, en la Plaza Belgrano y el Centro Cultural, se llevar\u00e1n a cabo varias actividades divertidas para celebrar los 9 a\u00f1os del Programa Envi\u00f3n en San Pedro.<\/p>\n\n\n\n<p>Muestras de los diferentes talleres, radio abierta, videos, m\u00fasica en vivo y cine. Los esperamos para festejar y disfrutar de una linda jornada. <\/p>\n","protected":false},"excerpt":{"rendered":"<p>La Municipalidad de San Pedro, a trav\u00e9s de la Secretar\u00eda de Desarrollo Humano, invita a la jornada \u201cEnvi\u00f3n cumple a\u00f1os\u201d. El viernes 4 de octubre de 14 a 18 hs, en la Plaza Belgrano y el Centro Cultural, se llevar\u00e1n a cabo varias actividades divertidas para celebrar los 9 a\u00f1os del Programa Envi\u00f3n en San [&hellip;]<\/p>\n","protected":false},"author":4,"featured_media":60799,"comment_status":"open","ping_status":"closed","sticky":false,"template":"","format":"standard","meta":{"om_disable_all_campaigns":false,"_jetpack_memberships_contains_paid_content":false,"footnotes":""},"categories":[101,2],"tags":[],"class_list":["post-60798","post","type-post","status-publish","format-standard","has-post-thumbnail","hentry","category-interes-general-locales","category-locales"],"aioseo_notices":[],"gutentor_comment":0,"jetpack_featured_media_url":"https:\/\/eldiariodesanpedro.com.ar\/sitio\/wp-content\/uploads\/2019\/09\/envion-cumple-a\u00f1os.jpeg","jetpack_shortlink":"https:\/\/wp.me\/p6RhLt-fOC","jetpack_sharing_enabled":true,"_links":{"self":[{"href":"https:\/\/eldiariodesanpedro.com.ar\/sitio\/wp-json\/wp\/v2\/posts\/60798","targetHints":{"allow":["GET"]}}],"collection":[{"href":"https:\/\/eldiariodesanpedro.com.ar\/sitio\/wp-json\/wp\/v2\/posts"}],"about":[{"href":"https:\/\/eldiariodesanpedro.com.ar\/sitio\/wp-json\/wp\/v2\/types\/post"}],"author":[{"embeddable":true,"href":"https:\/\/eldiariodesanpedro.com.ar\/sitio\/wp-json\/wp\/v2\/users\/4"}],"replies":[{"embeddable":true,"href":"https:\/\/eldiariodesanpedro.com.ar\/sitio\/wp-json\/wp\/v2\/comments?post=60798"}],"version-history":[{"count":1,"href":"https:\/\/eldiariodesanpedro.com.ar\/sitio\/wp-json\/wp\/v2\/posts\/60798\/revisions"}],"predecessor-version":[{"id":60800,"href":"https:\/\/eldiariodesanpedro.com.ar\/sitio\/wp-json\/wp\/v2\/posts\/60798\/revisions\/60800"}],"wp:featuredmedia":[{"embeddable":true,"href":"https:\/\/eldiariodesanpedro.com.ar\/sitio\/wp-json\/wp\/v2\/media\/60799"}],"wp:attachment":[{"href":"https:\/\/eldiariodesanpedro.com.ar\/sitio\/wp-json\/wp\/v2\/media?parent=60798"}],"wp:term":[{"taxonomy":"category","embeddable":true,"href":"https:\/\/eldiariodesanpedro.com.ar\/sitio\/wp-json\/wp\/v2\/categories?post=60798"},{"taxonomy":"post_tag","embeddable":true,"href":"https:\/\/eldiariodesanpedro.com.ar\/sitio\/wp-json\/wp\/v2\/tags?post=60798"}],"curies":[{"name":"wp","href":"https:\/\/api.w.org\/{rel}","templated":true}]}}