{"id":60795,"date":"2019-09-26T10:56:35","date_gmt":"2019-09-26T13:56:35","guid":{"rendered":"https:\/\/eldiariodesanpedro.com.ar\/sitio\/?p=60795"},"modified":"2019-09-26T10:56:39","modified_gmt":"2019-09-26T13:56:39","slug":"san-nicolas-policia-federal-secuestro-picanas-en-la-zona-del-campito","status":"publish","type":"post","link":"https:\/\/eldiariodesanpedro.com.ar\/sitio\/san-nicolas-policia-federal-secuestro-picanas-en-la-zona-del-campito\/","title":{"rendered":"SAN NICOL\u00c1S | Polic\u00eda federal secuestr\u00f3 picanas en la zona del campito"},"content":{"rendered":"<!-- VideographyWP Plugin Message: Automatic video embedding prevented by plugin options. -->\n\n<p>A ra\u00edz de los hechos de sangre ocurridos en las inmediaciones del Santuario donde se realiz\u00f3 la conmemoraci\u00f3n lit\u00fargica del Aniversario del acontecimiento Mariano, m\u00e1s precisamente en la Plaza 14 de Abril, que arroj\u00f3 como resultado un joven de 22 a\u00f1os herido con arma de fuego, y que se encuentra fuera de peligro y otro muchacho con herida de arma blanca, el que est\u00e1 luchando denodadamente por su vida en el Hospital San Felipe, ya que fue sometido a tres intervenciones quir\u00fargicas luego de que con un arma blanca le perforaran un pulm\u00f3n ri\u00f1\u00f3n e intestinos, personal policial intensific\u00f3 las tareas de control en la zona de la plaza donde se habr\u00eda estado adem\u00e1s vendiendo mercader\u00eda de contrabando.<\/p>\n\n\n\n<p><strong>Picanas<\/strong><br> Personal de la Delegaci\u00f3n San Nicol\u00e1s de la Polic\u00eda Federal Argentina y Personal de la Direcci\u00f3n Nacional de Aduanas San Nicol\u00e1s realizaron inspecciones en la feria radicada en la Plaza mencionada detectando diversos puntos de venta de art\u00edculos de \u201ccontrabando\u201d ingresados al pa\u00eds ilegalmente, m\u00e1s precisamente lugares donde se vend\u00edan linternas del tipo Led.<br> Las mismas, al ser observadas m\u00e1s meticulosamente, se logr\u00f3 determinar que pose\u00edan incorporados un mecanismo accionatorio mediante un circuito paralelo que permit\u00eda que las mismas fueran utilizadas como \u201cPicanas\u201d logrando la liberaci\u00f3n de un arco voltaico de 10.000 voltios, lo que al ser aplicados sobre la piel humana puede ocasionar da\u00f1os graves en la salud.<\/p>\n\n\n\n<p><strong>Secuestro<\/strong><br> Producto del procedimiento se logr\u00f3 determinar que la gavilla se hallaba integrada por un peruano de 26 a\u00f1os, un boliviano de 28 y una mujer tambi\u00e9n de nacionalidad boliviana de 31 a\u00f1os de edad, a los que se les secuestr\u00f3 los elementos de tortura antes descriptos.<br> Este se trata de armamento que no puede ser comercializado en la v\u00eda p\u00fablica y menos en una celebraci\u00f3n lit\u00fargica sin los permisos correspondientes y que fueron puestos fuera de circulaci\u00f3n gracias al r\u00e1pido accionar de los sabuesos de la Polic\u00eda Federal Argentina Delegaci\u00f3n San Nicol\u00e1s a cargo del Comisario Rub\u00e9n Rojas y personal de Aduanas a cargo del Dr. Bustos Oyarzum, Dr. Luis Rugura e Ingeniero Eduardo Salvetti.<br> Gracias al r\u00e1pido accionar de estos funcionarios se logr\u00f3 la incautaci\u00f3n de la mercader\u00eda ilegal impidiendo que cayera en manos de malhechores que pudieran utilizarlas con fines delictivos.<\/p>\n\n\n\n<p>Fuente: Diario El Norte<\/p>\n","protected":false},"excerpt":{"rendered":"<p>A ra\u00edz de los hechos de sangre ocurridos en las inmediaciones del Santuario donde se realiz\u00f3 la conmemoraci\u00f3n lit\u00fargica del Aniversario del acontecimiento Mariano, m\u00e1s precisamente en la Plaza 14 de Abril, que arroj\u00f3 como resultado un joven de 22 a\u00f1os herido con arma de fuego, y que se encuentra fuera de peligro y otro [&hellip;]<\/p>\n","protected":false},"author":4,"featured_media":60796,"comment_status":"open","ping_status":"closed","sticky":false,"template":"","format":"standard","meta":{"om_disable_all_campaigns":false,"_jetpack_memberships_contains_paid_content":false,"footnotes":""},"categories":[621],"tags":[],"class_list":["post-60795","post","type-post","status-publish","format-standard","has-post-thumbnail","hentry","category-regionales"],"aioseo_notices":[],"gutentor_comment":0,"jetpack_featured_media_url":"https:\/\/eldiariodesanpedro.com.ar\/sitio\/wp-content\/uploads\/2019\/09\/0-1-5.jpg","jetpack_shortlink":"https:\/\/wp.me\/p6RhLt-fOz","jetpack_sharing_enabled":true,"_links":{"self":[{"href":"https:\/\/eldiariodesanpedro.com.ar\/sitio\/wp-json\/wp\/v2\/posts\/60795","targetHints":{"allow":["GET"]}}],"collection":[{"href":"https:\/\/eldiariodesanpedro.com.ar\/sitio\/wp-json\/wp\/v2\/posts"}],"about":[{"href":"https:\/\/eldiariodesanpedro.com.ar\/sitio\/wp-json\/wp\/v2\/types\/post"}],"author":[{"embeddable":true,"href":"https:\/\/eldiariodesanpedro.com.ar\/sitio\/wp-json\/wp\/v2\/users\/4"}],"replies":[{"embeddable":true,"href":"https:\/\/eldiariodesanpedro.com.ar\/sitio\/wp-json\/wp\/v2\/comments?post=60795"}],"version-history":[{"count":1,"href":"https:\/\/eldiariodesanpedro.com.ar\/sitio\/wp-json\/wp\/v2\/posts\/60795\/revisions"}],"predecessor-version":[{"id":60797,"href":"https:\/\/eldiariodesanpedro.com.ar\/sitio\/wp-json\/wp\/v2\/posts\/60795\/revisions\/60797"}],"wp:featuredmedia":[{"embeddable":true,"href":"https:\/\/eldiariodesanpedro.com.ar\/sitio\/wp-json\/wp\/v2\/media\/60796"}],"wp:attachment":[{"href":"https:\/\/eldiariodesanpedro.com.ar\/sitio\/wp-json\/wp\/v2\/media?parent=60795"}],"wp:term":[{"taxonomy":"category","embeddable":true,"href":"https:\/\/eldiariodesanpedro.com.ar\/sitio\/wp-json\/wp\/v2\/categories?post=60795"},{"taxonomy":"post_tag","embeddable":true,"href":"https:\/\/eldiariodesanpedro.com.ar\/sitio\/wp-json\/wp\/v2\/tags?post=60795"}],"curies":[{"name":"wp","href":"https:\/\/api.w.org\/{rel}","templated":true}]}}