{"id":60792,"date":"2019-09-26T10:54:30","date_gmt":"2019-09-26T13:54:30","guid":{"rendered":"https:\/\/eldiariodesanpedro.com.ar\/sitio\/?p=60792"},"modified":"2019-09-26T10:54:34","modified_gmt":"2019-09-26T13:54:34","slug":"san-nicolas-simulo-que-le-robaron-el-camion-y-lo-habria-vendido","status":"publish","type":"post","link":"https:\/\/eldiariodesanpedro.com.ar\/sitio\/san-nicolas-simulo-que-le-robaron-el-camion-y-lo-habria-vendido\/","title":{"rendered":"SAN NICOL\u00c1S | Simulo que le robaron el cami\u00f3n y lo habr\u00eda vendido"},"content":{"rendered":"<!-- VideographyWP Plugin Message: Automatic video embedding prevented by plugin options. -->\n\n<p>Un sujeto de 37 a\u00f1os de edad, chofer de la empresa Mauricio Acosta de la Pcia. de Tucum\u00e1n, denunci\u00f3 en sede policial que mientras conduc\u00eda un cami\u00f3n Ford 1722 con carga (paqueter\u00eda de mercader\u00eda general de la empresa \u201cLa Sevillanita\u201d), emprendiendo recorrido sobre Ruta Nacional 9 Buenos Aires \u2013 Rosario, a la altura del km 221, habr\u00eda sido interceptado por un autom\u00f3vil Ford Fiesta rojo, descendiendo de este tres sujetos, los cuales le dicen<\/p>\n\n\n\n<p>\u201cNo hagas nada, no toque nada, subite al auto que no te va a pasar nada\u201d, haci\u00e9ndoles caso, por lo que se baj\u00f3 del cami\u00f3n y se subi\u00f3 a dicho autom\u00f3vil. En la denuncia cont\u00f3 tambi\u00e9n que uno de estos malvivientes se subi\u00f3 al cami\u00f3n, el cual pose\u00eda la carga completa y en su interior su celular de la marca Motorola modelo 5 Plu.<\/p>\n\n\n\n<p> Luego de unos minutos lo dejaron sobre Ruta 9 a la altura de Los Cardales, y se dieron a la fuga. Seguidamente encontr\u00f3 una dependencia policial, donde dio conocimiento de lo sucedido, inici\u00e1ndose en primeras instancias actuaciones por \u201cRobo calificado de mercader\u00eda en tr\u00e1nsito\u201d con intervenci\u00f3n de la UFI Nro. 1 Dra. Marcantonio del Dpto. Judicial San Nicol\u00e1s.<\/p>\n\n\n\n<p><strong>Todo falso<\/strong><br> Luego efectivos de la DDI tomaron conocimiento por parte de Destacamento de Gral. Rojo, que personal policial procedi\u00f3 al hallazgo del cami\u00f3n sustra\u00eddo, el cual se encontraba cargado de libros de editorial y varios decodificadores. Posteriormente se dio inicio al protocolo estipulado de acuerdo a los hechos delictivos de esta modalidad de \u201cPirater\u00eda del asfalto\u201d, comision\u00e1ndose un grupo operativo al lugar de los hechos, junto con la v\u00edctima, quien al volver a relatar lo sucedido comenz\u00f3 a contradecirse, poni\u00e9ndose nervioso.<\/p>\n\n\n\n<p> Por tal motivo personal policial al notar esta situaci\u00f3n comenz\u00f3 a indagar aun m\u00e1s y es cuando descubren que lo denunciado era mentira y que el denunciante hab\u00eda vendido la carga.<\/p>\n\n\n\n<p> Interiorizada la Dra. Marcantonio de los pormenores acontecidos, dispuso que se proceda a la aprehensi\u00f3n del denunciante, notificaci\u00f3n del contenido del Art\u00edculo 60 del C.P.P por el delito de \u201cHurto agravado de mercader\u00eda en tr\u00e1nsito\u201d.<\/p>\n\n\n\n<p>Fuente: Diario El Norte<\/p>\n","protected":false},"excerpt":{"rendered":"<p>Un sujeto de 37 a\u00f1os de edad, chofer de la empresa Mauricio Acosta de la Pcia. de Tucum\u00e1n, denunci\u00f3 en sede policial que mientras conduc\u00eda un cami\u00f3n Ford 1722 con carga (paqueter\u00eda de mercader\u00eda general de la empresa \u201cLa Sevillanita\u201d), emprendiendo recorrido sobre Ruta Nacional 9 Buenos Aires \u2013 Rosario, a la altura del km [&hellip;]<\/p>\n","protected":false},"author":4,"featured_media":60793,"comment_status":"open","ping_status":"closed","sticky":false,"template":"","format":"standard","meta":{"om_disable_all_campaigns":false,"_jetpack_memberships_contains_paid_content":false,"footnotes":""},"categories":[621],"tags":[],"class_list":["post-60792","post","type-post","status-publish","format-standard","has-post-thumbnail","hentry","category-regionales"],"aioseo_notices":[],"gutentor_comment":0,"jetpack_featured_media_url":"https:\/\/eldiariodesanpedro.com.ar\/sitio\/wp-content\/uploads\/2019\/09\/0-10.jpg","jetpack_shortlink":"https:\/\/wp.me\/p6RhLt-fOw","jetpack_sharing_enabled":true,"_links":{"self":[{"href":"https:\/\/eldiariodesanpedro.com.ar\/sitio\/wp-json\/wp\/v2\/posts\/60792","targetHints":{"allow":["GET"]}}],"collection":[{"href":"https:\/\/eldiariodesanpedro.com.ar\/sitio\/wp-json\/wp\/v2\/posts"}],"about":[{"href":"https:\/\/eldiariodesanpedro.com.ar\/sitio\/wp-json\/wp\/v2\/types\/post"}],"author":[{"embeddable":true,"href":"https:\/\/eldiariodesanpedro.com.ar\/sitio\/wp-json\/wp\/v2\/users\/4"}],"replies":[{"embeddable":true,"href":"https:\/\/eldiariodesanpedro.com.ar\/sitio\/wp-json\/wp\/v2\/comments?post=60792"}],"version-history":[{"count":1,"href":"https:\/\/eldiariodesanpedro.com.ar\/sitio\/wp-json\/wp\/v2\/posts\/60792\/revisions"}],"predecessor-version":[{"id":60794,"href":"https:\/\/eldiariodesanpedro.com.ar\/sitio\/wp-json\/wp\/v2\/posts\/60792\/revisions\/60794"}],"wp:featuredmedia":[{"embeddable":true,"href":"https:\/\/eldiariodesanpedro.com.ar\/sitio\/wp-json\/wp\/v2\/media\/60793"}],"wp:attachment":[{"href":"https:\/\/eldiariodesanpedro.com.ar\/sitio\/wp-json\/wp\/v2\/media?parent=60792"}],"wp:term":[{"taxonomy":"category","embeddable":true,"href":"https:\/\/eldiariodesanpedro.com.ar\/sitio\/wp-json\/wp\/v2\/categories?post=60792"},{"taxonomy":"post_tag","embeddable":true,"href":"https:\/\/eldiariodesanpedro.com.ar\/sitio\/wp-json\/wp\/v2\/tags?post=60792"}],"curies":[{"name":"wp","href":"https:\/\/api.w.org\/{rel}","templated":true}]}}