{"id":60787,"date":"2019-09-26T10:47:19","date_gmt":"2019-09-26T13:47:19","guid":{"rendered":"https:\/\/eldiariodesanpedro.com.ar\/sitio\/?p=60787"},"modified":"2019-09-26T10:47:25","modified_gmt":"2019-09-26T13:47:25","slug":"san-nicolas-una-multitud-de-peregrinos-manifesto-su-fe-a-la-virgen-del-rosario","status":"publish","type":"post","link":"https:\/\/eldiariodesanpedro.com.ar\/sitio\/san-nicolas-una-multitud-de-peregrinos-manifesto-su-fe-a-la-virgen-del-rosario\/","title":{"rendered":"SAN NICOL\u00c1S | Una multitud de peregrinos manifest\u00f3 su fe a la Virgen del Rosario"},"content":{"rendered":"<!-- VideographyWP Plugin Message: Automatic video embedding prevented by plugin options. -->\n\n<p>\n\nMiles de fieles volvieron a expresarle su devoci\u00f3n y su fe a la Virgen del Rosario de San Nicol\u00e1s colmando el Campito en el 36\u00ba aniversario del acontecimiento mariano celebrado este 25 de septiembre.<\/p>\n\n\n\n<p>A las 15 hs., una multitud de peregrinos particip\u00f3 de la procesi\u00f3n y de la misa central presidida por el obispo de San Nicol\u00e1s, Hugo Santiago, quien afirm\u00f3: \u201cla esperanza es el motor de la vida; es importante tener un verdadero objetivo en la vida y la esperanza cristiana se proyecta hacia m\u00e1s all\u00e1 de esta vida\u201d.<\/p>\n\n\n\n<p>Los fieles tambi\u00e9n expresaron su emoci\u00f3n por haber viajado a San Nicol\u00e1s a dar su agradecimiento a la Virgen.<\/p>\n\n\n\n<p>\u201cHace 6 a\u00f1os que venimos a la Virgen y le pedimos por nuestra salud y la de nuestros familiares porque tenemos un pariente muy enfermo\u201d, coment\u00f3 Enrique, oriundo de Laferrere.<\/p>\n\n\n\n<p>Carina, de Grand Bourg, sostuvo que \u201cvengo hace 10 a\u00f1os, vengo a agradecer por mi familia, soy devota ferviente de la Virgen de San Nicol\u00e1s\u201d.<\/p>\n\n\n\n<p>Beatriz, de San Juan, se\u00f1al\u00f3 que \u201csoy muy devota de la Virgen, estoy muy contenta, muy feliz, muy emocionada, cuando sali\u00f3 la Virgen sent\u00ed una emoci\u00f3n que no se puede expresar\u201d.<\/p>\n\n\n\n<p>Por su parte Esteban Gerard, director de Turismo de la Municipalidad de San Nicol\u00e1s, indic\u00f3 que \u201ces muy emocionante ver como se acerca gente desde todos los puntos del pa\u00eds movilizada por la fe. Desde Turismo hemos puesto dos puntos de informaci\u00f3n, uno en Viale y Sarmiento y otro en costanera alta, que son de promoci\u00f3n de la ciudad, donde hemos tenido contacto con gente de Chaco, Salta, Mendoza, del sur, provincia de Buenos Aires, Rosario, de todo el pa\u00eds. La capacidad hotelera se colm\u00f3\u201d.<\/p>\n\n\n\n<p>Seg\u00fan se inform\u00f3 desde el \u00e1rea de Tr\u00e1nsito de la Municipalidad de San Nicol\u00e1s en la noche del martes se contabilizaron 150 colectivos estacionados en cercan\u00edas del Campito y durante la ma\u00f1ana del mi\u00e9rcoles continuaban arribando micros a la zona.<\/p>\n\n\n\n<p>La Municipalidad y las fuerzas de seguridad dispusieron un operativo especial para asistir a las personas con ambulancias del SAME, personal de la Secretar\u00eda de Salud y adem\u00e1s se realiz\u00f3 un operativo de control vehicular y de personas con inspectores de tr\u00e1nsito y polic\u00edas.<\/p>\n\n\n\n<p>El operativo funcion\u00f3 correctamente ya que se dise\u00f1aron recorridos para que los colectivos pudieran ubicarse en los alrededores del Campito y permitir la llegada de los pasajeros al Santuario y no entorpecer el tr\u00e1nsito de la ciudad. <\/p>\n\n\n\n<p>Fuente: Diario El Informante<\/p>\n\n\n\n<figure class=\"wp-block-image\"><img decoding=\"async\" width=\"700\" height=\"394\" data-attachment-id=\"60788\" data-permalink=\"https:\/\/eldiariodesanpedro.com.ar\/sitio\/san-nicolas-una-multitud-de-peregrinos-manifesto-su-fe-a-la-virgen-del-rosario\/no_mf6hhlhlpmqrv4nupraveny_img_20190925_221655\/\" data-orig-file=\"https:\/\/eldiariodesanpedro.com.ar\/sitio\/wp-content\/uploads\/2019\/09\/no_mf6hhlhlpmqrv4nupraveny_IMG_20190925_221655.jpg\" data-orig-size=\"700,394\" data-comments-opened=\"1\" data-image-meta=\"{&quot;aperture&quot;:&quot;0&quot;,&quot;credit&quot;:&quot;&quot;,&quot;camera&quot;:&quot;&quot;,&quot;caption&quot;:&quot;&quot;,&quot;created_timestamp&quot;:&quot;0&quot;,&quot;copyright&quot;:&quot;&quot;,&quot;focal_length&quot;:&quot;0&quot;,&quot;iso&quot;:&quot;0&quot;,&quot;shutter_speed&quot;:&quot;0&quot;,&quot;title&quot;:&quot;&quot;,&quot;orientation&quot;:&quot;0&quot;}\" data-image-title=\"no_mf6hhlhlpmqrv4nupraveny_IMG_20190925_221655\" data-image-description=\"\" data-image-caption=\"\" data-large-file=\"https:\/\/eldiariodesanpedro.com.ar\/sitio\/wp-content\/uploads\/2019\/09\/no_mf6hhlhlpmqrv4nupraveny_IMG_20190925_221655.jpg\" data-src=\"https:\/\/eldiariodesanpedro.com.ar\/sitio\/wp-content\/uploads\/2019\/09\/no_mf6hhlhlpmqrv4nupraveny_IMG_20190925_221655.jpg\" alt=\"\" class=\"wp-image-60788 lazyload\" data-srcset=\"https:\/\/eldiariodesanpedro.com.ar\/sitio\/wp-content\/uploads\/2019\/09\/no_mf6hhlhlpmqrv4nupraveny_IMG_20190925_221655.jpg 700w, https:\/\/eldiariodesanpedro.com.ar\/sitio\/wp-content\/uploads\/2019\/09\/no_mf6hhlhlpmqrv4nupraveny_IMG_20190925_221655-300x169.jpg 300w\" data-sizes=\"(max-width: 700px) 100vw, 700px\" src=\"data:image\/svg+xml;base64,PHN2ZyB3aWR0aD0iMSIgaGVpZ2h0PSIxIiB4bWxucz0iaHR0cDovL3d3dy53My5vcmcvMjAwMC9zdmciPjwvc3ZnPg==\" style=\"--smush-placeholder-width: 700px; --smush-placeholder-aspect-ratio: 700\/394;\" \/><\/figure>\n\n\n\n<figure class=\"wp-block-embed-facebook wp-block-embed is-type-video is-provider-facebook\"><div class=\"wp-block-embed__wrapper\">\n<div class=\"fb-video\" data-allowfullscreen=\"true\" data-href=\"https:\/\/www.facebook.com\/ElInformanteSN\/videos\/510423136388748\/\" style=\"background-color: #fff; display: inline-block;\"><\/div>\n<\/div><\/figure>\n","protected":false},"excerpt":{"rendered":"<p>Miles de fieles volvieron a expresarle su devoci\u00f3n y su fe a la Virgen del Rosario de San Nicol\u00e1s colmando el Campito en el 36\u00ba aniversario del acontecimiento mariano celebrado este 25 de septiembre. A las 15 hs., una multitud de peregrinos particip\u00f3 de la procesi\u00f3n y de la misa central presidida por el obispo [&hellip;]<\/p>\n","protected":false},"author":4,"featured_media":60789,"comment_status":"open","ping_status":"closed","sticky":false,"template":"","format":"standard","meta":{"om_disable_all_campaigns":false,"_jetpack_memberships_contains_paid_content":false,"footnotes":""},"categories":[621],"tags":[],"class_list":["post-60787","post","type-post","status-publish","format-standard","has-post-thumbnail","hentry","category-regionales"],"aioseo_notices":[],"gutentor_comment":0,"jetpack_featured_media_url":"https:\/\/eldiariodesanpedro.com.ar\/sitio\/wp-content\/uploads\/2019\/09\/no_vz9ky69t6w240trupraveny_IMG_20190925_WA0081.jpg","jetpack_shortlink":"https:\/\/wp.me\/p6RhLt-fOr","jetpack_sharing_enabled":true,"_links":{"self":[{"href":"https:\/\/eldiariodesanpedro.com.ar\/sitio\/wp-json\/wp\/v2\/posts\/60787","targetHints":{"allow":["GET"]}}],"collection":[{"href":"https:\/\/eldiariodesanpedro.com.ar\/sitio\/wp-json\/wp\/v2\/posts"}],"about":[{"href":"https:\/\/eldiariodesanpedro.com.ar\/sitio\/wp-json\/wp\/v2\/types\/post"}],"author":[{"embeddable":true,"href":"https:\/\/eldiariodesanpedro.com.ar\/sitio\/wp-json\/wp\/v2\/users\/4"}],"replies":[{"embeddable":true,"href":"https:\/\/eldiariodesanpedro.com.ar\/sitio\/wp-json\/wp\/v2\/comments?post=60787"}],"version-history":[{"count":1,"href":"https:\/\/eldiariodesanpedro.com.ar\/sitio\/wp-json\/wp\/v2\/posts\/60787\/revisions"}],"predecessor-version":[{"id":60790,"href":"https:\/\/eldiariodesanpedro.com.ar\/sitio\/wp-json\/wp\/v2\/posts\/60787\/revisions\/60790"}],"wp:featuredmedia":[{"embeddable":true,"href":"https:\/\/eldiariodesanpedro.com.ar\/sitio\/wp-json\/wp\/v2\/media\/60789"}],"wp:attachment":[{"href":"https:\/\/eldiariodesanpedro.com.ar\/sitio\/wp-json\/wp\/v2\/media?parent=60787"}],"wp:term":[{"taxonomy":"category","embeddable":true,"href":"https:\/\/eldiariodesanpedro.com.ar\/sitio\/wp-json\/wp\/v2\/categories?post=60787"},{"taxonomy":"post_tag","embeddable":true,"href":"https:\/\/eldiariodesanpedro.com.ar\/sitio\/wp-json\/wp\/v2\/tags?post=60787"}],"curies":[{"name":"wp","href":"https:\/\/api.w.org\/{rel}","templated":true}]}}